{"id":253596,"date":"2025-07-17T09:47:22","date_gmt":"2025-07-17T09:47:22","guid":{"rendered":"https:\/\/www.europesays.com\/fr\/253596\/"},"modified":"2025-07-17T09:47:22","modified_gmt":"2025-07-17T09:47:22","slug":"ol-depart-historique-et-nouveau-coup-de-tonnerre-a-lyon","status":"publish","type":"post","link":"https:\/\/www.europesays.com\/fr\/253596\/","title":{"rendered":"OL\u00a0: d\u00e9part historique et nouveau coup de tonnerre \u00e0 Lyon\u00a0!\u00a0"},"content":{"rendered":"<p><strong>D\u00e9j\u00e0 secou\u00e9 par ses soucis administratifs et sauv\u00e9 de peu d\u2019une rel\u00e9gation qui lui tendait les bras en Ligue 2, l\u2019Olympique Lyonnais a bris\u00e9 un partenariat historique.\u00a0<\/strong><\/p>\n<p>L\u2019<a href=\"https:\/\/www.butfootballclub.fr\/ol-mercato-un-transfert-a-22-me-officialise\/\" rel=\"nofollow noopener\" target=\"_blank\">Olympique Lyonnais<\/a> vit un \u00e9t\u00e9 \u00e0 plusieurs vitesses. Plus d\u2019une semaine apr\u00e8s avoir officiellement obtenu son maintien en Ligue 1 \u00e0 la suite d\u2019un nouveau passage devant la DNCG, le club rhodanien encha\u00eene les chantiers strat\u00e9giques en coulisses. Parmi les dossiers majeurs : le renouvellement du contrat de naming avec Groupama, en bonne voie gr\u00e2ce \u00e0 l\u2019impulsion de Michele Kang, nouvelle figure forte de l\u2019organigramme lyonnais.<\/p>\n<p>Dans le m\u00eame temps, l\u2019<a href=\"https:\/\/www.butfootballclub.fr\/ol-mercato-textor-provoque-une-enorme-polemique-autour-du-transfert-de-thiago-almada\/\" rel=\"nofollow noopener\" target=\"_blank\">OL<\/a> a act\u00e9 la fin d\u2019un partenariat historique : celui avec l\u2019AS Dakar Sacr\u00e9-C\u0153ur. Collaborant depuis 2015 avec le club s\u00e9n\u00e9galais, l\u2019Olympique Lyonnais avait nou\u00e9 un lien fort autour d\u2019un objectif clair : p\u00e9renniser un mod\u00e8le de formation local inspir\u00e9 de la m\u00e9thode OL, r\u00e9put\u00e9e pour son exigence, sa rigueur et sa capacit\u00e9 \u00e0 faire \u00e9clore les jeunes talents.<\/p>\n<p>L\u2019OL tourne la page Dakar Sacr\u00e9 C\u0153ur<\/p>\n<p>Hier, l\u2019<a href=\"https:\/\/www.butfootballclub.fr\/ol-de-nouveaux-problemes-a-venir-pour-textor-et-eagle\/\" rel=\"nofollow noopener\" target=\"_blank\">OL<\/a> a officialis\u00e9 la fin de cette aventure commune dans un communiqu\u00e9 empreint de respect : \u00ab L\u2019OL et le Dakar Sacr\u00e9 C\u0153ur annoncent la fin de leur partenariat, apr\u00e8s dix ann\u00e9es d\u2019\u00e9changes fructueux plac\u00e9s sous le signe de la formation, de l\u2019excellence et des valeurs humaines. L\u2019OL souhaite \u00e0 l\u2019AS Dakar Sacr\u00e9-C\u0153ur le meilleur pour la suite de son d\u00e9veloppement. \u00bb<\/p>\n<p>Un message qui met un point final \u00e0 une d\u00e9cennie de collaboration, marqu\u00e9e par des \u00e9changes r\u00e9guliers de comp\u00e9tences, des stages communs, et une vision partag\u00e9e du d\u00e9veloppement du football africain. Pour Lyon, c\u2019est la fin d\u2019une page importante de sa strat\u00e9gie internationale, alors que le club r\u00e9fl\u00e9chit \u00e0 une red\u00e9finition de ses priorit\u00e9s \u00e0 l\u2019\u00e9chelle mondiale. C\u00f4t\u00e9 s\u00e9n\u00e9galais, l\u2019AS Dakar Sacr\u00e9-C\u0153ur poursuivra son d\u00e9veloppement avec son propre r\u00e9seau, fort de l\u2019exp\u00e9rience accumul\u00e9e au contact de l\u2019un des clubs formateurs les plus reconnus en Europe.<\/p>\n","protected":false},"excerpt":{"rendered":"D\u00e9j\u00e0 secou\u00e9 par ses soucis administratifs et sauv\u00e9 de peu d\u2019une rel\u00e9gation qui lui tendait les bras en&hellip;\n","protected":false},"author":2,"featured_media":253597,"comment_status":"","ping_status":"","sticky":false,"template":"","format":"standard","meta":{"footnotes":""},"categories":[1889],"tags":[1111,11,2430,448,1777,674,63,1011,27,66,2428,3388,12,25,10662],"class_list":{"0":"post-253596","1":"post","2":"type-post","3":"status-publish","4":"format-standard","5":"has-post-thumbnail","7":"category-lyon","8":"tag-actu","9":"tag-actualites","10":"tag-auvergne-rhone-alpes","11":"tag-champions-league","12":"tag-eu","13":"tag-europe","14":"tag-football","15":"tag-fr","16":"tag-france","17":"tag-ligue-1","18":"tag-lyon","19":"tag-matchs","20":"tag-news","21":"tag-republique-francaise","22":"tag-transferts"},"share_on_mastodon":{"url":"https:\/\/pubeurope.com\/@fr\/114867945211838290","error":""},"_links":{"self":[{"href":"https:\/\/www.europesays.com\/fr\/wp-json\/wp\/v2\/posts\/253596","targetHints":{"allow":["GET"]}}],"collection":[{"href":"https:\/\/www.europesays.com\/fr\/wp-json\/wp\/v2\/posts"}],"about":[{"href":"https:\/\/www.europesays.com\/fr\/wp-json\/wp\/v2\/types\/post"}],"author":[{"embeddable":true,"href":"https:\/\/www.europesays.com\/fr\/wp-json\/wp\/v2\/users\/2"}],"replies":[{"embeddable":true,"href":"https:\/\/www.europesays.com\/fr\/wp-json\/wp\/v2\/comments?post=253596"}],"version-history":[{"count":0,"href":"https:\/\/www.europesays.com\/fr\/wp-json\/wp\/v2\/posts\/253596\/revisions"}],"wp:featuredmedia":[{"embeddable":true,"href":"https:\/\/www.europesays.com\/fr\/wp-json\/wp\/v2\/media\/253597"}],"wp:attachment":[{"href":"https:\/\/www.europesays.com\/fr\/wp-json\/wp\/v2\/media?parent=253596"}],"wp:term":[{"taxonomy":"category","embeddable":true,"href":"https:\/\/www.europesays.com\/fr\/wp-json\/wp\/v2\/categories?post=253596"},{"taxonomy":"post_tag","embeddable":true,"href":"https:\/\/www.europesays.com\/fr\/wp-json\/wp\/v2\/tags?post=253596"}],"curies":[{"name":"wp","href":"https:\/\/api.w.org\/{rel}","templated":true}]}}