{"id":253608,"date":"2025-07-17T09:53:10","date_gmt":"2025-07-17T09:53:10","guid":{"rendered":"https:\/\/www.europesays.com\/fr\/253608\/"},"modified":"2025-07-17T09:53:10","modified_gmt":"2025-07-17T09:53:10","slug":"que-chacun-garde-la-tete-froide-la-droite-cherche-la-formule-magique-avant-les-municipales-a-paris","status":"publish","type":"post","link":"https:\/\/www.europesays.com\/fr\/253608\/","title":{"rendered":"\u00ab Que chacun garde la t\u00eate froide \u00bb : la droite cherche la formule magique avant les municipales \u00e0 Paris"},"content":{"rendered":"<p class=\"paragraph text_align_left lp-f-body-02\">Un coup de gueule en r\u00e9ponse \u00e0 un autre coup de gueule. Cheffe de file des R\u00e9publicains \u00e0 <a href=\"https:\/\/www.leparisien.fr\/paris-75\/\" target=\"_blank\" rel=\"noreferrer nofollow noopener\">Paris<\/a>, la s\u00e9natrice <a href=\"https:\/\/www.leparisien.fr\/paris-75\/agnes-evren-veut-rester-la-patronne-de-la-droite-a-paris-04-04-2021-8430621.php\" target=\"_blank\" rel=\"noreferrer nofollow noopener\">Agn\u00e8s Evren<\/a> n\u2019a que tr\u00e8s peu go\u00fbt\u00e9 la derni\u00e8re sortie de son coll\u00e8gue, le maire (LR) du XVIIe arrondissement, Geoffroy Boulard. Dans les colonnes du Parisien, l\u2019\u00e9lu appelait la droite parisienne <a href=\"https:\/\/www.leparisien.fr\/elections\/municipales\/municipales-a-paris-face-a-une-droite-en-pleine-lethargie-geoffroy-boulard-veut-une-primaire-interne-09-07-2025-6GNAUHDDFRH6RLDZKEIOVTIWKQ.php\" target=\"_blank\" rel=\"noreferrer nofollow noopener\">\u00e0 \u00ab sortir de la l\u00e9thargie \u00bb<\/a> et sugg\u00e9rait la mise en place d\u2019une primaire interne en vue des <a href=\"https:\/\/www.leparisien.fr\/elections\/municipales\/municipales-paris\/\" target=\"_blank\" rel=\"noreferrer nofollow noopener\">\u00e9lections municipales de 2026<\/a>.<\/p>\n<p class=\"paragraph text_align_left lp-f-body-02\">Une semaine plus tard, celle qui se targue d\u2019\u00eatre \u00e0 la t\u00eate d\u2019une f\u00e9d\u00e9ration de 11 000 adh\u00e9rents estime que le parti est \u00ab en ordre de bataille pour les prochaines \u00e9lections \u00bb. \u00ab Que chacun garde la t\u00eate froide \u00bb, avertit encore Agn\u00e8s Evren alors qu\u2019une guerre des droites se profile d\u00e9j\u00e0, dans la 2e circonscription de Paris, pour une <a href=\"https:\/\/www.leparisien.fr\/elections\/legislatives\/rachida-dati-face-a-michel-barnier-aux-legislatives-a-paris-cest-illisible-pour-les-electeurs-16-07-2025-27GHOS354BGI7AZXQXAT3BAQKI.php\" target=\"_blank\" rel=\"noreferrer nofollow noopener\">\u00e9lection l\u00e9gislative partielle, entre Rachida Dati<\/a> et l\u2019ex-Premier ministre Michel Barnier.<\/p>\n","protected":false},"excerpt":{"rendered":"Un coup de gueule en r\u00e9ponse \u00e0 un autre coup de gueule. Cheffe de file des R\u00e9publicains \u00e0&hellip;\n","protected":false},"author":2,"featured_media":253609,"comment_status":"","ping_status":"","sticky":false,"template":"","format":"standard","meta":{"footnotes":""},"categories":[1888],"tags":[11,5949,1777,674,1011,27,3554,12,626,316,25],"class_list":{"0":"post-253608","1":"post","2":"type-post","3":"status-publish","4":"format-standard","5":"has-post-thumbnail","7":"category-paris","8":"tag-actualites","9":"tag-elections","10":"tag-eu","11":"tag-europe","12":"tag-fr","13":"tag-france","14":"tag-municipales","15":"tag-news","16":"tag-paris","17":"tag-politique","18":"tag-republique-francaise"},"share_on_mastodon":{"url":"https:\/\/pubeurope.com\/@fr\/114867968691064216","error":""},"_links":{"self":[{"href":"https:\/\/www.europesays.com\/fr\/wp-json\/wp\/v2\/posts\/253608","targetHints":{"allow":["GET"]}}],"collection":[{"href":"https:\/\/www.europesays.com\/fr\/wp-json\/wp\/v2\/posts"}],"about":[{"href":"https:\/\/www.europesays.com\/fr\/wp-json\/wp\/v2\/types\/post"}],"author":[{"embeddable":true,"href":"https:\/\/www.europesays.com\/fr\/wp-json\/wp\/v2\/users\/2"}],"replies":[{"embeddable":true,"href":"https:\/\/www.europesays.com\/fr\/wp-json\/wp\/v2\/comments?post=253608"}],"version-history":[{"count":0,"href":"https:\/\/www.europesays.com\/fr\/wp-json\/wp\/v2\/posts\/253608\/revisions"}],"wp:featuredmedia":[{"embeddable":true,"href":"https:\/\/www.europesays.com\/fr\/wp-json\/wp\/v2\/media\/253609"}],"wp:attachment":[{"href":"https:\/\/www.europesays.com\/fr\/wp-json\/wp\/v2\/media?parent=253608"}],"wp:term":[{"taxonomy":"category","embeddable":true,"href":"https:\/\/www.europesays.com\/fr\/wp-json\/wp\/v2\/categories?post=253608"},{"taxonomy":"post_tag","embeddable":true,"href":"https:\/\/www.europesays.com\/fr\/wp-json\/wp\/v2\/tags?post=253608"}],"curies":[{"name":"wp","href":"https:\/\/api.w.org\/{rel}","templated":true}]}}