{"id":253610,"date":"2025-07-17T09:54:09","date_gmt":"2025-07-17T09:54:09","guid":{"rendered":"https:\/\/www.europesays.com\/fr\/253610\/"},"modified":"2025-07-17T09:54:09","modified_gmt":"2025-07-17T09:54:09","slug":"la-russie-condamne-les-bombardements-israeliens-en-syrie-menes-en-violation-du-droit-international","status":"publish","type":"post","link":"https:\/\/www.europesays.com\/fr\/253610\/","title":{"rendered":"La Russie condamne les bombardements isra\u00e9liens en Syrie, men\u00e9s en \u00ab\u00a0violation\u00a0\u00bb du droit international"},"content":{"rendered":"<p>La diplomatie russe a condamn\u00e9 ce jeudi 17 juillet les bombardements d&rsquo;Isra\u00ebl en Syrie, qu&rsquo;elle juge en \u00ab\u00a0violation flagrante\u00a0\u00bb du droit international et de la souverainet\u00e9 syrienne .<\/p>\n<p>La diplomatie russe a condamn\u00e9 ce jeudi 17 juillet les bombardements isra\u00e9liens en Syrie, officiellement men\u00e9s en soutien \u00e0 la <a href=\"https:\/\/www.bfmtv.com\/international\/moyen-orient\/syrie\/video-israel-frappe-la-syrie-qui-sont-les-druzes-qui-representent-3-de-la-population-syrienne_VN-202507170071.html\" title=\"Syrie: qui sont les Druzes, minorit\u00e9 d\u00e9fendue par Isra\u00ebl?\" class=\"internal_link\" rel=\"nofollow noopener\" target=\"_blank\">communaut\u00e9 druze<\/a> dans le sud du pays, estimant que ceux-ci constituaient une \u00ab\u00a0violation flagrante\u00a0\u00bb de la souverainet\u00e9 syrienne et du droit international.<\/p>\n<p>\u00ab\u00a0Ces attaques, qui constituent une violation flagrante de la souverainet\u00e9 du pays et des normes du droit international, m\u00e9ritent d&rsquo;\u00eatre fermement condamn\u00e9es\u00a0\u00bb, a comment\u00e9 le minist\u00e8re russe des Affaires \u00e9trang\u00e8res dans un communiqu\u00e9.<\/p>\n<p><strong>&gt;&gt; Plus d&rsquo;informations \u00e0 venir sur BFMTV.com&#8230;<\/strong><\/p>\n","protected":false},"excerpt":{"rendered":"La diplomatie russe a condamn\u00e9 ce jeudi 17 juillet les bombardements d&rsquo;Isra\u00ebl en Syrie, qu&rsquo;elle juge en \u00ab\u00a0violation&hellip;\n","protected":false},"author":2,"featured_media":253611,"comment_status":"","ping_status":"","sticky":false,"template":"","format":"standard","meta":{"footnotes":""},"categories":[1591],"tags":[11,1887,12,1885,1886,132],"class_list":{"0":"post-253610","1":"post","2":"type-post","3":"status-publish","4":"format-standard","5":"has-post-thumbnail","7":"category-russie","8":"tag-actualites","9":"tag-federation-de-russie","10":"tag-news","11":"tag-russia","12":"tag-russian-federation","13":"tag-russie"},"share_on_mastodon":{"url":"https:\/\/pubeurope.com\/@fr\/114867972691582921","error":""},"_links":{"self":[{"href":"https:\/\/www.europesays.com\/fr\/wp-json\/wp\/v2\/posts\/253610","targetHints":{"allow":["GET"]}}],"collection":[{"href":"https:\/\/www.europesays.com\/fr\/wp-json\/wp\/v2\/posts"}],"about":[{"href":"https:\/\/www.europesays.com\/fr\/wp-json\/wp\/v2\/types\/post"}],"author":[{"embeddable":true,"href":"https:\/\/www.europesays.com\/fr\/wp-json\/wp\/v2\/users\/2"}],"replies":[{"embeddable":true,"href":"https:\/\/www.europesays.com\/fr\/wp-json\/wp\/v2\/comments?post=253610"}],"version-history":[{"count":0,"href":"https:\/\/www.europesays.com\/fr\/wp-json\/wp\/v2\/posts\/253610\/revisions"}],"wp:featuredmedia":[{"embeddable":true,"href":"https:\/\/www.europesays.com\/fr\/wp-json\/wp\/v2\/media\/253611"}],"wp:attachment":[{"href":"https:\/\/www.europesays.com\/fr\/wp-json\/wp\/v2\/media?parent=253610"}],"wp:term":[{"taxonomy":"category","embeddable":true,"href":"https:\/\/www.europesays.com\/fr\/wp-json\/wp\/v2\/categories?post=253610"},{"taxonomy":"post_tag","embeddable":true,"href":"https:\/\/www.europesays.com\/fr\/wp-json\/wp\/v2\/tags?post=253610"}],"curies":[{"name":"wp","href":"https:\/\/api.w.org\/{rel}","templated":true}]}}