{"id":253617,"date":"2025-07-17T09:58:09","date_gmt":"2025-07-17T09:58:09","guid":{"rendered":"https:\/\/www.europesays.com\/fr\/253617\/"},"modified":"2025-07-17T09:58:09","modified_gmt":"2025-07-17T09:58:09","slug":"tournee-vers-lexport-leconomie-allemande-se-prepare-aux-droits-de-douanes-de-trump-liberation","status":"publish","type":"post","link":"https:\/\/www.europesays.com\/fr\/253617\/","title":{"rendered":"Tourn\u00e9e vers l\u2019export, l\u2019\u00e9conomie allemande se pr\u00e9pare aux droits de douanes\u00a0de Trump \u2013 Lib\u00e9ration"},"content":{"rendered":"<p class=\"sc-ksZaOG ehjQrN text-element\">Un vent de panique en Allemagne ? On en est encore tr\u00e8s loin. Malgr\u00e9 <a href=\"https:\/\/www.liberation.fr\/international\/amerique\/vins-cosmetiques-voitures-des-pays-europeens-inegalement-menaces-par-les-nouvelles-surtaxes-annoncees-par-trump-20250713_H62LFKHUK5FOLFCHHHFIOZEM5I\/?redirected=1\" target=\"_blank\" rel=\"nofollow noopener\" title=\"https:\/\/www.liberation.fr\/international\/amerique\/vins-cosmetiques-voitures-des-pays-europeens-inegalement-menaces-par-les-nouvelles-surtaxes-annoncees-par-trump-20250713_H62LFKHUK5FOLFCHHHFIOZEM5I\/?redirected=1\">les menaces permanentes de Donald Trump<\/a> sur de nouvelles hausses des droits de douane, la premi\u00e8re \u00e9conomie exportatrice d\u2019Europe reste \u00e9tonnamment confiante. \u00abApr\u00e8s l\u2019annonce d\u2019une nouvelle politique commerciale de Donald Trump [Liberation Day], on s\u2019attendait \u00e0 une chute du moral des entrepreneurs. C\u2019est le contraire qui s\u2019est produit. Les indicateurs de satisfaction dans les milieux \u00e9conomiques se sont m\u00eame am\u00e9lior\u00e9s\u00bb, se f\u00e9licite la directrice du service des pr\u00e9visions conjoncturelles \u00e0 l\u2019Institut de recherche \u00e9conomique de Berlin (DIW), G\u00e9raldine Dany-Knedlik<\/p>\n<p class=\"sc-ksZaOG ehjQrN text-element\">A ce stade des n\u00e9gociations et en comptant sur les contre-mesures pr\u00e9vues par l\u2019Union europ\u00e9enne, le DIW table sur un retour de la croissance cette ann\u00e9e avec un produit int\u00e9rieur brut (PIB) en hausse de +0,3 % et de +1,8 % en 2026. \u00abOn ne peut donc pas parler d\u2019une situation de panique. Quelques entreprises sp\u00e9cialis\u00e9es devront fermer mais on ne s\u2019attend pas \u00e0 une vague de<\/p>\n","protected":false},"excerpt":{"rendered":"Un vent de panique en Allemagne ? On en est encore tr\u00e8s loin. Malgr\u00e9 les menaces permanentes de&hellip;\n","protected":false},"author":2,"featured_media":253618,"comment_status":"","ping_status":"","sticky":false,"template":"","format":"standard","meta":{"footnotes":""},"categories":[1587],"tags":[11,672,1804,1805,1803,75,1777,674,1801,1074,12,1802],"class_list":{"0":"post-253617","1":"post","2":"type-post","3":"status-publish","4":"format-standard","5":"has-post-thumbnail","7":"category-allemagne","8":"tag-actualites","9":"tag-allemagne","10":"tag-bundesrepublik-deutschland","11":"tag-de","12":"tag-deutschland","13":"tag-donald-trump","14":"tag-eu","15":"tag-europe","16":"tag-germany","17":"tag-guerre-commerciale","18":"tag-news","19":"tag-republique-federale-dallemagne"},"share_on_mastodon":{"url":"https:\/\/pubeurope.com\/@fr\/114867989185732540","error":""},"_links":{"self":[{"href":"https:\/\/www.europesays.com\/fr\/wp-json\/wp\/v2\/posts\/253617","targetHints":{"allow":["GET"]}}],"collection":[{"href":"https:\/\/www.europesays.com\/fr\/wp-json\/wp\/v2\/posts"}],"about":[{"href":"https:\/\/www.europesays.com\/fr\/wp-json\/wp\/v2\/types\/post"}],"author":[{"embeddable":true,"href":"https:\/\/www.europesays.com\/fr\/wp-json\/wp\/v2\/users\/2"}],"replies":[{"embeddable":true,"href":"https:\/\/www.europesays.com\/fr\/wp-json\/wp\/v2\/comments?post=253617"}],"version-history":[{"count":0,"href":"https:\/\/www.europesays.com\/fr\/wp-json\/wp\/v2\/posts\/253617\/revisions"}],"wp:featuredmedia":[{"embeddable":true,"href":"https:\/\/www.europesays.com\/fr\/wp-json\/wp\/v2\/media\/253618"}],"wp:attachment":[{"href":"https:\/\/www.europesays.com\/fr\/wp-json\/wp\/v2\/media?parent=253617"}],"wp:term":[{"taxonomy":"category","embeddable":true,"href":"https:\/\/www.europesays.com\/fr\/wp-json\/wp\/v2\/categories?post=253617"},{"taxonomy":"post_tag","embeddable":true,"href":"https:\/\/www.europesays.com\/fr\/wp-json\/wp\/v2\/tags?post=253617"}],"curies":[{"name":"wp","href":"https:\/\/api.w.org\/{rel}","templated":true}]}}