{"id":253623,"date":"2025-07-17T10:01:10","date_gmt":"2025-07-17T10:01:10","guid":{"rendered":"https:\/\/www.europesays.com\/fr\/253623\/"},"modified":"2025-07-17T10:01:10","modified_gmt":"2025-07-17T10:01:10","slug":"mbappe-fait-un-don-de-180300-euros-a-des-policiers-ligpn-ouvre-une-enquete","status":"publish","type":"post","link":"https:\/\/www.europesays.com\/fr\/253623\/","title":{"rendered":"Mbapp\u00e9 fait un don de 180300 euros \u00e0 des policiers, l&rsquo;IGPN ouvre une enqu\u00eate"},"content":{"rendered":"<p><a href=\"https:\/\/www.laprovence.com\/article\/sports\/1334346214870115\/football-kylian-mbappe-accuse-le-psg-de-harcelement-moral-deux-juges-dinstruction-saisis\" target=\"_blank\" rel=\"nofollow noopener\">Kylian Mbapp\u00e9<\/a> a-t-il \u00e9t\u00e9 trop g\u00e9n\u00e9reux ? Dans son \u00e9dition de ce mercredi 16 juillet, le <a href=\"https:\/\/www.lecanardenchaine.fr\/police-justice\/51367-kylian-mbappe-se-paie-des-flics-ligpn-siffle-penalty\" target=\"_blank\" rel=\"nofollow noopener\">Canard Encha\u00een\u00e9<\/a> r\u00e9v\u00e8le que l&rsquo;IGPN a ouvert une enqu\u00eate visant 5 CRS en charge de la s\u00e9curit\u00e9 des joueurs de l&rsquo;\u00e9quipe de France au sujet d&rsquo;un don du capitaine des Bleus d&rsquo;une valeur de 180 300 euros.<\/p>\n<p>Tout est parti d&rsquo;une alerte \u00e9mise par Tracfin (service de renseignement fran\u00e7ais en charge de la lutte contre le blanchiment d&rsquo;argent, le financement du terrorisme et de la fraude fiscale) en juillet 2024. Dans cette \u00ab\u00a0note d&rsquo;information\u00a0\u00bb, le service indique des \u00ab\u00a0op\u00e9rations financi\u00e8res atypiques sur les comptes bancaires\u00a0\u00bb de 5 CRS d\u00e9tach\u00e9s \u00e0 la protection des joueurs de l&rsquo;\u00e9quipe de France de football. Comme l&rsquo;indique le <a href=\"https:\/\/www.lecanardenchaine.fr\/police-justice\/51367-kylian-mbappe-se-paie-des-flics-ligpn-siffle-penalty\" target=\"_blank\" rel=\"nofollow noopener\">Canard Encha\u00een\u00e9<\/a>, quatre agents auraient re\u00e7u chacun un ch\u00e8que de 30 000 euros et leur commandant 60 300 euros, \u00e9mis depuis un compte bancaire appartenant \u00e0&#8230; Kylian Mbapp\u00e9.\u00a0<\/p>\n<p>Un don post-Mondial 2022<\/p>\n<p>Comme le rappelle le <a href=\"https:\/\/www.lecanardenchaine.fr\/police-justice\/51367-kylian-mbappe-se-paie-des-flics-ligpn-siffle-penalty\" target=\"_blank\" rel=\"nofollow noopener\">Canard Encha\u00een\u00e9<\/a>, le num\u00e9ro 10 des Bleus avait annonc\u00e9 sa volont\u00e9 de partager sa prime du Mondial 2022 avec son association \u00ab\u00a0Premiers de Cord\u00e9e\u00a0\u00bb et les membres de la s\u00e9curit\u00e9 des Bleus qui, contrairement \u00e0 l&rsquo;ensemble du staff, n&rsquo;avaient eux pas re\u00e7u de prime pour la coupe du monde r\u00e9v\u00e8lent les proches de l&rsquo;attaquant du Real Madrid aupr\u00e8s de <a href=\"https:\/\/www.lequipe.fr\/Football\/Actualites\/L-igpn-ouvre-une-enquete-apres-un-don-de-kylian-mbappe-a-des-policiers\/1578670\" target=\"_blank\" rel=\"nofollow noopener\">L&rsquo;Equipe<\/a>.<\/p>\n<p>La \u00ab\u00a0police des polices\u00a0\u00bb a ouvert rapidement une enqu\u00eate et s&rsquo;est pench\u00e9 notamment sur le profil du patron de cette escouade. Il s&rsquo;agit d&rsquo;un CRS chevronn\u00e9, ancien militaire et reconnu comme un agent \u00ab\u00a0irr\u00e9prochable\u00a0\u00bb par sa hi\u00e9rarchie. Nos confr\u00e8res pr\u00e9cisent que ce dernier a \u00e9t\u00e9 aper\u00e7u lors de \u00ab\u00a0sorties priv\u00e9es\u00a0\u00bb de Kylian Mbapp\u00e9 notamment un voyage au Cameroun en juillet 2023 ainsi qu&rsquo;un \u00ab\u00a0s\u00e9jour\u00a0\u00bb dans une maison familiale dans le Vaucluse toujours en \u00e9t\u00e9 2023.\u00a0<\/p>\n<p>Sauf que ces deux \u00ab\u00a0missions\u00a0\u00bb ont \u00e9t\u00e9 op\u00e9r\u00e9es bien apr\u00e8s le versement de l&rsquo;argent. \u00ab\u00a0Kylian Mbapp\u00e9 se d\u00e9pla\u00e7ait en qualit\u00e9 de capitaine de l&rsquo;\u00e9quipe de France, c&rsquo;est la mission qui m&rsquo;a \u00e9t\u00e9 confi\u00e9e\u00a0\u00bb, se justifie le policier.<\/p>\n<p>Un des avocats du joueur lui aurait assur\u00e9 que les \u00ab\u00a0b\u00e9n\u00e9ficiaires de ces dons d&rsquo;usage\u00a0\u00bb n&rsquo;ont pas \u00e0 d\u00e9clarer cet argent au fisc. Mais l&rsquo;IGPN se concentre plus sur un \u00ab\u00a0manque au devoir de probit\u00e9\u00a0\u00bb du commandant notamment. Et s&rsquo;interroge sur le vrai r\u00f4le du commandant.\u00a0<\/p>\n<p>De son c\u00f4t\u00e9, le joueur, via son entourage, indique \u00eatre \u00ab\u00a0pr\u00eat \u00e0 r\u00e9pondre \u00e0 toute question\u00a0\u00bb dans cette affaire.<\/p>\n","protected":false},"excerpt":{"rendered":"Kylian Mbapp\u00e9 a-t-il \u00e9t\u00e9 trop g\u00e9n\u00e9reux ? Dans son \u00e9dition de ce mercredi 16 juillet, le Canard Encha\u00een\u00e9&hellip;\n","protected":false},"author":2,"featured_media":253624,"comment_status":"","ping_status":"","sticky":false,"template":"","format":"standard","meta":{"footnotes":""},"categories":[2],"tags":[39402,17,11,1102,154,13554,4658,21,274,1011,27,5358,12,6890,25],"class_list":{"0":"post-253623","1":"post","2":"type-post","3":"status-publish","4":"format-standard","5":"has-post-thumbnail","7":"category-actualites","8":"tag-39402","9":"tag-17","10":"tag-actualites","11":"tag-breakingnews","12":"tag-des","13":"tag-don","14":"tag-euros","15":"tag-fait","16":"tag-faits-divers-justice","17":"tag-fr","18":"tag-france","19":"tag-mbappe","20":"tag-news","21":"tag-policiers","22":"tag-republique-francaise"},"share_on_mastodon":{"url":"https:\/\/pubeurope.com\/@fr\/114868000073951549","error":""},"_links":{"self":[{"href":"https:\/\/www.europesays.com\/fr\/wp-json\/wp\/v2\/posts\/253623","targetHints":{"allow":["GET"]}}],"collection":[{"href":"https:\/\/www.europesays.com\/fr\/wp-json\/wp\/v2\/posts"}],"about":[{"href":"https:\/\/www.europesays.com\/fr\/wp-json\/wp\/v2\/types\/post"}],"author":[{"embeddable":true,"href":"https:\/\/www.europesays.com\/fr\/wp-json\/wp\/v2\/users\/2"}],"replies":[{"embeddable":true,"href":"https:\/\/www.europesays.com\/fr\/wp-json\/wp\/v2\/comments?post=253623"}],"version-history":[{"count":0,"href":"https:\/\/www.europesays.com\/fr\/wp-json\/wp\/v2\/posts\/253623\/revisions"}],"wp:featuredmedia":[{"embeddable":true,"href":"https:\/\/www.europesays.com\/fr\/wp-json\/wp\/v2\/media\/253624"}],"wp:attachment":[{"href":"https:\/\/www.europesays.com\/fr\/wp-json\/wp\/v2\/media?parent=253623"}],"wp:term":[{"taxonomy":"category","embeddable":true,"href":"https:\/\/www.europesays.com\/fr\/wp-json\/wp\/v2\/categories?post=253623"},{"taxonomy":"post_tag","embeddable":true,"href":"https:\/\/www.europesays.com\/fr\/wp-json\/wp\/v2\/tags?post=253623"}],"curies":[{"name":"wp","href":"https:\/\/api.w.org\/{rel}","templated":true}]}}