{"id":253629,"date":"2025-07-17T10:04:15","date_gmt":"2025-07-17T10:04:15","guid":{"rendered":"https:\/\/www.europesays.com\/fr\/253629\/"},"modified":"2025-07-17T10:04:15","modified_gmt":"2025-07-17T10:04:15","slug":"joel-dahmen-se-separe-de-son-caddie-de-toujours-geno-bonnalie","status":"publish","type":"post","link":"https:\/\/www.europesays.com\/fr\/253629\/","title":{"rendered":"Joel Dahmen se s\u00e9pare de son caddie de toujours, Geno Bonnalie"},"content":{"rendered":"<p>\t\t\t\t\t\t<img width=\"770\" height=\"557\" src=\"https:\/\/www.europesays.com\/fr\/wp-content\/uploads\/2025\/07\/dahmengeno-770x557.jpg\" class=\"img-responsive wp-post-image\" alt=\"\" decoding=\"async\" fetchpriority=\"high\"  \/>\t\t\t\t\t<\/p>\n<p>\t\t\t\t\t\t Partager cet article <\/p>\n<p class=\"screen-reader-text juiz_sps_maybe_hidden_text\">Partager la publication \u00ab\u00a0Joel Dahmen se s\u00e9pare de son caddie de toujours, Geno Bonnalie\u00a0\u00bb<\/p>\n<p><strong>Joel Dahmen, h\u00e9ros de la s\u00e9rie Netflix \u00ab\u00a0Full Swing\u00a0\u00bb, a annonc\u00e9 la fin de son tandem avec Geno Bonnalie, son embl\u00e9matique caddie.<\/strong><\/p>\n<p>\u00a0<\/p>\n<p>Une page se tourne pour <strong>Joel Dahmen<\/strong>, membre du <strong>PGA Tour<\/strong> rendu tr\u00e8s populaire par <a href=\"https:\/\/www.golfplanete.com\/actualites\/une-nouvelle-bande-annonce-qui-decoiffe-a-une-semaine-de-la-sortie-de-la-serie-netflix-sur-le-pga-tour\/\" target=\"_blank\" rel=\"noopener nofollow\">la s\u00e9rie Netflix \u00ab\u00a0Full Swing\u00a0\u00bb<\/a> qui explore les coulisses du golf professionnel. L\u2019actuel 96e de la <strong>FedEx Cup<\/strong> a en effet mis fin en d\u00e9but de semaine \u00e0 sa collaboration avec son caddie de toujours, <strong>Geno Bonnalie<\/strong>.<\/p>\n<p>Les deux hommes avaient d\u00e9but\u00e9 ensemble en 2015, quand le duo \u00e9voluait encore sur le <strong>Korn Ferry Tour<\/strong>. Mont\u00e9 sur le PGA Tour l\u2019ann\u00e9e suivante, Joel Dahmen s\u2019\u00e9tait impos\u00e9 en 2021 sur le <strong>Corales Puntacana Championship<\/strong>.<\/p>\n<p>\t\t\t\t\t<a id=\"178017\" href=\"https:\/\/www.formigolf.fr\/voyage-pays~jardin-de-tecina-4etoiles-la-gomera~75~canaries\" target=\"_blank\" rel=\"sponsorised nofollow noopener\"><img decoding=\"async\" src=\"data:image\/svg+xml,%3Csvg%20xmlns=\" http:=\"\" class=\"img-responsive\" alt=\"\" data-lazy-src=\"https:\/\/www.europesays.com\/fr\/wp-content\/uploads\/2025\/07\/formigolf-e07-canaries-gomera-1170x275-1.gif\"\/><\/a><\/p>\n<blockquote class=\"twitter-tweet\">\n<p dir=\"ltr\" lang=\"en\">We\u2019re still the best of friends and that will never change. But we both know that a fresh perspective is sometimes needed and it\u2019s been a great run. I couldn\u2019t be more proud of what we have achieved together as guys from a small town in the middle of nowhere. <\/p>\n<p>I am going to keep\u2026 <a href=\"https:\/\/t.co\/ZQIBLsl0m1\" rel=\"nofollow\">pic.twitter.com\/ZQIBLsl0m1<\/a><\/p>\n<p>\u2014 Joel Dahmen (@Joel_Dahmen) <a href=\"https:\/\/twitter.com\/Joel_Dahmen\/status\/1945222861406527569?ref_src=twsrc%5Etfw\" rel=\"nofollow noopener\" target=\"_blank\">July 15, 2025<\/a><\/p>\n<\/blockquote>\n<p>\t\t\t\t\t<a id=\"172342\" href=\"https:\/\/www.resonance.golf\/fr\/nos-offres\/passeport-evasion\/?utm_source=golfplanet&amp;utm_medium=web&amp;utm_campaign=PASSEPORTEVASION\" target=\"_blank\" rel=\"sponsorised nofollow noopener\"><img decoding=\"async\" src=\"data:image\/svg+xml,%3Csvg%20xmlns=\" http:=\"\" class=\"img-responsive\" alt=\"\" data-lazy-src=\"https:\/\/www.europesays.com\/fr\/wp-content\/uploads\/2025\/05\/resonance-e03-passeport-evasion-1170x275-1.gif\"\/><\/a><\/p>\n<p>\u00ab Nous sommes toujours les meilleurs amis du monde et cela ne changera jamais, a d\u00e9clar\u00e9 Dahmen dans le communiqu\u00e9. Mais nous savons tous les deux qu\u2019un regard neuf est parfois n\u00e9cessaire, et ce fut une belle aventure. Je suis extr\u00eamement fier de ce que nous avons accompli ensemble, nous qui venons d\u2019une petite ville perdue au milieu de nulle part. \u00bb<\/p>\n<p>Pr\u00e9sent cette semaine au <strong>Barracuda Championship<\/strong>, tournoi alternate du PGA Tour co-sanctionn\u00e9 avec le <strong>DP World Tour<\/strong>, Joel Dahmen va se battre jusqu\u2019\u00e0 la fin de la saison pour conserver son droit de jeu plein pour 2026. On rappelle que les 70 premiers de la FedEx Cup apr\u00e8s le <strong>Wyndham Championship<\/strong>, dernier tournoi de la saison r\u00e9guli\u00e8re, disputeront le <strong>FedEx St. Jude Championship<\/strong>, premier des trois rendez-vous des playoffs de la FedEx Cup. Les 100 premiers de la FedEx Cup apr\u00e8s les Fall Series de l\u2019automne obtiendront quant \u00e0 eux leur carte pour la saison prochaine.<\/p>\n<p>\t\t\t\t\t<a id=\"179385\" href=\"https:\/\/tickets.europeantour.com\/eut\/#\/c6906933-bb43-434b-a22d-0ae172a572d4\/shop\/custom-pack?fac=EUT&amp;locale=fr&amp;skin=pgaetodf&amp;utm_campaign=ODF&amp;utm_content=Ticketing&amp;utm_medium=Web&amp;utm_source=Partner&amp;utm_term=PavonGolfPlanete\" target=\"_blank\" rel=\"sponsorised nofollow noopener\"><img decoding=\"async\" src=\"data:image\/svg+xml,%3Csvg%20xmlns=\" http:=\"\" class=\"img-responsive\" alt=\"\" data-lazy-src=\"https:\/\/www.europesays.com\/fr\/wp-content\/uploads\/2025\/07\/opendefrance-e03-plateau-1407-1170x275-1.jpg\"\/><\/a><\/p>\n<p>Photo : David Berding \/ GETTY IMAGES NORTH AMERICA \/ Getty Images via AFP<\/p>\n<p>\t\t\t<script async src=\"https:\/\/platform.twitter.com\/widgets.js\" charset=\"utf-8\"><\/script><\/p>\n","protected":false},"excerpt":{"rendered":"Partager cet article Partager la publication \u00ab\u00a0Joel Dahmen se s\u00e9pare de son caddie de toujours, Geno Bonnalie\u00a0\u00bb Joel&hellip;\n","protected":false},"author":2,"featured_media":253630,"comment_status":"","ping_status":"","sticky":false,"template":"","format":"standard","meta":{"footnotes":""},"categories":[1418],"tags":[1011,27,1472,60],"class_list":{"0":"post-253629","1":"post","2":"type-post","3":"status-publish","4":"format-standard","5":"has-post-thumbnail","7":"category-golf","8":"tag-fr","9":"tag-france","10":"tag-golf","11":"tag-sports"},"share_on_mastodon":{"url":"https:\/\/pubeurope.com\/@fr\/114868012073260688","error":""},"_links":{"self":[{"href":"https:\/\/www.europesays.com\/fr\/wp-json\/wp\/v2\/posts\/253629","targetHints":{"allow":["GET"]}}],"collection":[{"href":"https:\/\/www.europesays.com\/fr\/wp-json\/wp\/v2\/posts"}],"about":[{"href":"https:\/\/www.europesays.com\/fr\/wp-json\/wp\/v2\/types\/post"}],"author":[{"embeddable":true,"href":"https:\/\/www.europesays.com\/fr\/wp-json\/wp\/v2\/users\/2"}],"replies":[{"embeddable":true,"href":"https:\/\/www.europesays.com\/fr\/wp-json\/wp\/v2\/comments?post=253629"}],"version-history":[{"count":0,"href":"https:\/\/www.europesays.com\/fr\/wp-json\/wp\/v2\/posts\/253629\/revisions"}],"wp:featuredmedia":[{"embeddable":true,"href":"https:\/\/www.europesays.com\/fr\/wp-json\/wp\/v2\/media\/253630"}],"wp:attachment":[{"href":"https:\/\/www.europesays.com\/fr\/wp-json\/wp\/v2\/media?parent=253629"}],"wp:term":[{"taxonomy":"category","embeddable":true,"href":"https:\/\/www.europesays.com\/fr\/wp-json\/wp\/v2\/categories?post=253629"},{"taxonomy":"post_tag","embeddable":true,"href":"https:\/\/www.europesays.com\/fr\/wp-json\/wp\/v2\/tags?post=253629"}],"curies":[{"name":"wp","href":"https:\/\/api.w.org\/{rel}","templated":true}]}}