{"id":25363,"date":"2025-04-14T22:52:13","date_gmt":"2025-04-14T22:52:13","guid":{"rendered":"https:\/\/www.europesays.com\/fr\/25363\/"},"modified":"2025-04-14T22:52:13","modified_gmt":"2025-04-14T22:52:13","slug":"hulkenberg-disqualifie-du-grand-prix-de-bahrein","status":"publish","type":"post","link":"https:\/\/www.europesays.com\/fr\/25363\/","title":{"rendered":"H\u00fclkenberg disqualifi\u00e9 du Grand Prix de Bahre\u00efn"},"content":{"rendered":"<p>Alors que <a href=\"https:\/\/fr.motorsport.com\/driver\/nico-hulkenberg\/84891\/\" target=\"_blank\" rel=\"noopener\">Nico H\u00fclkenberg<\/a> \u00e9tait sous enqu\u00eate depuis la fin de la course \u00e0 cause d&rsquo;une usure trop prononc\u00e9e du patin fix\u00e9 sous sa <a href=\"https:\/\/fr.motorsport.com\/team\/stake-sauber\/612\/\" target=\"_blank\" rel=\"noopener\">Stake Sauber<\/a>, le verdict est tomb\u00e9 pour l&rsquo;Allemand et il n&rsquo;est pas cl\u00e9ment\u00a0: c&rsquo;est une disqualification pour le pilote. Il avait termin\u00e9 13e de l&rsquo;\u00e9preuve.<\/p>\n<p>Apr\u00e8s le Grand Prix, la FIA a inspect\u00e9 la voiture de H\u00fclkenberg, remarquant une d\u00e9gradation inhabituelle de l&rsquo;arri\u00e8re du plancher. \u00ab\u00a0Les patins fix\u00e9s \u00e0 l&rsquo;arri\u00e8re du plancher ont \u00e9t\u00e9 mesur\u00e9s selon les documents de l\u00e9galit\u00e9 soumis par l&rsquo;\u00e9quipe conform\u00e9ment \u00e0 [la directive technique] TD039 L, point 1.2 b) i)\u00a0\u00bb, pouvait-on lire dans le document officiel d&rsquo;ouverture d&rsquo;enqu\u00eate. \u00ab\u00a0Les mesures ont \u00e9t\u00e9 prises le long de la zone conforme \u00e0 la rigidit\u00e9 en trois points diff\u00e9rents de la p\u00e9riph\u00e9rie (arc int\u00e9rieur).\u00a0\u00bb<\/p>\n<p>\u00ab\u00a0Les mesures enregistr\u00e9es \u00e9taient les suivantes : 8,4 mm (c\u00f4t\u00e9 gauche), 8,5 mm (axe de la voiture) et 8,4 mm (c\u00f4t\u00e9 droit). Comme cela est inf\u00e9rieur \u00e0 l&rsquo;\u00e9paisseur minimale de 9 mm requise par l&rsquo;article 3.5.9 e) du TR, je renvoie cette question aux commissaires pour qu&rsquo;ils l\u2019examinent.\u00a0\u00bb<\/p>\n<p>Lire aussi :<\/p>\n<p>Les commissaires ont bien examin\u00e9 les documents qui leur ont \u00e9t\u00e9 envoy\u00e9s et voici la justification de leur d\u00e9cision finale : \u00ab\u00a0Le patin de la voiture 27 a \u00e9t\u00e9 mesur\u00e9 et son \u00e9paisseur \u00e9tait de 8,4 mm (c\u00f4t\u00e9 gauche), 8,5 mm (axe central de la voiture) et 8,4 mm (c\u00f4t\u00e9 droit). Ceci est inf\u00e9rieur \u00e0 l&rsquo;\u00e9paisseur minimale de 9 mm sp\u00e9cifi\u00e9e dans l&rsquo;Article 3.5.9 e) du R\u00e8glement Technique.\u00a0\u00bb<\/p>\n<p>\u00ab\u00a0Au cours de l&rsquo;audience, le repr\u00e9sentant de l&rsquo;\u00e9quipe a confirm\u00e9 que la mesure \u00e9tait correcte et que toutes les proc\u00e9dures requises avaient \u00e9t\u00e9 ex\u00e9cut\u00e9es correctement. L&rsquo;\u00e9quipe a \u00e9galement reconnu qu&rsquo;il s&rsquo;agissait d&rsquo;une vraie erreur de sa part. Les commissaires d\u00e9terminent que l&rsquo;Article 3.5.9 e) du R\u00e8glement Technique a \u00e9t\u00e9 enfreint et que, par cons\u00e9quent, la sanction standard de disqualification doit \u00eatre appliqu\u00e9e pour une telle infraction.\u00a0\u00bb<\/p>\n<p>Pour rappel, <a href=\"https:\/\/fr.motorsport.com\/driver\/lewis-hamilton\/76878\/\" target=\"_blank\" rel=\"noopener\">Lewis Hamilton<\/a> avait \u00e9t\u00e9 disqualifi\u00e9 du Grand Prix de Chine pour la m\u00eame raison, deux semaines plus t\u00f4t. Sinon, toujours du c\u00f4t\u00e9 de Bahre\u00efn, <a href=\"https:\/\/fr.motorsport.com\/driver\/george-russell\/96626\/\" target=\"_blank\" rel=\"noopener\">George Russell<\/a> \u00e9tait \u00e9galement sous enqu\u00eate pour une potentielle infraction au DRS. <a href=\"https:\/\/fr.motorsport.com\/f1\/news\/russell-drs-verdict-commissaires-bahrein\/10713149\/\" target=\"_blank\" rel=\"noopener\">Les commissaires ont \u00e9galement rendu leur d\u00e9cision concernant le cas du pilote Mercedes.<\/a><\/p>\n<p>Lire aussi :<\/p>\n<p>Dans cet article<\/p>\n<p>    T\u00e9ha Courbon\n<\/p>\n<p>    Formule 1\n<\/p>\n<p>    Nico H\u00fclkenberg\n<\/p>\n<p>    Stake Sauber\n<\/p>\n<p>Soyez le premier inform\u00e9 et souscrivez aux alertes mails pour recevoir les infos en temps r\u00e9el<\/p>\n<p>    S&rsquo;abonner aux alertes de news<\/p>\n","protected":false},"excerpt":{"rendered":"Alors que Nico H\u00fclkenberg \u00e9tait sous enqu\u00eate depuis la fin de la course \u00e0 cause d&rsquo;une usure trop&hellip;\n","protected":false},"author":2,"featured_media":25364,"comment_status":"","ping_status":"","sticky":false,"template":"","format":"standard","meta":{"footnotes":""},"categories":[1412],"tags":[5040,1451,1452,1453,1454,1455,1011,27,5039,9107,60,9106],"class_list":{"0":"post-25363","1":"post","2":"type-post","3":"status-publish","4":"format-standard","5":"has-post-thumbnail","7":"category-f1","8":"tag-bahrain-international-circuit","9":"tag-f1","10":"tag-formula-1","11":"tag-formula1","12":"tag-formule-1","13":"tag-formule1","14":"tag-fr","15":"tag-france","16":"tag-gp-de-bahreu00efn","17":"tag-nico-hu00fclkenberg","18":"tag-sports","19":"tag-stake-sauber"},"share_on_mastodon":{"url":"https:\/\/pubeurope.com\/@fr\/114338774610191340","error":""},"_links":{"self":[{"href":"https:\/\/www.europesays.com\/fr\/wp-json\/wp\/v2\/posts\/25363","targetHints":{"allow":["GET"]}}],"collection":[{"href":"https:\/\/www.europesays.com\/fr\/wp-json\/wp\/v2\/posts"}],"about":[{"href":"https:\/\/www.europesays.com\/fr\/wp-json\/wp\/v2\/types\/post"}],"author":[{"embeddable":true,"href":"https:\/\/www.europesays.com\/fr\/wp-json\/wp\/v2\/users\/2"}],"replies":[{"embeddable":true,"href":"https:\/\/www.europesays.com\/fr\/wp-json\/wp\/v2\/comments?post=25363"}],"version-history":[{"count":0,"href":"https:\/\/www.europesays.com\/fr\/wp-json\/wp\/v2\/posts\/25363\/revisions"}],"wp:featuredmedia":[{"embeddable":true,"href":"https:\/\/www.europesays.com\/fr\/wp-json\/wp\/v2\/media\/25364"}],"wp:attachment":[{"href":"https:\/\/www.europesays.com\/fr\/wp-json\/wp\/v2\/media?parent=25363"}],"wp:term":[{"taxonomy":"category","embeddable":true,"href":"https:\/\/www.europesays.com\/fr\/wp-json\/wp\/v2\/categories?post=25363"},{"taxonomy":"post_tag","embeddable":true,"href":"https:\/\/www.europesays.com\/fr\/wp-json\/wp\/v2\/tags?post=25363"}],"curies":[{"name":"wp","href":"https:\/\/api.w.org\/{rel}","templated":true}]}}