{"id":253631,"date":"2025-07-17T10:06:09","date_gmt":"2025-07-17T10:06:09","guid":{"rendered":"https:\/\/www.europesays.com\/fr\/253631\/"},"modified":"2025-07-17T10:06:09","modified_gmt":"2025-07-17T10:06:09","slug":"7-bleus-ne-vont-finalement-pas-jouer-de-la-tournee-en-nouvelle-zelande","status":"publish","type":"post","link":"https:\/\/www.europesays.com\/fr\/253631\/","title":{"rendered":"7 Bleus ne vont finalement pas jouer de la tourn\u00e9e en Nouvelle-Z\u00e9lande"},"content":{"rendered":"<p>            Par<br \/>\n        <strong><br \/>\n            <a href=\"https:\/\/actu.fr\/auteur\/clement-mazella\" title=\"Consulter tous les articles de Cl\u00e9ment Mazella\" rel=\"nofollow noopener\" target=\"_blank\">Cl\u00e9ment Mazella<\/a><br \/>\n        <\/strong><\/p>\n<p>        Publi\u00e9 le<\/p>\n<p>            17 juil. 2025 \u00e0 9h55        <\/p>\n<p>Le maillot du <a href=\"https:\/\/actu.fr\/rugby\/xv-de-france\" rel=\"nofollow noopener\" target=\"_blank\">XV de France<\/a>, \u00ab\u00a0ce n\u2019est pas un cadeau\u00a0\u00bb. <a href=\"https:\/\/actu.fr\/tag\/fabien-galthie\" rel=\"nofollow noopener\" target=\"_blank\">Fabien Galthi\u00e9<\/a> a toujours \u00e9t\u00e9 clair l\u00e0-dessus. S\u2019il a amen\u00e9 <a href=\"https:\/\/actu.fr\/sports\/rugby\/pro\/xv-de-france-avec-tom-spring-et-tyler-duguid-la-liste-des-bleus-pour-la-tournee-en-nouvelle-zelande_62816199.html\" rel=\"nofollow noopener\" target=\"_blank\">un groupe de 42 joueurs<\/a> pour cette <strong>tourn\u00e9e d\u2019\u00e9t\u00e9 en Nouvelle-Z\u00e9lande<\/strong>, 7 d\u2019entre eux n\u2019auront pas eu la chance de jouer l\u2019un des trois tests face aux <a href=\"https:\/\/actu.fr\/tag\/all-blacks\" rel=\"nofollow noopener\" target=\"_blank\">All Blacks<\/a>.<\/p>\n<p>XV de France : 7 Bleus pas utilis\u00e9s en Nouvelle-Z\u00e9lande<\/p>\n<p class=\" wall-content\">Demba Bamba, lui, y \u00e9chappe de justesse. Le pilier du Racing 92 a \u00e9t\u00e9 plac\u00e9 <a href=\"https:\/\/actu.fr\/sports\/rugby\/xv-de-france\/xv-de-france-8-changements-pour-finir-la-compo-des-bleus-pour-le-3e-test-face-aux-all-blacks_62920540.html\" rel=\"nofollow noopener\" target=\"_blank\">sur le banc des finisseurs<\/a> pour l\u2019ultime test ce samedi 19 juillet \u00e0 Hamilton. Un moindre mal pour le joueur de 27 ans (28 s\u00e9lections), que l\u2019on aurait pens\u00e9 \u00eatre plus utilis\u00e9 cet \u00e9t\u00e9.<\/p>\n<p class=\" wall-content\">Le talonneur <strong>Guillaume Marchand<\/strong>, le deuxi\u00e8me ligne <strong>Th\u00e9o William<\/strong>, l\u2019ouvreur <strong>L\u00e9o Berdeu<\/strong>, les centres<strong> Th\u00e9o Millet<\/strong> et <strong>L\u00e9on Darricarr\u00e8re<\/strong>, le 3\/4 polyvalent <strong>Alivereti Duguivalu<\/strong> ainsi que l\u2019arri\u00e8re <strong>Marius Domon<\/strong> n\u2019ont jamais vu leur nom sur l\u2019une des trois feuilles de match. Dur, forc\u00e9ment. Mais la loi aussi du haut niveau.<\/p>\n<p class=\" wall-content\">Les 7 \u00e9l\u00e9ments en question ont particip\u00e9 \u00e0 des oppositions, face \u00e0 des jeunes de l\u2019Acad\u00e9mie d\u2019Otago ou bien l\u2019\u00e9quipe locale des \u00ab\u00a0Hutt Old Boys Marist\u00a0\u00bb, en sein des Bleus \u00ab\u00a0hors groupe\u00a0\u00bb pour les tests \u00e0 Dunedin et Wellington.<\/p>\n<p class=\" wall-content\">Tr\u00e8s souvent appel\u00e9 dans les listes \u00e9largies, le Lyonnais L\u00e9o Berdeu doit encore ronger son frein afin de conna\u00eetre sa premi\u00e8re s\u00e9lection avec le XV de France. Il y tourne autour depuis un bon moment d\u00e9j\u00e0, et ce voyage en Nouvelle-Z\u00e9lande \u00e9tait l\u00e0 une grosse occasion pour lui. Il n\u2019en sera finalement rien.<\/p>\n<p>Vid\u00e9os : en ce moment sur ActuLe cas Daunivucu l\u2019an pass\u00e9<\/p>\n<p class=\" wall-content\">L\u2019an dernier, lors de la fameuse tourn\u00e9e en Argentine, <a href=\"https:\/\/actu.fr\/sports\/rugby\/xv-de-france\/il-a-des-qualites-rarement-vues-a-son-age-et-s-il-etait-le-nouveau-joyau-du-xv-de-france_61255495.html\" rel=\"nofollow noopener\" target=\"_blank\">un seul joueur convoqu\u00e9 n\u2019avait pas \u00e9t\u00e9 utilis\u00e9<\/a> : le jeune centre des U20 Simeli Daunivucu.<\/p>\n<p class=\" wall-content\">Pr\u00e9cisons toutefois que lors de cette tourn\u00e9e d\u2019\u00e9t\u00e9 2024, les Bleus avaient eu droit \u00e0 un menu tr\u00e8s serr\u00e9, avec 3 matchs en 8 jours, dont un non officiel en semaine. Ce qui avait engendr\u00e9 un gros turnover, et permis \u00e0 un maximum d\u2019\u00e9l\u00e9ments de fouler la pelouse contre l\u2019Uruguay.<\/p>\n<p class=\" wall-content\">Suivez toute l\u2019actualit\u00e9 de vos villes et m\u00e9dias favoris en vous inscrivant \u00e0 <a href=\"https:\/\/moncompte.actu.fr\" title=\"D\u00e9couvez Mon Actu\" rel=\"nofollow noopener\" data-trk=\"{&quot;cta&quot;:{&quot;action&quot;:&quot;https:\\\/\\\/moncompte.actu.fr&quot;,&quot;category&quot;:&quot;mon compte&quot;,&quot;from&quot;:&quot;article footer&quot;,&quot;name&quot;:&quot;Mon actu&quot;,&quot;type&quot;:&quot;cta&quot;}}\" target=\"_blank\">Mon Actu<\/a>.<\/p>\n","protected":false},"excerpt":{"rendered":"Par Cl\u00e9ment Mazella Publi\u00e9 le 17 juil. 2025 \u00e0 9h55 Le maillot du XV de France, \u00ab\u00a0ce n\u2019est&hellip;\n","protected":false},"author":2,"featured_media":253632,"comment_status":"","ping_status":"","sticky":false,"template":"","format":"standard","meta":{"footnotes":""},"categories":[1416],"tags":[2305,1011,27,479,1468,60,513],"class_list":{"0":"post-253631","1":"post","2":"type-post","3":"status-publish","4":"format-standard","5":"has-post-thumbnail","7":"category-rugby","8":"tag-all-blacks","9":"tag-fr","10":"tag-france","11":"tag-rugby","12":"tag-rugby-football","13":"tag-sports","14":"tag-xv-de-france"},"share_on_mastodon":{"url":"https:\/\/pubeurope.com\/@fr\/114868019805473454","error":""},"_links":{"self":[{"href":"https:\/\/www.europesays.com\/fr\/wp-json\/wp\/v2\/posts\/253631","targetHints":{"allow":["GET"]}}],"collection":[{"href":"https:\/\/www.europesays.com\/fr\/wp-json\/wp\/v2\/posts"}],"about":[{"href":"https:\/\/www.europesays.com\/fr\/wp-json\/wp\/v2\/types\/post"}],"author":[{"embeddable":true,"href":"https:\/\/www.europesays.com\/fr\/wp-json\/wp\/v2\/users\/2"}],"replies":[{"embeddable":true,"href":"https:\/\/www.europesays.com\/fr\/wp-json\/wp\/v2\/comments?post=253631"}],"version-history":[{"count":0,"href":"https:\/\/www.europesays.com\/fr\/wp-json\/wp\/v2\/posts\/253631\/revisions"}],"wp:featuredmedia":[{"embeddable":true,"href":"https:\/\/www.europesays.com\/fr\/wp-json\/wp\/v2\/media\/253632"}],"wp:attachment":[{"href":"https:\/\/www.europesays.com\/fr\/wp-json\/wp\/v2\/media?parent=253631"}],"wp:term":[{"taxonomy":"category","embeddable":true,"href":"https:\/\/www.europesays.com\/fr\/wp-json\/wp\/v2\/categories?post=253631"},{"taxonomy":"post_tag","embeddable":true,"href":"https:\/\/www.europesays.com\/fr\/wp-json\/wp\/v2\/tags?post=253631"}],"curies":[{"name":"wp","href":"https:\/\/api.w.org\/{rel}","templated":true}]}}