{"id":253633,"date":"2025-07-17T10:07:09","date_gmt":"2025-07-17T10:07:09","guid":{"rendered":"https:\/\/www.europesays.com\/fr\/253633\/"},"modified":"2025-07-17T10:07:09","modified_gmt":"2025-07-17T10:07:09","slug":"wta-tatjana-maria-choisit-la-france-pour-sa-fille-nous-voulions-etre-aides-des-le-debut-y-compris-par-la-federation-la-france-a-tout-simplement-les-meilleures-conditions-possibles","status":"publish","type":"post","link":"https:\/\/www.europesays.com\/fr\/253633\/","title":{"rendered":"WTA > Tatjana Maria choisit la France pour sa fille : \u00ab\u00a0Nous voulions \u00eatre aid\u00e9s d\u00e8s le d\u00e9but, y compris par la f\u00e9d\u00e9ration. La France a tout simplement les meilleures conditions possibles\u00a0\u00bb"},"content":{"rendered":"<p>Tatjana Maria a r\u00e9cem\u00adment fait un retour remarqu\u00e9 sur le devant de la sc\u00e8ne en rempor\u00adtant le tournoi WTA 500 du Queen\u2019s.<\/p>\n<p>Engag\u00e9e cette semaine \u00e0 Hambourg, l\u2019Allemande a accord\u00e9 une inter\u00adview \u00e0\u00a0<a href=\"https:\/\/www.eurosport.de\/tennis\/wta-hamburg\/2025\/tatjana-maria-erklaert-darum-wird-ihre-hochtalentierte-tochter-nicht-fur-deutschland-sondern-fur-frankreich-spielen_sto23202352\/story.shtml\" data-wpel-link=\"external\" target=\"_blank\" rel=\"nofollow external noopener\">Eurosport<\/a> Allemagne, non pas pour \u00e9voquer ses perfor\u00admances, mais celles de sa fille Charlotte, d\u00e9j\u00e0 surveill\u00e9e de pr\u00e8s par plusieurs f\u00e9d\u00e9rations.<\/p>\n<p>Elle a surpris tout le monde en annon\u00ad\u00e7ant que sa fille ne d\u00e9fen\u00addrait proba\u00adble\u00adment pas les couleurs de l\u2019Allemagne. Selon elle, c\u2019est vers la France que se tour\u00adne\u00adrait leur choix, consi\u00add\u00e9\u00adrant la F\u00e9d\u00e9ration fran\u00ad\u00e7aise de tennis comme l\u2019une des meilleures au monde pour la forma\u00adtion des jeunes talents.<\/p>\n<p><strong>\u00ab\u202fNous voulions \u00eatre aid\u00e9s d\u00e8s le d\u00e9but, y compris par la f\u00e9d\u00e9\u00adra\u00adtion. La France a tout simple\u00adment les meilleures condi\u00adtions possibles. Ce n\u2019est pas une ques\u00adtion person\u00adnelle. Nous avions simple\u00adment le senti\u00adment qu\u2019ils \u00e9taient les mieux plac\u00e9s pour aider Charlotte \u00e0 cet \u00e2ge. Et c\u2019est pour cela que nous avons choisi la France\u202f\u00bb<\/strong> a d\u00e9clar\u00e9 la joueuse Allemande.<\/p>\n<p class=\"post-published-date\" style=\"color: silver; font-size: 75%; text-align: left;\">Publi\u00e9 le jeudi 17 juillet 2025 \u00e0 11:17<\/p>\n","protected":false},"excerpt":{"rendered":"Tatjana Maria a r\u00e9cem\u00adment fait un retour remarqu\u00e9 sur le devant de la sc\u00e8ne en rempor\u00adtant le tournoi&hellip;\n","protected":false},"author":2,"featured_media":253634,"comment_status":"","ping_status":"","sticky":false,"template":"","format":"standard","meta":{"footnotes":""},"categories":[1415],"tags":[1011,27,60,1467],"class_list":{"0":"post-253633","1":"post","2":"type-post","3":"status-publish","4":"format-standard","5":"has-post-thumbnail","7":"category-tennis","8":"tag-fr","9":"tag-france","10":"tag-sports","11":"tag-tennis"},"share_on_mastodon":{"url":"https:\/\/pubeurope.com\/@fr\/114868023670850424","error":""},"_links":{"self":[{"href":"https:\/\/www.europesays.com\/fr\/wp-json\/wp\/v2\/posts\/253633","targetHints":{"allow":["GET"]}}],"collection":[{"href":"https:\/\/www.europesays.com\/fr\/wp-json\/wp\/v2\/posts"}],"about":[{"href":"https:\/\/www.europesays.com\/fr\/wp-json\/wp\/v2\/types\/post"}],"author":[{"embeddable":true,"href":"https:\/\/www.europesays.com\/fr\/wp-json\/wp\/v2\/users\/2"}],"replies":[{"embeddable":true,"href":"https:\/\/www.europesays.com\/fr\/wp-json\/wp\/v2\/comments?post=253633"}],"version-history":[{"count":0,"href":"https:\/\/www.europesays.com\/fr\/wp-json\/wp\/v2\/posts\/253633\/revisions"}],"wp:featuredmedia":[{"embeddable":true,"href":"https:\/\/www.europesays.com\/fr\/wp-json\/wp\/v2\/media\/253634"}],"wp:attachment":[{"href":"https:\/\/www.europesays.com\/fr\/wp-json\/wp\/v2\/media?parent=253633"}],"wp:term":[{"taxonomy":"category","embeddable":true,"href":"https:\/\/www.europesays.com\/fr\/wp-json\/wp\/v2\/categories?post=253633"},{"taxonomy":"post_tag","embeddable":true,"href":"https:\/\/www.europesays.com\/fr\/wp-json\/wp\/v2\/tags?post=253633"}],"curies":[{"name":"wp","href":"https:\/\/api.w.org\/{rel}","templated":true}]}}