{"id":253635,"date":"2025-07-17T10:08:38","date_gmt":"2025-07-17T10:08:38","guid":{"rendered":"https:\/\/www.europesays.com\/fr\/253635\/"},"modified":"2025-07-17T10:08:38","modified_gmt":"2025-07-17T10:08:38","slug":"la-ffbb-lance-la-1ere-coupe-de-france-des-arbitres","status":"publish","type":"post","link":"https:\/\/www.europesays.com\/fr\/253635\/","title":{"rendered":"La FFBB lance la 1\u00e8re Coupe de France des Arbitres"},"content":{"rendered":"<p>                            <img decoding=\"async\" class=\"img-fluid thumbnail__news\" src=\"https:\/\/www.europesays.com\/fr\/wp-content\/uploads\/2025\/07\/c52bdec4-b948-4817-a3c0-4609f6026bcb.jpg\" alt=\"La FFBB lance la 1\u00e8re Coupe de France des Arbitres\"\/><br \/>\n                                                        La F\u00e9d\u00e9ration Fran\u00e7aise de Basketball est fi\u00e8re d\u2019annoncer le lancement de la Coupe de France des Arbitres 2024-2025, une comp\u00e9tition nationale destin\u00e9e \u00e0 valoriser, fid\u00e9liser et impliquer les arbitres de basket-ball \u00e0 travers toute la France, du niveau d\u00e9partemental au niveau r\u00e9gional.<\/p>\n<p>Cette Coupe est ouverte \u00e0 tous les arbitres d\u00e9partementaux et r\u00e9gionaux. Elle se distingue par son format innovant, qui combine des \u00e9preuves de connaissance sous forme de quiz sur des questions de r\u00e8glement et des vid\u00e9os \u00e0 analyser. Cette comp\u00e9tition nationale est une occasion pour les arbitres de renforcer leur sentiment d\u2019appartenance \u00e0 la grande famille du basket-ball fran\u00e7ais.<\/p>\n<p>\u00a0<\/p>\n<p>La Coupe de France des Arbitres poursuit plusieurs objectifs cl\u00e9s :<\/p>\n<p>\u00a0<\/p>\n<p><strong>Valorisation :<\/strong> Cette comp\u00e9tition met l\u2019accent sur la reconnaissance des arbitres au sein de leurs clubs, Comit\u00e9s et Ligues R\u00e9gionales. \u00c0 partir des 16\u00e8mes de finale, les performances des arbitres seront r\u00e9compens\u00e9es par des lots, et une attention particuli\u00e8re sera accord\u00e9e aux meilleures performances, notamment celle de la meilleure arbitre f\u00e9minine et du plus jeune participant.<\/p>\n<p>\u00a0<\/p>\n<p><strong>Fid\u00e9lisation<\/strong> : En participant \u00e0 cette comp\u00e9tition, les arbitres auront l\u2019opportunit\u00e9 de se former de mani\u00e8re ludique, tout en renfor\u00e7ant leur appartenance \u00e0 un groupe national soud\u00e9. Leur parcours en comp\u00e9tition leur permettra de rester connect\u00e9s entre eux et de vivre des moments ludiques, souvent absents de leur quotidien d\u2019arbitre.<\/p>\n<p>\u00a0<\/p>\n<p><strong>Implication des Clubs\u00a0<\/strong>: Les clubs jouent un r\u00f4le crucial dans cette Coupe. Ils sont invit\u00e9s \u00e0 suivre et \u00e0 soutenir activement leurs arbitres, avec un challenge club\/arbitre et des votes en ligne sur le site de la FFBB. Les clubs les plus impliqu\u00e9s pourront eux aussi recevoir des r\u00e9compenses, soulignant l\u2019importance de la solidarit\u00e9 entre arbitres et clubs. Une chose \u00e0 retenir : si l\u2019arbitre gagne, son club gagne aussi !<\/p>\n<p>\u00a0<\/p>\n<p>Ne manquez pas cette opportunit\u00e9 unique de repr\u00e9senter votre club et de vivre une exp\u00e9rience enrichissante et valorisante au sein de la Coupe de France des Arbitres !<\/p>\n<p>\u00a0<\/p>\n<p>La comp\u00e9tition se d\u00e9roulera en deux phases principales :<\/p>\n<p>1. \u00a0 \u00a0 \u00a0 \u00a0 Phase Qualificative (du 15 octobre 2024 au 17 janvier 2025)<\/p>\n<p>2. \u00a0 \u00a0 \u00a0 \u00a0 Phase Finale (1er f\u00e9vrier 2025 au 21 mars 2025)<\/p>\n<p>\u00a0 \u00a0\u00a0<\/p>\n<p><strong>Les inscriptions sont ouvertes jusqu\u2019au 30 septembre 2024.\u00a0<\/strong><\/p>\n<p><a href=\"https:\/\/forms.office.com\/e\/RHWLX57ri4\" target=\"_blank\" rel=\"noopener nofollow\">Les arbitres int\u00e9ress\u00e9s peuvent s\u2019inscrire en cliquant ici\u00a0<\/a><\/p>\n","protected":false},"excerpt":{"rendered":"La F\u00e9d\u00e9ration Fran\u00e7aise de Basketball est fi\u00e8re d\u2019annoncer le lancement de la Coupe de France des Arbitres 2024-2025,&hellip;\n","protected":false},"author":2,"featured_media":253636,"comment_status":"","ping_status":"","sticky":false,"template":"","format":"standard","meta":{"footnotes":""},"categories":[1414],"tags":[1465,1464,1011,27,60],"class_list":{"0":"post-253635","1":"post","2":"type-post","3":"status-publish","4":"format-standard","5":"has-post-thumbnail","7":"category-basket","8":"tag-basket","9":"tag-basketball","10":"tag-fr","11":"tag-france","12":"tag-sports"},"share_on_mastodon":{"url":"https:\/\/pubeurope.com\/@fr\/114868027667668995","error":""},"_links":{"self":[{"href":"https:\/\/www.europesays.com\/fr\/wp-json\/wp\/v2\/posts\/253635","targetHints":{"allow":["GET"]}}],"collection":[{"href":"https:\/\/www.europesays.com\/fr\/wp-json\/wp\/v2\/posts"}],"about":[{"href":"https:\/\/www.europesays.com\/fr\/wp-json\/wp\/v2\/types\/post"}],"author":[{"embeddable":true,"href":"https:\/\/www.europesays.com\/fr\/wp-json\/wp\/v2\/users\/2"}],"replies":[{"embeddable":true,"href":"https:\/\/www.europesays.com\/fr\/wp-json\/wp\/v2\/comments?post=253635"}],"version-history":[{"count":0,"href":"https:\/\/www.europesays.com\/fr\/wp-json\/wp\/v2\/posts\/253635\/revisions"}],"wp:featuredmedia":[{"embeddable":true,"href":"https:\/\/www.europesays.com\/fr\/wp-json\/wp\/v2\/media\/253636"}],"wp:attachment":[{"href":"https:\/\/www.europesays.com\/fr\/wp-json\/wp\/v2\/media?parent=253635"}],"wp:term":[{"taxonomy":"category","embeddable":true,"href":"https:\/\/www.europesays.com\/fr\/wp-json\/wp\/v2\/categories?post=253635"},{"taxonomy":"post_tag","embeddable":true,"href":"https:\/\/www.europesays.com\/fr\/wp-json\/wp\/v2\/tags?post=253635"}],"curies":[{"name":"wp","href":"https:\/\/api.w.org\/{rel}","templated":true}]}}