{"id":253637,"date":"2025-07-17T10:09:12","date_gmt":"2025-07-17T10:09:12","guid":{"rendered":"https:\/\/www.europesays.com\/fr\/253637\/"},"modified":"2025-07-17T10:09:12","modified_gmt":"2025-07-17T10:09:12","slug":"quand-ca-ne-depend-pas-uniquement-de-toi","status":"publish","type":"post","link":"https:\/\/www.europesays.com\/fr\/253637\/","title":{"rendered":"Quand \u00e7a ne d\u00e9pend pas uniquement de toi&#8230;"},"content":{"rendered":"<p>Les sifflets subis par <a href=\"https:\/\/fr.motorsport.com\/driver\/marc-marquez\/92646\/\" target=\"_blank\" rel=\"noopener\">Marc M\u00e1rquez<\/a> au GP d&rsquo;Italie n&rsquo;ont fait que raviver une tension jamais totalement \u00e9teinte entourant le pilote espagnol, depuis son conflit nourri avec <a href=\"https:\/\/fr.motorsport.com\/driver\/valentino-rossi\/76374\/\" target=\"_blank\" rel=\"noopener\">Valentino Rossi<\/a> il y a maintenant dix ans. Le temps a beau \u00eatre pass\u00e9, il n&rsquo;a pas v\u00e9ritablement fait son \u0153uvre pour apaiser les ranc\u0153urs.<\/p>\n<p>Lire aussi :<\/p>\n<p>\u00c0 l&rsquo;image d&rsquo;un Davide Tardozzi pacificateur, beaucoup aimeraient que les deux champions donnent l&rsquo;exemple pour enterrer enfin la hache de guerre. On se souvient de la port\u00e9e de leur main serr\u00e9e au GP de Catalogne 2016, dans un contexte, celui de la mort de Luis Salom, qui poussait \u00e0 relativiser cette guerre d&rsquo;\u00e9gos. Seulement, deux ans plus tard, Rossi refusait la main tendue de M\u00e1rquez et la relation est depuis rest\u00e9e glaciale.<\/p>\n<p>Des ann\u00e9es apr\u00e8s les \u00e9v\u00e9nements, les conditions ne semblent pas r\u00e9unies pour revoir un tel geste. Il suffit de r\u00e9entendre <a href=\"https:\/\/fr.motorsport.com\/motogp\/news\/rossi-saison-2015-marquez-sale\/10653825\/\" target=\"_self\" rel=\"noopener\">la mani\u00e8re dont Valentino Rossi relatait les \u00e9v\u00e9nements l&rsquo;an dernier<\/a> pour douter qu&rsquo;il puisse jamais y avoir de paix entre les deux champions. C&rsquo;est ce qu&rsquo;a fait remarquer Marc M\u00e1rquez dans une interview accord\u00e9e \u00e0 DAZN, soulignant qu&rsquo;il faut \u00eatre deux pour d\u00e9cider d&rsquo;une tr\u00eave.<\/p>\n<p>\u00ab\u00a0Quand quelque chose ne d\u00e9pend pas uniquement de toi, tu ne peux pas dire\u00a0:\u00a0&lsquo;\u00c7a m&rsquo;int\u00e9resse&rsquo;. Je r\u00e9p\u00e8te\u00a0:\u00a0je ne veux avoir aupr\u00e8s de moi que des personnes qui ont quelque chose \u00e0 me donner\u00a0\u00bb, explique le pilote espagnol, pour justifier le fait qu&rsquo;il n&rsquo;ait plus\u00a0 tr\u00e8s envie lui-m\u00eame de chercher la paix en vain.<\/p>\n<p>   <img decoding=\"async\" draggable=\"false\" src=\"https:\/\/www.europesays.com\/fr\/wp-content\/uploads\/2025\/07\/1752746952_394_marc-marquez-ducati-team.jpg\" alt=\"Marc Marquez va-t-il \u00e9galer les titres de Valentino Rossi cette ann\u00e9e ?\" width=\"1200\" height=\"800\" loading=\"lazy\"\/> <\/p>\n<p class=\"title\">Marc M\u00e1rquez va-t-il \u00e9galer les titres de Valentino Rossi cette ann\u00e9e ?<\/p>\n<p class=\"photographer\">Photo de: Gold and Goose Photography \/ LAT Images \/ via Getty Images<\/p>\n<p>L&rsquo;octuple champion du monde explique aussi avoir connu des moments de tension avec d&rsquo;autres pilotes que Rossi, mais sans s&rsquo;\u00eatre laiss\u00e9 perturber. \u00ab\u00a0Tous mes adversaires m&rsquo;ont dit de mauvaises choses. J&rsquo;ai eu des querelles avec Pedrosa, Lorenzo et Valentino, mais ce sont des adversaires. Ce sont des coll\u00e8gues, mais adversaires. Et ce dont je suis le plus fier, c&rsquo;est que quand on a 20 ans, on peut facilement se laisser conditionner par toutes ces d\u00e9clarations, mais moi, \u00e7a n&rsquo;a jamais conditionn\u00e9 ni mon caract\u00e8re, ni ma fa\u00e7on de piloter.\u00a0\u00bb<\/p>\n<p>M\u00e1rquez veut aussi voir dans les trois grands rivaux de son d\u00e9but de carri\u00e8re des pilotes lui ayant appris des choses : \u00ab\u00a0<a href=\"https:\/\/fr.motorsport.com\/driver\/dani-pedrosa\/92566\/\" target=\"_blank\" rel=\"noopener\">Dani Pedrosa<\/a> m&rsquo;a beaucoup appris. C&rsquo;est de lui que j&rsquo;ai le plus appris. Sans deux handicaps, \u00e0 savoir la taille et la force, il aurait gagn\u00e9 plus d&rsquo;un titre en MotoGP. J&rsquo;ai essay\u00e9 de piloter comme lui, mais avec plus d&rsquo;agressivit\u00e9. Puis, \u00e0 ma mani\u00e8re, j&rsquo;ai appris \u00e0 marteler comme Lorenzo et \u00e0 g\u00e9rer une course comme Rossi.\u00a0\u00bb<\/p>\n<p>\u00c9galer les titres de Rossi plus que ses victoires<\/p>\n<p>D\u00e9sormais \u00e0 la t\u00eate de 69 victoires dans la cat\u00e9gorie reine, Marc M\u00e1rquez a d\u00e9pass\u00e9 Giacomo Agostini et n&rsquo;est plus devanc\u00e9 dans cette statistique que par Valentino Rossi et ses 89 succ\u00e8s. Mais il semble y avoir bien autre chose dans la ligne de mire de l&rsquo;Espagnol.<\/p>\n<p>\u00ab\u00a0Il me semble difficile de l&rsquo;atteindre, il me manque beaucoup de victoires\u00a0\u00bb, sugg\u00e8re-t-il modestement. \u00ab\u00a0Et puis, je ne me suis jamais fix\u00e9 un nombre de succ\u00e8s \u00e0 atteindre dans ma carri\u00e8re. Je ne connaissais pas les chiffres d&rsquo;Agostini et de Rossi, par exemple. Gagner sept titres en MotoGP me semble plus faisable qu&rsquo;obtenir 89 victoires. C&rsquo;est plus faisable, mais rien n&rsquo;est facile. Je vais essayer.\u00a0\u00bb<\/p>\n<p>Avec la premi\u00e8re moiti\u00e9 de saison impressionnante qu&rsquo;il vient de r\u00e9aliser, M\u00e1rquez est en bonne voie pour aller chercher un septi\u00e8me titre MotoGP, qui serait le neuvi\u00e8me pour lui toutes cat\u00e9gories confondues. Il \u00e9galerait ainsi Rossi, dont les tentatives de dixi\u00e8me sacre ont toujours \u00e9chou\u00e9, et ce jusqu&rsquo;en 2015 o\u00f9 il a eu en main les meilleures chances d&rsquo;y arriver.<\/p>\n<p>Lire aussi :<\/p>\n<p>Dans cet article<\/p>\n<p>Soyez le premier inform\u00e9 et souscrivez aux alertes mails pour recevoir les infos en temps r\u00e9el<\/p>\n<p>    S&rsquo;abonner aux alertes de news<\/p>\n","protected":false},"excerpt":{"rendered":"Les sifflets subis par Marc M\u00e1rquez au GP d&rsquo;Italie n&rsquo;ont fait que raviver une tension jamais totalement \u00e9teinte&hellip;\n","protected":false},"author":2,"featured_media":253638,"comment_status":"","ping_status":"","sticky":false,"template":"","format":"standard","meta":{"footnotes":""},"categories":[1413],"tags":[4950,1011,27,5038,1457,1456,1458,60,5929],"class_list":{"0":"post-253637","1":"post","2":"type-post","3":"status-publish","4":"format-standard","5":"has-post-thumbnail","7":"category-moto","8":"tag-ducati-team","9":"tag-fr","10":"tag-france","11":"tag-marc-mu00e1rquez","12":"tag-moto","13":"tag-motocycle","14":"tag-motogp","15":"tag-sports","16":"tag-valentino-rossi"},"share_on_mastodon":{"url":"https:\/\/pubeurope.com\/@fr\/114868031698695691","error":""},"_links":{"self":[{"href":"https:\/\/www.europesays.com\/fr\/wp-json\/wp\/v2\/posts\/253637","targetHints":{"allow":["GET"]}}],"collection":[{"href":"https:\/\/www.europesays.com\/fr\/wp-json\/wp\/v2\/posts"}],"about":[{"href":"https:\/\/www.europesays.com\/fr\/wp-json\/wp\/v2\/types\/post"}],"author":[{"embeddable":true,"href":"https:\/\/www.europesays.com\/fr\/wp-json\/wp\/v2\/users\/2"}],"replies":[{"embeddable":true,"href":"https:\/\/www.europesays.com\/fr\/wp-json\/wp\/v2\/comments?post=253637"}],"version-history":[{"count":0,"href":"https:\/\/www.europesays.com\/fr\/wp-json\/wp\/v2\/posts\/253637\/revisions"}],"wp:featuredmedia":[{"embeddable":true,"href":"https:\/\/www.europesays.com\/fr\/wp-json\/wp\/v2\/media\/253638"}],"wp:attachment":[{"href":"https:\/\/www.europesays.com\/fr\/wp-json\/wp\/v2\/media?parent=253637"}],"wp:term":[{"taxonomy":"category","embeddable":true,"href":"https:\/\/www.europesays.com\/fr\/wp-json\/wp\/v2\/categories?post=253637"},{"taxonomy":"post_tag","embeddable":true,"href":"https:\/\/www.europesays.com\/fr\/wp-json\/wp\/v2\/tags?post=253637"}],"curies":[{"name":"wp","href":"https:\/\/api.w.org\/{rel}","templated":true}]}}