{"id":253645,"date":"2025-07-17T10:13:11","date_gmt":"2025-07-17T10:13:11","guid":{"rendered":"https:\/\/www.europesays.com\/fr\/253645\/"},"modified":"2025-07-17T10:13:11","modified_gmt":"2025-07-17T10:13:11","slug":"beyonce-et-leon-xiv-deviennent-fans-de-la-junte-militaire-au-pouvoir-grace-a-lia","status":"publish","type":"post","link":"https:\/\/www.europesays.com\/fr\/253645\/","title":{"rendered":"Beyonc\u00e9 et L\u00e9on XIV deviennent fans de la junte militaire au pouvoir\u2026 gr\u00e2ce \u00e0 l\u2019IA"},"content":{"rendered":"<p>L\u2019affaire pourrait pr\u00eater \u00e0 sourire si l\u2019enjeu n\u2019\u00e9tait pas si dramatique. \u00c0 en croire des vid\u00e9os virales qui circulent sur Internet, le chanteur am\u00e9ricain emprisonn\u00e9 <a href=\"https:\/\/www.20minutes.fr\/arts-stars\/people\/r-kelly\/\" class=\"color-ultramarine c-link\" rel=\"nofollow noopener\" target=\"_blank\">R. Kelly<\/a>, <a href=\"https:\/\/www.20minutes.fr\/arts-stars\/people\/beyonce\/\" class=\"color-ultramarine c-link\" rel=\"nofollow noopener\" target=\"_blank\">Beyonc\u00e9<\/a> et le pape <a href=\"https:\/\/www.20minutes.fr\/monde\/pape-leon-xiv\/\" class=\"color-ultramarine c-link\" rel=\"nofollow noopener\" target=\"_blank\">L\u00e9on XIV<\/a> sont d\u2019accord sur un point\u00a0: le chef de la junte du Burkina Faso, le capitaine <a href=\"https:\/\/www.20minutes.fr\/monde\/4163177-20250711-mali-chef-junte-militaire-devient-president-elections-ca-pourrait-durer-longtemps\" class=\"color-ultramarine c-link\" rel=\"nofollow noopener\" target=\"_blank\">Ibrahim Traor\u00e9<\/a>, est un dirigeant fantastique.<\/p>\n<p>Des vid\u00e9os, visionn\u00e9es plusieurs millions de fois, montrent le chanteur am\u00e9ricain, actuellement emprisonn\u00e9 pour <a href=\"https:\/\/www.20minutes.fr\/arts-stars\/people\/3022611-20210416-chanteur-r-kelly-transfere-new-york-o-juge-trafic-sexuel\" class=\"color-ultramarine c-link\" rel=\"nofollow noopener\" target=\"_blank\">trafic sexuel<\/a>, chanter depuis sa prison, au piano et les larmes aux yeux, une ode en anglais au capitaine Traor\u00e9, un homme \u00ab\u00a0debout\u00a0\u00bb qui \u00ab\u00a0a tout risqu\u00e9\u00a0\u00bb et \u00ab\u00a0se bat pour la paix dans sa terre natale\u00a0\u00bb.<\/p>\n<p>R.Kelly en prison, Beyonc\u00e9 au soutien, le pape L\u00e9on XIV \u00e0 la plume\u2026<\/p>\n<p>Dans une autre, on voit la star am\u00e9ricaine, Beyonc\u00e9 (ou une cr\u00e9ation qui lui ressemble vaguement) appelant \u00e0 prot\u00e9ger le capitaine Traor\u00e9, \u00ab\u00a0la voix des faibles\u00a0\u00bb et \u00ab\u00a0le capitaine de notre vaisseau\u00a0\u00bb. Une autre encore montre le pape r\u00e9pondant \u00e0 une suppos\u00e9e lettre du capitaine Traor\u00e9.<\/p>\n<\/p>\n<p>Ces images d\u00e9tourn\u00e9es sont la t\u00eate de pont d\u2019une campagne de d\u00e9sinformation men\u00e9e depuis plusieurs semaines par la junte burkinab\u00e8 pour h\u00e9ro\u00efser son chef, loin des <a href=\"https:\/\/www.20minutes.fr\/dossier\/jihadistes\" class=\"color-ultramarine c-link\" rel=\"nofollow noopener\" target=\"_blank\">violences djihadistes<\/a> qui endeuillent son pays et de la r\u00e9pression des voix discordantes.<\/p>\n<p>M\u00ealant propagande et contenus g\u00e9n\u00e9r\u00e9s par intelligence artificielle (IA), elles se sont intensifi\u00e9es depuis avril et ont \u00e9t\u00e9 particuli\u00e8rement relay\u00e9es dans des pays anglophones d\u2019Afrique de l\u2019Ouest.<\/p>\n<p>\u00ab\u00a0Culte de la personnalit\u00e9\u00a0\u00bb<\/p>\n<p>\u00ab\u00a0Ces campagnes d\u2019influence et de d\u00e9sinformation visent \u00e0 \u00e9tendre le culte de la personnalit\u00e9 autour du capitaine Traor\u00e9 vers les voisins anglophones du <a href=\"https:\/\/www.20minutes.fr\/monde\/burkina_faso\/\" class=\"color-ultramarine c-link\" rel=\"nofollow noopener\" target=\"_blank\">Burkina Faso<\/a>\u00a0\u00bb, explique un chercheur am\u00e9ricain sous couvert d\u2019anonymat.<\/p>\n<p>Et \u00e0 d\u00e9tourner l\u2019attention de l\u2019incapacit\u00e9 du leader de la junte, \u00e0 tenir son engagement, pris en prenant le pouvoir par un coup d\u2019\u00c9tat en septembre\u00a02022, de reprendre le contr\u00f4le du pays en six mois face aux djihadistes affili\u00e9s \u00e0 Al-Qa\u00efda et \u00e0 l\u2019\u00c9tat islamique.<\/p>\n<p>Parall\u00e8lement, des campagnes de d\u00e9sinformation sont apparues dans plusieurs pays anglophones africains apr\u00e8s que le g\u00e9n\u00e9ral am\u00e9ricain Michael Langley, alors chef du commandement des Etats-Unis pour l\u2019Afrique (AFRICOM), a accus\u00e9 la junte de d\u00e9tourner les ressources mini\u00e8res pour financer sa s\u00e9curit\u00e9. Des propos d\u00e9nonc\u00e9s par les autorit\u00e9s burkinab\u00e8, mais aussi par leurs voisins et alli\u00e9s du Niger et du Mali.<\/p>\n<p>Une arm\u00e9e num\u00e9rique<\/p>\n<p>Des activistes et influenceurs anglophones, en Afrique et m\u00eame aux Etats-Unis, ont relay\u00e9 de la d\u00e9sinformation, notamment pour d\u00e9noncer Langley et magnifier Traor\u00e9.<\/p>\n<p>Si \u00ab\u00a0certains influenceurs se sont auto-saisis de cette campagne pour en faire un fonds de commerce, d\u2019autres ont \u00e9t\u00e9 contact\u00e9s par le dispositif d\u2019influence informationnelle de la junte\u00a0\u00bb, explique un sp\u00e9cialiste burkinab\u00e8 en influence informationnelle, qui pr\u00e9f\u00e8re garder l\u2019anonymat pour raisons de s\u00e9curit\u00e9.<\/p>\n<p>Selon lui, la junte dispose de groupe de cyber-militants qui \u00ab\u00a0fonctionnent comme une arm\u00e9e num\u00e9rique\u00a0\u00bb avec \u00ab\u00a0\u00e0 leur t\u00eate le militant Ibrahima Ma\u00efga, install\u00e9 aux Etats-Unis\u00a0\u00bb.<\/p>\n<p>Des connexions russes<\/p>\n<p>\u00ab\u00a0Ils relaient un narratif anti-imp\u00e9rialiste, qui pr\u00e9sente le capitaine Traor\u00e9 comme celui qui va sauver le Burkina et l\u2019Afrique du n\u00e9ocolonialisme de l\u2019Occident, ajoute-t-il. Et leur narratif \u00ab\u00a0arrange la Russie, qui l\u2019amplifie \u00e0 son tour\u00a0\u00bb.<\/p>\n<p><a href=\"https:\/\/www.20minutes.fr\/monde\/\" class=\"c-link c-btn c-btn--primary\" rel=\"nofollow noopener\" target=\"_blank\">Retrouvez ici toute l&rsquo;actualit\u00e9 internationale<\/a><\/p>\n<p>\u00ab\u00a0Certains rapports ont \u00e9tabli des connexions russes dans la r\u00e9cente pouss\u00e9e de ces op\u00e9rations de d\u00e9sinformation\u00a0\u00bb, observe le chercheur am\u00e9ricain, pr\u00e9cisant que la campagne pro Traor\u00e9 cible le Ghana et particuli\u00e8rement le <a href=\"https:\/\/www.20minutes.fr\/monde\/nigeria\/\" class=\"color-ultramarine c-link\" rel=\"nofollow noopener\" target=\"_blank\">Nigeria<\/a>, un g\u00e9ant dont la d\u00e9stabilisation \u00ab\u00a0aurait des effets significatifs sur la r\u00e9gion\u00a0\u00bb.<\/p>\n<p>\u00ab\u00a0Les m\u00e9dias au Burkina et au Togo ont accept\u00e9 de l\u2019argent d\u2019agents li\u00e9s \u00e0 la Russie pour relayer ces campagnes\u00a0\u00bb, soutient le journaliste nigerian Philip Obaji, sp\u00e9cialiste des op\u00e9rations d\u2019influence russes.<\/p>\n<p>La guerre de la d\u00e9sinformation<\/p>\n<p>Au Burkina, la junte a chass\u00e9 les m\u00e9dias internationaux du pays et les journalistes locaux s\u2019autocensurent, craignant d\u2019\u00eatre arr\u00eat\u00e9s et envoy\u00e9s au front pour lutter contre les djihadistes comme cela est arriv\u00e9 \u00e0 certains de leurs confr\u00e8res.<\/p>\n<p>Des Burkinab\u00e8 de la diaspora s\u2019efforcent de d\u00e9mentir le narratif de la junte, en relayant par exemple sur les r\u00e9seaux sociaux les revendications d\u2019attaques de groupes djihadistes.<\/p>\n<p>Mais au Burkina, commenter ou partager ces publications est assimil\u00e9 \u00e0 une apologie du terrorisme, passible de peines d\u2019emprisonnement de un \u00e0 cinq ans.<\/p>\n","protected":false},"excerpt":{"rendered":"L\u2019affaire pourrait pr\u00eater \u00e0 sourire si l\u2019enjeu n\u2019\u00e9tait pas si dramatique. \u00c0 en croire des vid\u00e9os virales qui&hellip;\n","protected":false},"author":2,"featured_media":253646,"comment_status":"","ping_status":"","sticky":false,"template":"","format":"standard","meta":{"footnotes":""},"categories":[1359],"tags":[47,39404,8482,7362,12375,536,58,59,1011,27,39403,74,12672,973,10512,32327,132],"class_list":{"0":"post-253645","1":"post","2":"type-post","3":"status-publish","4":"format-standard","5":"has-post-thumbnail","7":"category-people","8":"tag-actualite","9":"tag-afrique-de-louest","10":"tag-al-qaida","11":"tag-beyonce","12":"tag-burkina-faso","13":"tag-communication","14":"tag-divertissement","15":"tag-entertainment","16":"tag-fr","17":"tag-france","18":"tag-junte-militaire","19":"tag-monde","20":"tag-pape","21":"tag-people","22":"tag-propagande","23":"tag-r-kelly","24":"tag-russie"},"share_on_mastodon":{"url":"https:\/\/pubeurope.com\/@fr\/114868047264707144","error":""},"_links":{"self":[{"href":"https:\/\/www.europesays.com\/fr\/wp-json\/wp\/v2\/posts\/253645","targetHints":{"allow":["GET"]}}],"collection":[{"href":"https:\/\/www.europesays.com\/fr\/wp-json\/wp\/v2\/posts"}],"about":[{"href":"https:\/\/www.europesays.com\/fr\/wp-json\/wp\/v2\/types\/post"}],"author":[{"embeddable":true,"href":"https:\/\/www.europesays.com\/fr\/wp-json\/wp\/v2\/users\/2"}],"replies":[{"embeddable":true,"href":"https:\/\/www.europesays.com\/fr\/wp-json\/wp\/v2\/comments?post=253645"}],"version-history":[{"count":0,"href":"https:\/\/www.europesays.com\/fr\/wp-json\/wp\/v2\/posts\/253645\/revisions"}],"wp:featuredmedia":[{"embeddable":true,"href":"https:\/\/www.europesays.com\/fr\/wp-json\/wp\/v2\/media\/253646"}],"wp:attachment":[{"href":"https:\/\/www.europesays.com\/fr\/wp-json\/wp\/v2\/media?parent=253645"}],"wp:term":[{"taxonomy":"category","embeddable":true,"href":"https:\/\/www.europesays.com\/fr\/wp-json\/wp\/v2\/categories?post=253645"},{"taxonomy":"post_tag","embeddable":true,"href":"https:\/\/www.europesays.com\/fr\/wp-json\/wp\/v2\/tags?post=253645"}],"curies":[{"name":"wp","href":"https:\/\/api.w.org\/{rel}","templated":true}]}}