{"id":253647,"date":"2025-07-17T10:14:23","date_gmt":"2025-07-17T10:14:23","guid":{"rendered":"https:\/\/www.europesays.com\/fr\/253647\/"},"modified":"2025-07-17T10:14:23","modified_gmt":"2025-07-17T10:14:23","slug":"montbard-martine-chabant-expose-ses-toiles-a-loffice-de-tourisme","status":"publish","type":"post","link":"https:\/\/www.europesays.com\/fr\/253647\/","title":{"rendered":"Montbard. Martine Chabant expose ses toiles \u00e0 l\u2019office de tourisme"},"content":{"rendered":"<p>Martine Chabant n\u2019est pas seulement membre du conseil d\u2019administration de l\u2019office de tourisme du Montbardois. Depuis quelques jours, elle expose aussi ses toiles au sein de la structure. \u00ab\u00a0Il nous arrive fr\u00e9quemment de proposer \u00e0 des artistes de venir pr\u00e9senter leur travail chez nous (lire par ailleurs) \u00a0\u00bb, pr\u00e9cise Claude Guinchard, pr\u00e9sident de la structure, qui se dit ravi d\u2019avoir pu faire de m\u00eame avec Martine Chabant.<\/p>\n<p>Une satisfaction d\u2019autant plus forte quand on conna\u00eet le temp\u00e9rament de cette habitante de Seigny, plut\u00f4t discr\u00e8te, et qui n\u2019expose que rarement ses \u0153uvres. \u00ab\u00a0C\u2019est vrai que je ne multiplie pas les vernissages\u00a0\u00bb, confie Martine Chabant en riant. Autodidacte, elle avoue s\u2019int\u00e9resser \u00e0 l\u2019art depuis l\u2019enfance. \u00ab\u00a0Par exemple, j\u2019avais une tante qui&#8230;<\/p>\n","protected":false},"excerpt":{"rendered":"Martine Chabant n\u2019est pas seulement membre du conseil d\u2019administration de l\u2019office de tourisme du Montbardois. Depuis quelques jours,&hellip;\n","protected":false},"author":2,"featured_media":253648,"comment_status":"","ping_status":"","sticky":false,"template":"","format":"standard","meta":{"footnotes":""},"categories":[1358],"tags":[1348,1384,1385,1687,1386,58,11743,59,2271,107,1011,27,11741,11742],"class_list":{"0":"post-253647","1":"post","2":"type-post","3":"status-publish","4":"format-standard","5":"has-post-thumbnail","7":"category-arts-et-design","8":"tag-arts","9":"tag-arts-and-design","10":"tag-arts-et-design","11":"tag-culture-loisirs","12":"tag-design","13":"tag-divertissement","14":"tag-edition-haute-cote-dor","15":"tag-entertainment","16":"tag-exposition-arts-plastiques","17":"tag-fil-info","18":"tag-fr","19":"tag-france","20":"tag-montbard","21":"tag-montbard-bassin"},"share_on_mastodon":{"url":"https:\/\/pubeurope.com\/@fr\/114868051211173491","error":""},"_links":{"self":[{"href":"https:\/\/www.europesays.com\/fr\/wp-json\/wp\/v2\/posts\/253647","targetHints":{"allow":["GET"]}}],"collection":[{"href":"https:\/\/www.europesays.com\/fr\/wp-json\/wp\/v2\/posts"}],"about":[{"href":"https:\/\/www.europesays.com\/fr\/wp-json\/wp\/v2\/types\/post"}],"author":[{"embeddable":true,"href":"https:\/\/www.europesays.com\/fr\/wp-json\/wp\/v2\/users\/2"}],"replies":[{"embeddable":true,"href":"https:\/\/www.europesays.com\/fr\/wp-json\/wp\/v2\/comments?post=253647"}],"version-history":[{"count":0,"href":"https:\/\/www.europesays.com\/fr\/wp-json\/wp\/v2\/posts\/253647\/revisions"}],"wp:featuredmedia":[{"embeddable":true,"href":"https:\/\/www.europesays.com\/fr\/wp-json\/wp\/v2\/media\/253648"}],"wp:attachment":[{"href":"https:\/\/www.europesays.com\/fr\/wp-json\/wp\/v2\/media?parent=253647"}],"wp:term":[{"taxonomy":"category","embeddable":true,"href":"https:\/\/www.europesays.com\/fr\/wp-json\/wp\/v2\/categories?post=253647"},{"taxonomy":"post_tag","embeddable":true,"href":"https:\/\/www.europesays.com\/fr\/wp-json\/wp\/v2\/tags?post=253647"}],"curies":[{"name":"wp","href":"https:\/\/api.w.org\/{rel}","templated":true}]}}