{"id":253649,"date":"2025-07-17T10:15:13","date_gmt":"2025-07-17T10:15:13","guid":{"rendered":"https:\/\/www.europesays.com\/fr\/253649\/"},"modified":"2025-07-17T10:15:13","modified_gmt":"2025-07-17T10:15:13","slug":"le-domaine-de-trevarez-a-saint-goazec-au-coeur-du-dernier-ouvrage-de-francois-lange","status":"publish","type":"post","link":"https:\/\/www.europesays.com\/fr\/253649\/","title":{"rendered":"Le Domaine de Tr\u00e9varez, \u00e0 Saint-Goazec, au c\u0153ur du dernier ouvrage de Fran\u00e7ois Lange"},"content":{"rendered":"<p>Le dernier ouvrage de Fran\u00e7ois Lange (66 ans), paru le vendredi 11 juillet, risque fort de faire parler sur les hauteurs du canal\u00a0: l\u2019auteur s\u2019est appropri\u00e9 l\u2019\u00e9difice de Saint-Goazec surplombant le cours d\u2019eau et en fait le lieu de son intrigue fantastique \u00ab\u00a0Dans les Ombres de Tr\u00e9varez\u00a0\u00bb, qu\u2019il pr\u00e9sentera au public, ce samedi, \u00e0 la maison de la presse de Ch\u00e2teauneuf-du-Faou.<\/p>\n<p>Grand fan de litt\u00e9rature fantastique, l\u2019auteur saute sur l\u2019occasion lorsque les \u00e9ditions Pal\u00e9mon met en place une branche d\u00e9di\u00e9e \u00e0 ce style. Connu pour ses polars historiques r\u00e9gionaux et les enqu\u00eates men\u00e9es par Fa\u00f1ch le Roy, il se lance avec \u00ab\u00a0Le d\u00e9mon du cr\u00e9puscule \u00bb suivi du \u00ab Sanctuaire oubli\u00e9 de Morgat \u00bb. Son troisi\u00e8me ouvrage d\u00e9di\u00e9 au fantastique a pour cadre le Domaine de Tr\u00e9varez et son ch\u00e2teau.<\/p>\n<p>Tr\u00e9varez, source de ses inspirations<\/p>\n<p>\u00ab\u00a0Il y a des lieux qui m\u2019int\u00e9ressent profond\u00e9ment. Tr\u00e9varez en fait partie. C\u2019est un concentr\u00e9 d\u2019histoire sur 3-4 ans avec l\u2019occupation des Allemands (des Japonais, comme les m\u00e9decins fous d\u2019Hitler, y seraient aussi pass\u00e9s), le bombardement\u2026 Au final, ce lieu a une histoire ancienne comme contemporaine et j\u2019y zigzague avec ma propre histoire\u00a0\u00bb, indique l\u2019officier de police \u00e0 la retraite.<\/p>\n<p>Dans ce livre, en octobre 2024, d\u2019\u00e9tranges ph\u00e9nom\u00e8nes troublent la qui\u00e9tude automnale du domaine\u00a0: une double disparition am\u00e8ne l\u2019intervention de la Section de recherche de la gendarmerie nationale alors qu\u2019une myst\u00e9rieuse cr\u00e9ature semble errer dans les bois environnants\u00a0: l\u2019enqu\u00eate va alors prendre une autre dimension\u2026<\/p>\n<p>L\u2019auteur s\u2019est notamment inspir\u00e9 de ses ballades autour du ch\u00e2teau\u00a0: \u00ab\u00a0J\u2019ai pu m\u2019impr\u00e9gner de cette atmosph\u00e8re et j\u2019en remercie les responsables du Domaine. \u00c7a a g\u00e9n\u00e9r\u00e9 de l\u2019imagination.\u00a0\u00bb<\/p>\n<p>Apr\u00e8s le Sud-Finist\u00e8re, le road-trip de l\u2019auteur le fait remonter \u00e0 quelques kilom\u00e8tres du ch\u00e2teau. \u00ab\u00a0J\u2019aurais aim\u00e9 faire la d\u00e9dicace sur place mais leur programme d\u2019\u00e9t\u00e9 est d\u00e9j\u00e0 tr\u00e8s charg\u00e9. Je touche du bois et nous ne sommes pas tr\u00e8s loin\u00a0\u00bb , indique un auteur confort\u00e9 par les <b\/>premiers \u00e9chos positifs autour de son ouvrage.<\/p>\n<p>Pratique<\/p>\n<p class=\"note\">S\u00e9ance de d\u00e9dicace \u00e0 la maison de la presse, ce samedi 19 juillet, \u00e0 partir de 10\u00a0h.<\/p>\n","protected":false},"excerpt":{"rendered":"Le dernier ouvrage de Fran\u00e7ois Lange (66 ans), paru le vendredi 11 juillet, risque fort de faire parler&hellip;\n","protected":false},"author":2,"featured_media":253650,"comment_status":"","ping_status":"","sticky":false,"template":"","format":"standard","meta":{"footnotes":""},"categories":[1357],"tags":[1379,39405,58,59,1011,27,1380],"class_list":{"0":"post-253649","1":"post","2":"type-post","3":"status-publish","4":"format-standard","5":"has-post-thumbnail","7":"category-livres","8":"tag-books","9":"tag-chateauneuf-du-faou","10":"tag-divertissement","11":"tag-entertainment","12":"tag-fr","13":"tag-france","14":"tag-livres"},"share_on_mastodon":{"url":"https:\/\/pubeurope.com\/@fr\/114868055135485719","error":""},"_links":{"self":[{"href":"https:\/\/www.europesays.com\/fr\/wp-json\/wp\/v2\/posts\/253649","targetHints":{"allow":["GET"]}}],"collection":[{"href":"https:\/\/www.europesays.com\/fr\/wp-json\/wp\/v2\/posts"}],"about":[{"href":"https:\/\/www.europesays.com\/fr\/wp-json\/wp\/v2\/types\/post"}],"author":[{"embeddable":true,"href":"https:\/\/www.europesays.com\/fr\/wp-json\/wp\/v2\/users\/2"}],"replies":[{"embeddable":true,"href":"https:\/\/www.europesays.com\/fr\/wp-json\/wp\/v2\/comments?post=253649"}],"version-history":[{"count":0,"href":"https:\/\/www.europesays.com\/fr\/wp-json\/wp\/v2\/posts\/253649\/revisions"}],"wp:featuredmedia":[{"embeddable":true,"href":"https:\/\/www.europesays.com\/fr\/wp-json\/wp\/v2\/media\/253650"}],"wp:attachment":[{"href":"https:\/\/www.europesays.com\/fr\/wp-json\/wp\/v2\/media?parent=253649"}],"wp:term":[{"taxonomy":"category","embeddable":true,"href":"https:\/\/www.europesays.com\/fr\/wp-json\/wp\/v2\/categories?post=253649"},{"taxonomy":"post_tag","embeddable":true,"href":"https:\/\/www.europesays.com\/fr\/wp-json\/wp\/v2\/tags?post=253649"}],"curies":[{"name":"wp","href":"https:\/\/api.w.org\/{rel}","templated":true}]}}