{"id":253651,"date":"2025-07-17T10:16:13","date_gmt":"2025-07-17T10:16:13","guid":{"rendered":"https:\/\/www.europesays.com\/fr\/253651\/"},"modified":"2025-07-17T10:16:13","modified_gmt":"2025-07-17T10:16:13","slug":"kelly-vedovelli-insultee-sa-replique-cinglante-a-ceux-qui-laccusent-detre-une-escort","status":"publish","type":"post","link":"https:\/\/www.europesays.com\/fr\/253651\/","title":{"rendered":"Kelly Vedovelli insult\u00e9e : sa r\u00e9plique cinglante \u00e0 ceux qui l\u2019accusent d\u2019\u00eatre une \u00ab\u00a0escort\u00a0\u00bb"},"content":{"rendered":"<p>      R\u00e9sum\u00e9<\/p>\n<p>Kelly Vedovelli r\u00e9pond avec humour et ironie \u00e0 une accusation infond\u00e9e sur les r\u00e9seaux, affirmant sa confiance et son naturel face aux critiques.<\/p>\n<p>        Sommaire<\/p>\n<p><a href=\"https:\/\/www.public.fr\/kelly-vedovelli-bientot-maman-la-chroniqueuse-de-cyril-hanouna-revele-ses-projets\" target=\"_blank\" rel=\"noopener\"><strong>Kelly Vedovelli<\/strong><\/a> n&rsquo;a pas sa langue dans sa poche\u2026 et encore moins quand il s&rsquo;agit de r\u00e9pondre \u00e0 ses d\u00e9tracteurs ! <\/p>\n<p>Ce mercredi 16 juillet 2025, la c\u00e9l\u00e8bre chroniqueuse de Touche Pas \u00e0 Mon Poste a d\u00fb faire face \u00e0 une insulte aussi gratuite que d\u00e9plac\u00e9e sous l&rsquo;un de ses Reels <a href=\"https:\/\/www.instagram.com\/kellyvedovelli\/?hl=fr\" target=\"_blank\" rel=\"noreferrer noopener\">Instagram<\/a>. <\/p>\n<p>En commentaire, <strong>un internaute s&rsquo;est en effet permis de la traiter d'\u00a0\u00bbescort\u00a0\u00bb,<\/strong> sans aucun fondement. Une attaque misogyne qui a provoqu\u00e9 la col\u00e8re de la principale int\u00e9ress\u00e9e.<\/p>\n<p>Pas question pour Kelly de laisser passer. Fid\u00e8le \u00e0 la devise \u00ab\u00a0\u0153il pour \u0153il, dent pour dent\u00a0\u00bb, la prot\u00e9g\u00e9e de Cyril Hanouna a d\u00e9cid\u00e9 de contre-attaquer\u2026 \u00e0 sa mani\u00e8re. <\/p>\n<p>Exit les insultes ou les clashs virulents : la jolie blonde a opt\u00e9 pour la r\u00e9partie fine et ironique. Elle a retrouv\u00e9 le compte de son hater et a tout <strong>simplement comment\u00e9 \u00ab\u00a0BG\u00a0\u00bb sous l&rsquo;une de ses photos<\/strong>. Une fa\u00e7on bien \u00e0 elle de d\u00e9samorcer la haine avec une touche d&rsquo;humour.<\/p>\n<p>Kelly Vedovelli : \u00ab\u00a0Vos insultes me font m\u00e9ga rire\u00a0\u00bb<\/p>\n<p><strong>Ce n&rsquo;est \u00e9videmment pas la premi\u00e8re fois que Kelly Vedovelli doit ainsi monter au front.<\/strong> En 2022, elle avait d\u00e9j\u00e0 partag\u00e9 une \u00ab\u00a0mise au point\u00a0\u00bb cinglante sur les r\u00e9seaux.<\/p>\n<p>\u00ab\u00a0Je pense vous avoir montr\u00e9 depuis maintenant dix ans que je suis sur les r\u00e9seaux sociaux \u00e0 quel point j&rsquo;aime tout dans la vie. Mon franc-parler, mon naturel, mes nombreux plaisirs simples avec mes amis\u00a0\u00bb, avait-elle \u00e9crit avant d&rsquo;ajouter : \u00ab\u00a0Aussi bien au McDo qu&rsquo;au Four Seasons, aussi bien chez H&amp;M que chez Dior si je peux me le permettre, sinon je filme les vitrines car j&rsquo;aime la mode (&#8230;) <strong>Vos insultes ou commentaires rabaissants me font m\u00e9ga rire.\u00a0Et au pire, ils m&rsquo;indiff\u00e8rent totalement<\/strong>\u00ab\u00a0.<\/p>\n<p>Et de conclure : \u00ab\u00a0Je ne sais pas pourquoi, \u00e7a me touche si peu. Mais juste, \u00e7a inqui\u00e8te mes proches car vous \u00eates flippants et \u00e7a, c&rsquo;est relou.\u00a0Au pire, unfollowez-moi non ?\u00a0(&#8230;) Je suis droite dans mes bottes et heureuse. C&rsquo;est s\u00fbrement \u00e7a qui vous emmerde\u00a0\u00bb. Voil\u00e0 qui est clair !<\/p>\n<p><img loading=\"lazy\" decoding=\"async\" width=\"565\" height=\"1024\" src=\"https:\/\/www.europesays.com\/fr\/wp-content\/uploads\/2025\/07\/Capture-decran-2025-07-17-a-09.57.03-565x1024.png\" alt=\"Kelly Vedovelli insult\u00e9e : sa r\u00e9plique cinglante \u00e0 ceux qui l\u2019accusent d\u2019\u00eatre une &quot;escort&quot;\"  \/><\/p>\n<p><img loading=\"lazy\" decoding=\"async\" width=\"569\" height=\"1024\" src=\"https:\/\/www.europesays.com\/fr\/wp-content\/uploads\/2025\/07\/Capture-decran-2025-07-17-a-09.57.13-569x1024.png\" alt=\"Kelly Vedovelli insult\u00e9e : sa r\u00e9plique cinglante \u00e0 ceux qui l\u2019accusent d\u2019\u00eatre une &quot;escort&quot;\"  \/><\/p>\n<p>      Mentionn\u00e9s dans cet article<\/p>\n<p>\u00c0 lire aussi<\/p>\n<p><script async src=\"\/\/www.instagram.com\/embed.js\"><\/script><\/p>\n","protected":false},"excerpt":{"rendered":"R\u00e9sum\u00e9 Kelly Vedovelli r\u00e9pond avec humour et ironie \u00e0 une accusation infond\u00e9e sur les r\u00e9seaux, affirmant sa confiance&hellip;\n","protected":false},"author":2,"featured_media":253652,"comment_status":"","ping_status":"","sticky":false,"template":"","format":"standard","meta":{"footnotes":""},"categories":[1356],"tags":[58,59,1011,27,39406,1675,252,1364],"class_list":{"0":"post-253651","1":"post","2":"type-post","3":"status-publish","4":"format-standard","5":"has-post-thumbnail","7":"category-television","8":"tag-divertissement","9":"tag-entertainment","10":"tag-fr","11":"tag-france","12":"tag-haters","13":"tag-kelly-vedovelli","14":"tag-television","15":"tag-tv"},"share_on_mastodon":{"url":"https:\/\/pubeurope.com\/@fr\/114868059225707874","error":""},"_links":{"self":[{"href":"https:\/\/www.europesays.com\/fr\/wp-json\/wp\/v2\/posts\/253651","targetHints":{"allow":["GET"]}}],"collection":[{"href":"https:\/\/www.europesays.com\/fr\/wp-json\/wp\/v2\/posts"}],"about":[{"href":"https:\/\/www.europesays.com\/fr\/wp-json\/wp\/v2\/types\/post"}],"author":[{"embeddable":true,"href":"https:\/\/www.europesays.com\/fr\/wp-json\/wp\/v2\/users\/2"}],"replies":[{"embeddable":true,"href":"https:\/\/www.europesays.com\/fr\/wp-json\/wp\/v2\/comments?post=253651"}],"version-history":[{"count":0,"href":"https:\/\/www.europesays.com\/fr\/wp-json\/wp\/v2\/posts\/253651\/revisions"}],"wp:featuredmedia":[{"embeddable":true,"href":"https:\/\/www.europesays.com\/fr\/wp-json\/wp\/v2\/media\/253652"}],"wp:attachment":[{"href":"https:\/\/www.europesays.com\/fr\/wp-json\/wp\/v2\/media?parent=253651"}],"wp:term":[{"taxonomy":"category","embeddable":true,"href":"https:\/\/www.europesays.com\/fr\/wp-json\/wp\/v2\/categories?post=253651"},{"taxonomy":"post_tag","embeddable":true,"href":"https:\/\/www.europesays.com\/fr\/wp-json\/wp\/v2\/tags?post=253651"}],"curies":[{"name":"wp","href":"https:\/\/api.w.org\/{rel}","templated":true}]}}