{"id":253657,"date":"2025-07-17T10:19:10","date_gmt":"2025-07-17T10:19:10","guid":{"rendered":"https:\/\/www.europesays.com\/fr\/253657\/"},"modified":"2025-07-17T10:19:10","modified_gmt":"2025-07-17T10:19:10","slug":"le-senat-americain-valide-9-milliards-de-coupes-budgetaires","status":"publish","type":"post","link":"https:\/\/www.europesays.com\/fr\/253657\/","title":{"rendered":"Le S\u00e9nat am\u00e9ricain\u00a0valide 9\u00a0milliards de\u00a0coupes budg\u00e9taires"},"content":{"rendered":"<p>                          <img loading=\"lazy\" decoding=\"async\" src=\"https:\/\/www.europesays.com\/fr\/wp-content\/uploads\/2025\/07\/a692171_ftp-import-images-1-odfu0iocfi3x-f6b8f360c04844dc9b6445d6c9a9d90e-0-cfbafc512a594976b01b74a7.jpeg\" alt=\" John Thune, le chef de la majorit\u00e9 r\u00e9publicaine au S\u00e9nat, au Capitole, \u00e0 Washington, mardi 15\u00a0juillet 2025.\"   width=\"664\" height=\"443\"\/>    John Thune, le chef de la majorit\u00e9 r\u00e9publicaine au S\u00e9nat, au Capitole, \u00e0 Washington, mardi 15\u00a0juillet 2025.  J. SCOTT APPLEWHITE \/ AP                   <\/p>\n<p class=\"article__paragraph  \">Le S\u00e9nat am\u00e9ricain a adopt\u00e9, mercredi 16\u00a0juillet, sous l\u2019impulsion de la Maison Blanche et de la commission Doge d\u2019Elon Musk, un texte qui permettrait \u00e0 l\u2019administration Trump de ne pas avoir \u00e0 d\u00e9penser quelque 9\u00a0milliards de dollars de fonds publics. Malgr\u00e9 une majorit\u00e9 r\u00e9publicaine de 53\u00a0si\u00e8ges sur 100, le vote a \u00e9t\u00e9 acquis \u00e0 seulement 51\u00a0voix pour et 48 contre. Ce texte concerne pr\u00e8s de 8\u00a0milliards de dollars qui \u00e9taient destin\u00e9s \u00e0 l\u2019agence d\u2019aide au d\u00e9veloppement Usaid, le reste devant \u00eatre principalement d\u00e9volu aux m\u00e9dias publics NPR et\u00a0PBS.<\/p>\n<p class=\"article__paragraph  \">Le chef de la majorit\u00e9 r\u00e9publicaine au S\u00e9nat, John Thune, a relativis\u00e9 l\u2019impact de ces coupes tout en saluant un premier pas n\u00e9cessaire. \u00ab\u00a0On parle ici d\u2019un dixi\u00e8me de\u00a01\u00a0% de toutes les d\u00e9penses f\u00e9d\u00e9rales\u00a0\u00bb, a-t-il d\u00e9clar\u00e9 \u00e0 la presse. \u00ab\u00a0Quand on a une dette de 36\u00a0000\u00a0milliards de dollars, on se doit de faire quelque chose\u00a0\u00bb, a ajout\u00e9 le s\u00e9nateur.<\/p>\n<p class=\"article__paragraph  \">Le s\u00e9nateur de Caroline du Sud, Lindsey Graham, a expliqu\u00e9 \u00e0 l\u2019Agence France-Presse que le projet de loi \u00e9tait coh\u00e9rent avec les promesses de Donald Trump de r\u00e9duire les d\u00e9penses. \u00ab\u00a0J\u2019ai toujours \u00e9t\u00e9 un grand partisan des programmes d\u2019aide \u00e0 l\u2019\u00e9tranger\u2026 Je suis un type tr\u00e8s faucon [interventionniste], mais l\u2019aide \u00e9trang\u00e8re est n\u00e9cessaire. Le \u201csoft power\u201d est n\u00e9cessaire\u00a0\u00bb, a-t-il affirm\u00e9. \u00ab\u00a0Mais quand on commence \u00e0 d\u00e9penser de l\u2019argent pour tout un tas de trucs inutiles, et pour des programmes lib\u00e9raux sans lien avec l\u2019objectif initial de ces aides, \u00e7a devient difficile pour un gars comme moi.\u00a0\u00bb<\/p>\n<p class=\"article__paragraph  \">Le programme mondial Pepfar de lutte contre le sida, cr\u00e9\u00e9 sous George\u00a0W. Bush, \u00e9tait initialement concern\u00e9 par ces coupes, avec 400\u00a0millions de dollars annul\u00e9s, mais des s\u00e9nateurs mod\u00e9r\u00e9s ont obtenu de retirer cette portion du texte d\u00e9j\u00e0 adopt\u00e9 \u00e0 la Chambre des repr\u00e9sentants. La Chambre basse devra donc \u00e0 nouveau voter, avant la fin de la semaine, pour approuver la version modifi\u00e9e.<\/p>\n<p>                                Lire aussi |  <a href=\"https:\/\/www.lemonde.fr\/international\/article\/2025\/07\/01\/les-coupes-americaines-dans-l-aide-internationale-pourraient-causer-plus-de-14-millions-de-morts-d-ici-2030_6617032_3210.html\" class=\"js-article-read-also catcher--favoris__link\" data-premium=\"\" id=\"article-title-3429563\" rel=\"nofollow noopener\" target=\"_blank\">Les coupes am\u00e9ricaines dans l\u2019aide internationale pourraient causer plus de\u00a014\u00a0millions de\u00a0morts d\u2019ici \u00e0\u00a02030<\/a>    <\/p>\n<p>   Lire plus tard  <\/p>\n<p>                   Critiques d\u00e9mocrates             <\/p>\n<p class=\"article__paragraph  \">De l\u2019autre c\u00f4t\u00e9 de l\u2019h\u00e9micycle, les d\u00e9mocrates, dont aucun amendement n\u2019a \u00e9t\u00e9 adopt\u00e9, sont unis pour s\u2019opposer au projet. Corey Booker, s\u00e9nateur d\u00e9mocrate du New Jersey, a d\u00e9nonc\u00e9 \u00e0 l\u2019Agence France-Presse (AFP) \u00ab\u00a0un nouvel exemple de la mani\u00e8re terrible dont l\u2019esprit et les id\u00e9aux de notre Constitution sont \u00e9branl\u00e9s\u00a0\u00bb sous Donald Trump.<\/p>\n<p class=\"article__paragraph  \">Au moment de l\u2019adoption du texte \u00e0 la Chambre des repr\u00e9sentants, le pr\u00e9sident r\u00e9publicain s\u2019\u00e9tait f\u00e9licit\u00e9 de r\u00e9cup\u00e9rer 9\u00a0milliards de dollars \u00ab\u00a0destin\u00e9s \u00e0 une aide \u00e9trang\u00e8re gaspilleuse\u00a0\u00bb.<\/p>\n<p class=\"article__paragraph  \">Il avait aussi attaqu\u00e9 la radio NPR et la cha\u00eene de t\u00e9l\u00e9vision PBS, \u00ab\u00a0hautement biais\u00e9es\u00a0\u00bb contre les r\u00e9publicains, selon lui. Les deux m\u00e9dias publics risquent de perdre 1,1\u00a0milliard de dollars qui leur \u00e9taient destin\u00e9s.<\/p>\n<p class=\"article__paragraph  \">La Constitution am\u00e9ricaine dispose que le Congr\u00e8s poss\u00e8de seul le pouvoir d\u2019allouer les fonds publics f\u00e9d\u00e9raux. Le texte adopt\u00e9 \u00e0 la Chambre des repr\u00e9sentants vise ainsi \u00e0 donner force de loi aux coupes identifi\u00e9es par\u00a0la commission DOGE d\u2019Elon Musk et demand\u00e9es par la Maison Blanche, alors que ces fonds avaient d\u00e9j\u00e0 \u00e9t\u00e9 approuv\u00e9s pr\u00e9c\u00e9demment par le Congr\u00e8s.<\/p>\n<p>                                Lire aussi |  <a href=\"https:\/\/www.lemonde.fr\/international\/article\/2025\/07\/01\/projet-de-loi-budgetaire-de-donald-trump-approbation-de-justesse-du-senat_6617283_3210.html\" class=\"js-article-read-also catcher--favoris__link\" data-premium=\"\" id=\"article-title-3429728\" rel=\"nofollow noopener\" target=\"_blank\">Projet de loi budg\u00e9taire de Donald Trump\u00a0: approbation de justesse du S\u00e9nat<\/a>    <\/p>\n<p>   Lire plus tard  <\/p>\n<p class=\"author__detail\">  Le Monde avec AFP  <\/p>\n<p>                  <a href=\"https:\/\/www.lemonde.fr\/syndication\/\" class=\"reuse__content\" title=\"R\u00e9utiliser ce contenu\" target=\"_blank\" rel=\"nofollow noopener\">R\u00e9utiliser ce contenu<\/a>      <\/p>\n","protected":false},"excerpt":{"rendered":"John Thune, le chef de la majorit\u00e9 r\u00e9publicaine au S\u00e9nat, au Capitole, \u00e0 Washington, mardi 15\u00a0juillet 2025. J.&hellip;\n","protected":false},"author":2,"featured_media":253658,"comment_status":"","ping_status":"","sticky":false,"template":"","format":"standard","meta":{"footnotes":""},"categories":[10],"tags":[1011,27,72,71],"class_list":{"0":"post-253657","1":"post","2":"type-post","3":"status-publish","4":"format-standard","5":"has-post-thumbnail","7":"category-sante","8":"tag-fr","9":"tag-france","10":"tag-health","11":"tag-sante"},"share_on_mastodon":{"url":"https:\/\/pubeurope.com\/@fr\/114868070906557036","error":""},"_links":{"self":[{"href":"https:\/\/www.europesays.com\/fr\/wp-json\/wp\/v2\/posts\/253657","targetHints":{"allow":["GET"]}}],"collection":[{"href":"https:\/\/www.europesays.com\/fr\/wp-json\/wp\/v2\/posts"}],"about":[{"href":"https:\/\/www.europesays.com\/fr\/wp-json\/wp\/v2\/types\/post"}],"author":[{"embeddable":true,"href":"https:\/\/www.europesays.com\/fr\/wp-json\/wp\/v2\/users\/2"}],"replies":[{"embeddable":true,"href":"https:\/\/www.europesays.com\/fr\/wp-json\/wp\/v2\/comments?post=253657"}],"version-history":[{"count":0,"href":"https:\/\/www.europesays.com\/fr\/wp-json\/wp\/v2\/posts\/253657\/revisions"}],"wp:featuredmedia":[{"embeddable":true,"href":"https:\/\/www.europesays.com\/fr\/wp-json\/wp\/v2\/media\/253658"}],"wp:attachment":[{"href":"https:\/\/www.europesays.com\/fr\/wp-json\/wp\/v2\/media?parent=253657"}],"wp:term":[{"taxonomy":"category","embeddable":true,"href":"https:\/\/www.europesays.com\/fr\/wp-json\/wp\/v2\/categories?post=253657"},{"taxonomy":"post_tag","embeddable":true,"href":"https:\/\/www.europesays.com\/fr\/wp-json\/wp\/v2\/tags?post=253657"}],"curies":[{"name":"wp","href":"https:\/\/api.w.org\/{rel}","templated":true}]}}