{"id":253661,"date":"2025-07-17T10:21:09","date_gmt":"2025-07-17T10:21:09","guid":{"rendered":"https:\/\/www.europesays.com\/fr\/253661\/"},"modified":"2025-07-17T10:21:09","modified_gmt":"2025-07-17T10:21:09","slug":"apres-lincendie-a-tomorrowland-les-organisateurs-necartent-pas-lannulation-du-festival","status":"publish","type":"post","link":"https:\/\/www.europesays.com\/fr\/253661\/","title":{"rendered":"Apr\u00e8s l\u2019incendie \u00e0 Tomorrowland, les organisateurs n\u2019\u00e9cartent pas l\u2019annulation du festival"},"content":{"rendered":"<p>Jeudi 17 juillet, les \u00e9quipes du festival et les services de secours se sont r\u00e9unis pour un premier \u00e9tat des lieux. \u00ab\u00a0Il est encore un peu t\u00f4t pour dire exactement ce que nous allons faire\u00a0\u00bb, explique une porte-parole.<\/p>\n<p class=\"fig-paragraph\">L\u2019avenir de\u00a0<a href=\"http:\/\/www.lefigaro.fr\/international\/belgique-la-scene-principale-de-tomorrowland-completement-detruite-par-un-incendie-a-deux-jours-de-l-ouverture-du-festival-20250716\" target=\"_blank\" data-fig-type=\"NewsFlash\" rel=\"noopener\" data-gtm-custom-categorie=\"navigation\" data-gtm-custom-action=\"crossclick\" data-gtm-custom-label=\"Contextuel\" data-gtm-event=\"customEventSPE\" data-fig-domain=\"LEFIGARO\">Tomorrowland 2025<\/a>, l\u2019un des plus grands festivals de musique \u00e9lectronique au monde, demeure incertain. Alors que la sc\u00e8ne principale a \u00e9t\u00e9 ravag\u00e9e par un violent incendie dans l\u2019apr\u00e8s-midi du mercredi 16 juillet, les organisateurs tentaient encore hier soir de faire preuve d\u2019optimisme. \u00ab\u00a0L\u2019\u00e9dition aura lieu sans sc\u00e8ne principale, mais nous esp\u00e9rons proposer autre chose\u00a0\u00bb, assurait Debby Wilmsen, la porte-parole du festival.<\/p>\n<p class=\"fig-paragraph\">Ce jeudi matin, Debby Wilmsen est plus prudente. \u00ab\u00a0Il est encore un peu t\u00f4t pour dire exactement ce que nous allons faire\u00a0\u00bb, a-t-elle d\u00e9clar\u00e9 selon le site d\u2019information flamand\u00a0<a href=\"https:\/\/www.vrt.be\/vrtnws\/nl\/liveblog\/kan-tomorrowland-doorgaan-burgemeester-rumst-festival-volledi~1752684132296\/\" target=\"_blank\" rel=\"sponsored noopener\" data-gtm-custom-categorie=\"navigation\" data-gtm-custom-action=\"crossclick\" data-gtm-custom-label=\"Contextuel\" data-gtm-event=\"customEventSPE\">VRT<\/a>. \u00ab\u00a0La seule chose dont nous sommes certains, c\u2019est l\u2019ouverture du camping Dreamville \u00e0 Rumst et l\u2019accueil des festivaliers internationaux \u00e0 Bruxelles\u00a0\u00bb, ajoute-t-elle. Le bourgmestre de Rumst (une des communes sur laquelle est situ\u00e9 le festival), Jurgen Callaerts (N-VA), a, lui, indiqu\u00e9 qu\u2019\u00ab\u00a0annuler compl\u00e8tement le festival est la derni\u00e8re chose que nous voulons faire\u00a0\u00bb.<\/p>\n<blockquote class=\"fig-quote&#10;    \">\n<p class=\"fig-quote__text\">\u00ab \u00c9motionnellement, ce serait un d\u00e9sastre si le festival ne pouvait pas avoir lieu.\u00a0\u00bb<\/p>\n<p>            Debby Wilmsen, porte-parole du festival.\n    <\/p><\/blockquote>\n<p>                                    <a class=\"fig-a11y-skip a11y-hidden\" href=\"#fig-a11y-skip-main-inarticle\"><br \/>\n        Passer la publicit\u00e9<br \/>\n    <\/a><\/p>\n<p class=\"fig-paragraph\">Les discussions entre les organisateurs, les services de secours et les autorit\u00e9s locales se poursuivent pour \u00e9valuer dans quelles mesures les op\u00e9rations peuvent reprendre, indique la porte-parole. Si les organisateurs ne perdent pas espoir, la d\u00e9cision finale reviendra aux pompiers et aux forces de l\u2019ordre. \u00ab\u00a0\u00c9motionnellement, ce serait un d\u00e9sastre si le festival ne pouvait pas avoir lieu\u00a0\u00bb, confie la porte-parole au journal\u00a0<a href=\"https:\/\/www.lesoir.be\/688272\/article\/2025-07-17\/en-direct-ce-serait-un-desastre-les-organisateurs-de-tomorrowland-necartent-plus\" target=\"_blank\" rel=\"sponsored noopener\" data-gtm-custom-categorie=\"navigation\" data-gtm-custom-action=\"crossclick\" data-gtm-custom-label=\"Contextuel\" data-gtm-event=\"customEventSPE\">Le Soir<\/a> .<\/p>\n<p class=\"fig-paragraph\">Jeudi matin, les \u00e9quipes de production et les services de secours se sont r\u00e9unis pour un premier \u00e9tat des lieux. La zone de s\u00e9curit\u00e9 \u00e9tablie autour de la sc\u00e8ne principale a \u00e9t\u00e9 lev\u00e9e, permettant \u00e0 l\u2019organisation de commencer les premiers travaux techniques. \u00ab\u00a0Nous \u00e9valuons la situation heure par heure\u00a0\u00bb, explique Fran\u00e7ois Van den Eynde, commandant des pompiers de la zone de secours Rivierenland. \u00ab\u00a0D\u00e9monter les restes d\u2019une telle sc\u00e8ne n\u2019est pas une mince affaire\u00a0: c\u2019est un enchev\u00eatrement d\u2019\u00e9chafaudages tordus \u2013 un peu comme apr\u00e8s l\u2019incendie de Notre-Dame.\u00a0\u00bb<\/p>\n<p class=\"fig-paragraph\">La tenue du festival n\u2019est donc plus garantie. La porte-parole a ouvert la porte \u00e0 une annulation, en pr\u00e9cisant que la faisabilit\u00e9 de l\u2019\u00e9v\u00e9nement d\u00e9pendra de la s\u00e9curit\u00e9 du site. En attendant une d\u00e9cision d\u00e9finitive, les organisateurs doivent jongler entre la pression logistique, la s\u00e9curit\u00e9, et les attentes des milliers de festivaliers d\u00e9j\u00e0 en route pour la Belgique.<\/p>\n","protected":false},"excerpt":{"rendered":"Jeudi 17 juillet, les \u00e9quipes du festival et les services de secours se sont r\u00e9unis pour un premier&hellip;\n","protected":false},"author":2,"featured_media":253662,"comment_status":"","ping_status":"","sticky":false,"template":"","format":"standard","meta":{"footnotes":""},"categories":[8],"tags":[828,58,59,1011,27,1310,39219],"class_list":{"0":"post-253661","1":"post","2":"type-post","3":"status-publish","4":"format-standard","5":"has-post-thumbnail","7":"category-divertissement","8":"tag-belgique","9":"tag-divertissement","10":"tag-entertainment","11":"tag-fr","12":"tag-france","13":"tag-incendie","14":"tag-tomorrowland"},"share_on_mastodon":{"url":"https:\/\/pubeurope.com\/@fr\/114868078745943978","error":""},"_links":{"self":[{"href":"https:\/\/www.europesays.com\/fr\/wp-json\/wp\/v2\/posts\/253661","targetHints":{"allow":["GET"]}}],"collection":[{"href":"https:\/\/www.europesays.com\/fr\/wp-json\/wp\/v2\/posts"}],"about":[{"href":"https:\/\/www.europesays.com\/fr\/wp-json\/wp\/v2\/types\/post"}],"author":[{"embeddable":true,"href":"https:\/\/www.europesays.com\/fr\/wp-json\/wp\/v2\/users\/2"}],"replies":[{"embeddable":true,"href":"https:\/\/www.europesays.com\/fr\/wp-json\/wp\/v2\/comments?post=253661"}],"version-history":[{"count":0,"href":"https:\/\/www.europesays.com\/fr\/wp-json\/wp\/v2\/posts\/253661\/revisions"}],"wp:featuredmedia":[{"embeddable":true,"href":"https:\/\/www.europesays.com\/fr\/wp-json\/wp\/v2\/media\/253662"}],"wp:attachment":[{"href":"https:\/\/www.europesays.com\/fr\/wp-json\/wp\/v2\/media?parent=253661"}],"wp:term":[{"taxonomy":"category","embeddable":true,"href":"https:\/\/www.europesays.com\/fr\/wp-json\/wp\/v2\/categories?post=253661"},{"taxonomy":"post_tag","embeddable":true,"href":"https:\/\/www.europesays.com\/fr\/wp-json\/wp\/v2\/tags?post=253661"}],"curies":[{"name":"wp","href":"https:\/\/api.w.org\/{rel}","templated":true}]}}