{"id":253667,"date":"2025-07-17T10:24:12","date_gmt":"2025-07-17T10:24:12","guid":{"rendered":"https:\/\/www.europesays.com\/fr\/253667\/"},"modified":"2025-07-17T10:24:12","modified_gmt":"2025-07-17T10:24:12","slug":"lancien-president-russe-dmitri-medvedev-suggere-de-lancer-des-frappes-preventives-contre-loccident","status":"publish","type":"post","link":"https:\/\/www.europesays.com\/fr\/253667\/","title":{"rendered":"L\u2019ancien pr\u00e9sident russe Dmitri Medvedev sugg\u00e8re de \u00ab\u00a0lancer des frappes pr\u00e9ventives\u00a0\u00bb contre l\u2019Occident"},"content":{"rendered":"<p>Proche de Vladimir Poutine, l\u2019ancien pr\u00e9sident russe est un habitu\u00e9 des sorties belliqueuses fracassantes, hostiles aux pays occidentaux.<\/p>\n<p class=\"fig-paragraph\">L\u2019ancien pr\u00e9sident russe\u00a0<a href=\"http:\/\/www.lefigaro.fr\/international\/guerre-en-ukraine-dmitri-medvedev-evoque-la-prise-de-kiev-comme-un-objectif-possible-de-la-russie-20240222\" data-fig-type=\"NewsFlash\" data-gtm-custom-categorie=\"navigation\" data-gtm-custom-action=\"crossclick\" data-gtm-custom-label=\"Contextuel\" data-gtm-event=\"customEventSPE\" data-fig-domain=\"LEFIGARO\" rel=\"nofollow noopener\" target=\"_blank\">Dmitri Medvedev<\/a>\u00a0a d\u00e9clar\u00e9 ce jeudi 17 juillet que l\u2019Occident menait pratiquement une guerre \u00e0 grande \u00e9chelle contre\u00a0<a href=\"http:\/\/www.lefigaro.fr\/international\/guerre-en-ukraine-la-russie-reste-prete-a-negocier-apres-les-propos-de-trump-affirme-le-kremlin-20250715\" data-fig-type=\"NewsFlash\" data-gtm-custom-categorie=\"navigation\" data-gtm-custom-action=\"crossclick\" data-gtm-custom-label=\"Contextuel\" data-gtm-event=\"customEventSPE\" data-fig-domain=\"LEFIGARO\" rel=\"nofollow noopener\" target=\"_blank\">la Russie<\/a>, et que\u00a0<a href=\"http:\/\/www.lefigaro.fr\/international\/volodymyr-peux-tu-frapper-moscou-trump-aurait-encourage-zelensky-a-attaquer-la-russie-en-profondeur-20250715\" data-fig-type=\"Article\" data-gtm-custom-categorie=\"navigation\" data-gtm-custom-action=\"crossclick\" data-gtm-custom-label=\"Contextuel\" data-gtm-event=\"customEventSPE\" data-fig-domain=\"LEFIGARO\" rel=\"nofollow noopener\" target=\"_blank\">Moscou<\/a>\u00a0devait donc r\u00e9agir pleinement, voire, si n\u00e9cessaire, lancer des frappes pr\u00e9ventives, a rapport\u00e9 l\u2019agence de presse publique russe TASS. \u00abNous devons agir en cons\u00e9quence. R\u00e9pondre pleinement. Et si n\u00e9cessaire, lancer des frappes pr\u00e9ventives\u00bb, a d\u00e9clar\u00e9 Dmitri Medvedev, cit\u00e9 par TASS.<\/p>\n<p class=\"fig-paragraph\">Dmitri Medvedev, vice-pr\u00e9sident du puissant Conseil de s\u00e9curit\u00e9 de la Russie, a rejet\u00e9 les d\u00e9clarations des responsables occidentaux selon lesquelles la Russie pourrait attaquer l\u2019Europe, les qualifiant d\u2019inepties. \u00abPermettez-moi de vous rappeler que notre pr\u00e9sident a d\u00e9clar\u00e9 sans \u00e9quivoque que la Russie n\u2019avait pas l\u2019intention de combattre l\u2019OTAN ou d\u2019attaquer l\u2019Europe\u00bb, a-t-il ainsi d\u00e9clar\u00e9.<\/p>\n<p class=\"fig-body-link\">\n            \u00c0 lire aussi<br \/>\n        <a class=\"fig-body-link__link\" href=\"http:\/\/www.lefigaro.fr\/international\/la-russie-a-designe-la-france-comme-son-principal-adversaire-en-europe-selon-le-chef-d-etat-major-thierry-burkhard-20250711\" data-fig-type=\"NewsFlash\" data-gtm-custom-categorie=\"navigation\" data-gtm-custom-action=\"crossclick\" data-gtm-custom-label=\"Contextuel\" data-gtm-event=\"customEventSPE\" data-fig-domain=\"LEFIGARO\" rel=\"nofollow noopener\" target=\"_blank\">Pour le g\u00e9n\u00e9ral Burkhard, la Russie \u00aba d\u00e9sign\u00e9 la France comme son premier adversaire en Europe\u00bb<br \/>\n    <\/a>\n<\/p>\n<p>                                    <a class=\"fig-a11y-skip a11y-hidden\" href=\"#fig-a11y-skip-main-inarticle\"><br \/>\n        Passer la publicit\u00e9<br \/>\n    <\/a><\/p>\n<p>Habitu\u00e9 des d\u00e9clarations incendiaires<\/p>\n<p class=\"fig-paragraph\">Proche de Vladimir Poutine, l\u2019ancien pr\u00e9sident russe est un habitu\u00e9 des\u00a0<a href=\"http:\/\/www.lefigaro.fr\/international\/quatrieme-reich-guerre-en-europe-fin-du-dollar-les-predictions-hallucinantes-de-dmitri-medvedev-pour-2023-20221227\" target=\"_blank\" data-fig-type=\"NewsFlash\" rel=\"noopener nofollow\" data-gtm-custom-categorie=\"navigation\" data-gtm-custom-action=\"crossclick\" data-gtm-custom-label=\"Contextuel\" data-gtm-event=\"customEventSPE\" data-fig-domain=\"LEFIGARO\">sorties belliqueuses<\/a>\u00a0fracassantes, hostiles aux pays occidentaux. Il avait par exemple\u00a0<a href=\"http:\/\/www.lefigaro.fr\/international\/je-ne-connais-qu-une-seule-chose-vraiment-grave-la-troisieme-guerre-mondiale-medvedev-met-en-garde-trump-apres-ses-propos-sur-poutine-20250528\" target=\"_blank\" data-fig-type=\"NewsFlash\" rel=\"noopener nofollow\" data-gtm-custom-categorie=\"navigation\" data-gtm-custom-action=\"crossclick\" data-gtm-custom-label=\"Contextuel\" data-gtm-event=\"customEventSPE\" data-fig-domain=\"LEFIGARO\">mis en garde<\/a>\u00a0le pr\u00e9sident am\u00e9ricain en \u00e9crivant sur X le 27 mai dernier: \u00abJe ne connais qu\u2019une seule chose VRAIMENT GRAVE\u00a0: la Troisi\u00e8me Guerre mondiale. J\u2019esp\u00e8re que Trump comprendra cela\u00a0!\u00bb.<\/p>\n<p class=\"fig-paragraph\">Partisan d\u2019une guerre totale contre les Ukrainiens, Dmitri Medvedev a par ailleurs fr\u00e9quemment \u00e9voqu\u00e9 depuis f\u00e9vrier 2022 le spectre d\u2019un conflit nucl\u00e9aire. Il avait notamment \u00e9crit sur X le 30 juillet 2023 que si l\u2019offensive ukrainienne r\u00e9ussissait \u00e0 reprendre du territoire, Moscou serait \u00ab oblig\u00e9 (&#8230;) d\u2019utiliser l\u2019arme nucl\u00e9aire\u00bb, tout en mentionnant \u00e0 plusieurs reprises le risque \u00abd\u2019apocalypse nucl\u00e9aire\u00bb.<\/p>\n","protected":false},"excerpt":{"rendered":"Proche de Vladimir Poutine, l\u2019ancien pr\u00e9sident russe est un habitu\u00e9 des sorties belliqueuses fracassantes, hostiles aux pays occidentaux.&hellip;\n","protected":false},"author":2,"featured_media":253668,"comment_status":"","ping_status":"","sticky":false,"template":"","format":"standard","meta":{"footnotes":""},"categories":[5],"tags":[11,39407,1011,27,131,14,12,132,28],"class_list":{"0":"post-253667","1":"post","2":"type-post","3":"status-publish","4":"format-standard","5":"has-post-thumbnail","7":"category-international","8":"tag-actualites","9":"tag-dmitri-medvedev","10":"tag-fr","11":"tag-france","12":"tag-guerre-en-ukraine","13":"tag-international","14":"tag-news","15":"tag-russie","16":"tag-world"},"share_on_mastodon":{"url":"https:\/\/pubeurope.com\/@fr\/114868090581891476","error":""},"_links":{"self":[{"href":"https:\/\/www.europesays.com\/fr\/wp-json\/wp\/v2\/posts\/253667","targetHints":{"allow":["GET"]}}],"collection":[{"href":"https:\/\/www.europesays.com\/fr\/wp-json\/wp\/v2\/posts"}],"about":[{"href":"https:\/\/www.europesays.com\/fr\/wp-json\/wp\/v2\/types\/post"}],"author":[{"embeddable":true,"href":"https:\/\/www.europesays.com\/fr\/wp-json\/wp\/v2\/users\/2"}],"replies":[{"embeddable":true,"href":"https:\/\/www.europesays.com\/fr\/wp-json\/wp\/v2\/comments?post=253667"}],"version-history":[{"count":0,"href":"https:\/\/www.europesays.com\/fr\/wp-json\/wp\/v2\/posts\/253667\/revisions"}],"wp:featuredmedia":[{"embeddable":true,"href":"https:\/\/www.europesays.com\/fr\/wp-json\/wp\/v2\/media\/253668"}],"wp:attachment":[{"href":"https:\/\/www.europesays.com\/fr\/wp-json\/wp\/v2\/media?parent=253667"}],"wp:term":[{"taxonomy":"category","embeddable":true,"href":"https:\/\/www.europesays.com\/fr\/wp-json\/wp\/v2\/categories?post=253667"},{"taxonomy":"post_tag","embeddable":true,"href":"https:\/\/www.europesays.com\/fr\/wp-json\/wp\/v2\/tags?post=253667"}],"curies":[{"name":"wp","href":"https:\/\/api.w.org\/{rel}","templated":true}]}}