{"id":253670,"date":"2025-07-17T10:26:13","date_gmt":"2025-07-17T10:26:13","guid":{"rendered":"https:\/\/www.europesays.com\/fr\/253670\/"},"modified":"2025-07-17T10:26:13","modified_gmt":"2025-07-17T10:26:13","slug":"je-veux-quon-soit-arbitre-comme-lequipe-de-france-fabien-galthie-tance-larbitrage","status":"publish","type":"post","link":"https:\/\/www.europesays.com\/fr\/253670\/","title":{"rendered":"\u00abJe veux qu\u2019on soit arbitr\u00e9 comme l\u2019\u00e9quipe de France\u00bb, Fabien Galthi\u00e9 tance l&rsquo;arbitrage"},"content":{"rendered":"<p>Ce jeudi en conf\u00e9rence de presse, le s\u00e9lectionneur des Bleus est revenu sur la composition de son \u00e9quipe qui affrontera les All Blacks samedi et a donn\u00e9 son point de vue sur l\u2019arbitrage.<\/p>\n<p class=\"fig-paragraph\">Le s\u00e9lectionneur Fabien Galthi\u00e9 a fait plusieurs changements pour aligner sa \u00abmeilleure \u00e9quipe\u00bb en vue du troisi\u00e8me et dernier test-match de la tourn\u00e9e en Nouvelle-Z\u00e9lande, un<a href=\"http:\/\/www.lefigaro.fr\/sports\/rugby\/xv-de-france\/xv-de-france-slimani-de-retour-barre-enchaine-hastoy-a-la-baguette-la-composition-des-bleus-face-aux-all-blacks-20250717\" data-fig-type=\"NewsFlash\" data-gtm-custom-categorie=\"navigation\" data-gtm-custom-action=\"crossclick\" data-gtm-custom-label=\"Contextuel\" data-gtm-event=\"customEventSPE\" data-fig-domain=\"LEFIGARO\" rel=\"nofollow noopener\" target=\"_blank\">\u00a0XV de France<\/a>\u00a0dont \u00abla d\u00e9termination est d\u00e9cupl\u00e9e\u00bb pour sauver l&rsquo;honneur.<\/p>\n<p class=\"fig-paragraph\">\u00abLes gars ont vraiment boss\u00e9, ils ont encaiss\u00e9, ils ne disent rien. Ils seront l\u00e0 samedi. C&rsquo;est une tourn\u00e9e tr\u00e8s difficile, c&rsquo;est un pari qui semble impossible et ils veulent encore le relever\u00bb, a assur\u00e9 Fabien Galthi\u00e9 qui, \u00abpour rien au monde\u00bb, ne voudrait \u00e9changer sa place.<\/p>\n<p>                                    <a class=\"fig-a11y-skip a11y-hidden\" href=\"#fig-a11y-skip-main-inarticle\"><br \/>\n        Passer la publicit\u00e9<br \/>\n    <\/a><\/p>\n<p class=\"fig-paragraph\">\u00abC&rsquo;est un moment difficile pour l&rsquo;\u00e9quipe. On entend ce qu&rsquo;il se dit\u00bb, dans la presse n\u00e9o-z\u00e9landaise qui consid\u00e8re que la France manque de respect aux All Blacks en n&rsquo;ayant pas envoy\u00e9 ses meilleurs joueurs, a ajout\u00e9 le s\u00e9lectionneur des Bleus.<\/p>\n<p>Deux actions dans le viseur<\/p>\n<p class=\"fig-paragraph\">\u00abCela fait partie de jeu, mais notre d\u00e9termination est d\u00e9cupl\u00e9e. Les gars seront l\u00e0\u00bb, a-t-il assur\u00e9. Le s\u00e9lectionneur est \u00e9galement revenu sur l&rsquo;arbitrage, qui a \u00e9t\u00e9 critiqu\u00e9 en d\u00e9but de semaine par le staff du XV de France, m\u00e9content des d\u00e9cisions en m\u00eal\u00e9e.<\/p>\n<blockquote class=\"fig-quote&#10;    \">\n<p class=\"fig-quote__text\">On a besoin d\u2019\u00eatre arbitr\u00e9 comme si on jouait sur un terrain neutre. Je veux qu\u2019on soit arbitr\u00e9 comme l\u2019\u00e9quipe de France, pas comme une petite nation<\/p>\n<p>            Fabien Galthi\u00e9\n    <\/p><\/blockquote>\n<p class=\"fig-paragraph\">\u00abOn a besoin d&rsquo;\u00eatre arbitr\u00e9 comme si on jouait sur un terrain neutre. Je veux qu&rsquo;on soit arbitr\u00e9 comme l&rsquo;\u00e9quipe de France, pas comme une petite nation\u00bb, a-t-il lanc\u00e9, citant deux actions du match de Wellington qui auraient d\u00fb valoir selon lui un essai de p\u00e9nalit\u00e9 et un carton jaune pour le joueur n\u00e9o-z\u00e9landais fautif. \u00abOn a l&rsquo;impression qu&rsquo;il n&rsquo;y a qu&rsquo;une \u00e9quipe qui est observ\u00e9e en d\u00e9fense et en attaque\u00bb, a-t-il insist\u00e9, quelques minutes avant la traditionnelle r\u00e9union entre le staff et les arbitres du match \u00e0 venir.<\/p>\n<p class=\"fig-paragraph\">En face, le s\u00e9lectionneur N\u00e9o-Z\u00e9landais a proc\u00e9d\u00e9 \u00e0 dix changements par rapport \u00e0 l&rsquo;\u00e9quipe de Wellington. \u00abC&rsquo;est toujours les All Black version premium avec la volont\u00e9 s\u00fbrement de d\u00e9velopper l&rsquo;\u00e9mulation\u00bb au sein du groupe, a r\u00e9pliqu\u00e9 Galthi\u00e9. \u00abOn les conna\u00eet, on les suit tous\u00bb, a-t-il ajout\u00e9.<\/p>\n<p class=\"fig-paragraph\"><strong>\u00c0 VOIR AUSSI &#8211; <\/strong>Football\u00a0: la saison historique du Paris SG<\/p>\n","protected":false},"excerpt":{"rendered":"Ce jeudi en conf\u00e9rence de presse, le s\u00e9lectionneur des Bleus est revenu sur la composition de son \u00e9quipe&hellip;\n","protected":false},"author":2,"featured_media":253671,"comment_status":"","ping_status":"","sticky":false,"template":"","format":"standard","meta":{"footnotes":""},"categories":[2],"tags":[11,2305,515,1011,27,33069,12],"class_list":{"0":"post-253670","1":"post","2":"type-post","3":"status-publish","4":"format-standard","5":"has-post-thumbnail","7":"category-actualites","8":"tag-actualites","9":"tag-all-blacks","10":"tag-fabien-galthie","11":"tag-fr","12":"tag-france","13":"tag-gael-fickou","14":"tag-news"},"share_on_mastodon":{"url":"https:\/\/pubeurope.com\/@fr\/114868098407486377","error":""},"_links":{"self":[{"href":"https:\/\/www.europesays.com\/fr\/wp-json\/wp\/v2\/posts\/253670","targetHints":{"allow":["GET"]}}],"collection":[{"href":"https:\/\/www.europesays.com\/fr\/wp-json\/wp\/v2\/posts"}],"about":[{"href":"https:\/\/www.europesays.com\/fr\/wp-json\/wp\/v2\/types\/post"}],"author":[{"embeddable":true,"href":"https:\/\/www.europesays.com\/fr\/wp-json\/wp\/v2\/users\/2"}],"replies":[{"embeddable":true,"href":"https:\/\/www.europesays.com\/fr\/wp-json\/wp\/v2\/comments?post=253670"}],"version-history":[{"count":0,"href":"https:\/\/www.europesays.com\/fr\/wp-json\/wp\/v2\/posts\/253670\/revisions"}],"wp:featuredmedia":[{"embeddable":true,"href":"https:\/\/www.europesays.com\/fr\/wp-json\/wp\/v2\/media\/253671"}],"wp:attachment":[{"href":"https:\/\/www.europesays.com\/fr\/wp-json\/wp\/v2\/media?parent=253670"}],"wp:term":[{"taxonomy":"category","embeddable":true,"href":"https:\/\/www.europesays.com\/fr\/wp-json\/wp\/v2\/categories?post=253670"},{"taxonomy":"post_tag","embeddable":true,"href":"https:\/\/www.europesays.com\/fr\/wp-json\/wp\/v2\/tags?post=253670"}],"curies":[{"name":"wp","href":"https:\/\/api.w.org\/{rel}","templated":true}]}}