{"id":253686,"date":"2025-07-17T10:34:13","date_gmt":"2025-07-17T10:34:13","guid":{"rendered":"https:\/\/www.europesays.com\/fr\/253686\/"},"modified":"2025-07-17T10:34:13","modified_gmt":"2025-07-17T10:34:13","slug":"conflit-sur-le-stade-entre-la-metropole-et-mohed-altrad-des-huissiers-entrent-dans-la-melee","status":"publish","type":"post","link":"https:\/\/www.europesays.com\/fr\/253686\/","title":{"rendered":"conflit sur le stade entre la M\u00e9tropole et Mohed Altrad, des huissiers entrent dans la m\u00eal\u00e9e"},"content":{"rendered":"<p>            Par<br \/>\n        <strong><br \/>\n            <a href=\"https:\/\/actu.fr\/auteur\/c-nithard\" title=\"Consulter tous les articles de C\u00e9dric Nithard\" rel=\"nofollow noopener\" target=\"_blank\">C\u00e9dric Nithard<\/a><br \/>\n        <\/strong><\/p>\n<p>        Publi\u00e9 le<\/p>\n<p>            17 juil. 2025 \u00e0 11h41<br \/>\n        ; mis \u00e0 jour le 17 juil. 2025 \u00e0 11h45    <\/p>\n<p><strong>Le MHR<\/strong> a publi\u00e9 ce lundi 14 juillet sur les r\u00e9seaux sociaux <strong>une vid\u00e9o<\/strong> d\u00e9taillant <strong>des points de v\u00e9tust\u00e9<\/strong> du <strong>stade Yves du Manoir<\/strong> qui, selon le club, ne lui permettrait pas de \u00ab jouer les premiers r\u00f4les au niveau national et europ\u00e9en. \u00bb Une vid\u00e9o qui n\u2019a pas \u00e9t\u00e9 du go\u00fbt de la <strong>M\u00e9tropole de Montpellier<\/strong>. Deux jours apr\u00e8s, \u00e0 l\u2019occasion du conseil de la collectivit\u00e9,<strong> le vice-pr\u00e9sident d\u00e9l\u00e9gu\u00e9 aux Sports Christian Assaf<\/strong> a tenu, comme on le dit fr\u00e9quemment dans le monde de l\u2019ovalie, \u00e0 <strong>remettre l\u2019\u00e9glise au centre du village<\/strong>.<\/p>\n<p>Le MHR \u00e9voluera bien \u00e0 Yves-du-Manoir<\/p>\n<p class=\" wall-content\">Si la M\u00e9tropole de Montpellier soutient le MHR, comme la plupart des clubs professionnels du territoire, les relations avec son pr\u00e9sident Mohed Altrad sont particuli\u00e8rement complexes. On dira qu\u2019elles oscillent entre l\u2019opposition des \u00e9lections municipales 2014 et la joie du titre de champion de France 2021-2022, les tensions ne manquant pas d\u2019\u00e9merger quand est \u00e9voqu\u00e9e la question du stade Yves-du-Manoir.<\/p>\n<p class=\" wall-content\">La collectivit\u00e9, refusant de le c\u00e9der \u00e0 l\u2019homme d\u2019affaires, le MHR en b\u00e9n\u00e9ficie, \u00e0 l\u2019instar du MHSC pour le stade de la Mosson, par une convention d\u2019occupation temporaire du domaine public pour laquelle le club verse 328 247\u20ac HT par an, somme \u00e0 laquelle s\u2019ajoute une redevance variable en fin de saison suivant les recettes issues de l\u2019exploitation du stade les jours de match.<\/p>\n<p>    <a href=\"https:\/\/www.google.com\/maps\/embed?pb=!1m18!1m12!1m3!1d5184.797772292337!2d3.8477230756211926!3d43.59320095631012!2m3!1f0!2f0!3f0!3m2!1i1024!2i768!4f13.1!3m3!1m2!1s0x12b6ae40ba82c7ab%3A0xce9fe0c500727c8e!2sGGL%20Stadium!5e1!3m2!1sfr!2sfr!4v1752743737578!5m2!1sfr!2sfr\" title=\"Ouvrie le lien\" rel=\"nofollow noopener\" target=\"_blank\">Cliquez ici pour visualiser le contenu<\/a><\/p>\n<p class=\" wall-content\">Apr\u00e8s les probl\u00e8mes de pelouse ayant oblig\u00e9 le club \u00e0 jouer quelques matchs \u00e0 B\u00e9ziers, Mohed Altrad avait justement menac\u00e9 de ne pas signer cette convention et de d\u00e9localiser le club en \u00e9tant pr\u00eat \u00e0 construire son propre stade. Avant que l\u2019on apprenne quelques jours plus tard que la convention avait bien \u00e9t\u00e9 sign\u00e9e pour la saison 2025-2026 et donc pr\u00e9sent\u00e9e en conseil de m\u00e9tropole ce mercredi 16 juillet. L\u2019occasion pour Christian Assaf d\u2019apporter des pr\u00e9cisions quant \u00e0 la vid\u00e9o diffus\u00e9e par le MHR deux jours plus t\u00f4t. Autant dire que le vice-pr\u00e9sident d\u00e9l\u00e9gu\u00e9 aux Sports n\u2019a pas h\u00e9sit\u00e9 \u00e0 aller au tampon.<\/p>\n<p>Une vid\u00e9o \u00e0 charge pour\u2026 le MHR ?<\/p>\n<p class=\" wall-content\">F\u00e9licitant d\u2019abord les U16 pour leur r\u00e9cent titre de champion de France, Christian Assaf estime que la signature de la convention est \u00ab un v\u00e9ritable \u00e9pilogue suite \u00e0 de nombreuses rumeurs et \u00e0 des menaces aussi absurdes qu\u2019improbables quant \u00e0 la d\u00e9localisation de notre club fanion. Cela montre l\u2019attachement du club \u00e0 sa r\u00e9sidence le stade Yves-du-Manoir. \u00bb Un stade qui a par ailleurs discr\u00e8tement chang\u00e9 de nom le 1er juillet dernier passant de GGL Stadium \u00e0 <strong>Septeo Stadium<\/strong>. L\u2019entreprise montpelli\u00e9raine internationale versant 480 000\u20ac TTC par an \u00e0 la collectivit\u00e9 pour ce nouveau nom.<\/p>\n<p>Vid\u00e9os : en ce moment sur Actu<\/p>\n<p class=\" wall-content\">La satisfaction exprim\u00e9e, le vice-pr\u00e9sident d\u00e9l\u00e9gu\u00e9 aux Sports revient sur la vid\u00e9o diffus\u00e9e par le club ayant \u00ab pour but de d\u00e9cr\u00e9dibiliser la M\u00e9tropole. \u00bb Citant Blaise Pascal, \u00ab\u00a0Qui veut faire l\u2019ange, fait la b\u00eate \u00bb, Christian Assaf passe \u00e0 l\u2019attaque : \u00ab Sur cette vid\u00e9o sont pr\u00e9sent\u00e9e des espaces d\u00e9grad\u00e9s du secteur professionnel comme les vestiaires, les sanitaires, les douches, les salles de massage\u2026 Des espaces exclusivement utilis\u00e9s par l\u2019\u00e9quipe premi\u00e8re du MHR et pour lesquels le club a la charge d\u2019entretenir et de maintenir ses locaux. \u00bb Un point en effet mentionn\u00e9 dans l\u2019article 7 de la convention d\u2019occupation temporaire du domaine public qui stipule : \u00ab Pendant la dur\u00e9e de la convention, toute d\u00e9pense d\u2019entretien et de r\u00e9paration, \u00e0 l\u2019exception des grosses r\u00e9parations relevant de l\u2019article 606 du code civil qui resteront \u00e0 la charge de la M\u00e9tropole \u00e0 savoir les gros murs, les vo\u00fbtes, le r\u00e9tablissement des poutres ou des couvertures enti\u00e8res, toutes les autres r\u00e9parations sont d\u2019entretien et seront \u00e0 la charge de l\u2019occupant. \u00bb<\/p>\n<p>Des huissiers et une commission de s\u00e9curit\u00e9<\/p>\n<p class=\" wall-content\">S\u00fbr de son bon droit, Christian Assaf ironise : \u00ab Je remercie le pr\u00e9sident Altrad de cette vid\u00e9o qui nous permet d\u2019avoir un \u00e9tat pr\u00e9cis de l\u2019\u00e9tat des b\u00e2timents dont il a la charge \u00bb et d\u2019indiquer que \u00ab des huissiers ont \u00e9t\u00e9 d\u00e9p\u00each\u00e9s pour constater cela tr\u00e8s officiellement afin de rappeler \u00e0 monsieur Altrad et l\u2019\u00e9quipe leurs obligations conventionnelles. \u00bb Et de pr\u00e9ciser que la M\u00e9tropole de Montpellier a engag\u00e9 depuis 2021 plus de 3M\u20ac sur le stade Yves-du-Manoir pour la r\u00e9flexion de la pelouse en cours actuellement, le remplacement de la pelouse du stade \u00c9ric B\u00e9chu, la r\u00e9novation compl\u00e8te de l\u2019\u00e9clairage, le changement de la signal\u00e9tique, des ascenseurs\u2026 et, \u00e0 venir, des cam\u00e9ras de vid\u00e9osurveillance ainsi que les am\u00e9liorations de ses acc\u00e8s. Sept agents \u00e0 temps plein sont de plus en charge de \u00ab ce pr\u00e9cieux stade dont il est bien trop souvent vilipend\u00e9. \u00bb T\u00e9moignant de ses exp\u00e9riences, il n\u2019en reste pas moins que le stade Yves-du-Manoir a obtenu l\u2019avant-derni\u00e8re place du r\u00e9cent classement de L\u2019\u00c9quipe des stades du Top14, le d\u00e9l\u00e9gu\u00e9 aux sports juge que \u00ab les attaques contre notre stade sont profond\u00e9ment injustes. \u00bb En \u00e9tant desservie \u00e0 partir de d\u00e9cembre par la ligne 5 de tramway, l\u2019enceinte montpelli\u00e9raine devrait gagner quelques places.<\/p>\n<p class=\" wall-content\">Tentant ensuite un double plaquage, \u00ab nous avons une ministre du gouvernement et c\u2019est une chance eut \u00e9gard \u00e0 sa proximit\u00e9 avec le pr\u00e9sident Altrad \u00bb, Christian Assaf souhaiterait, sans la nommer, que Patricia Mirall\u00e8s lui rappelle \u00ab\u00a0les termes de la commission de s\u00e9curit\u00e9 qui s\u2019est d\u00e9plac\u00e9e dans le centre de formation, propri\u00e9t\u00e9 et \u00e0 la charge du MHR, qui le 17 mars 2025 a constat\u00e9 la pr\u00e9sence de nombreuses fissures sur les sols et murs pouvant impacter la solidit\u00e9 et l\u2019isolement du b\u00e2timent \u00bb avec \u00e9galement \u00ab des modifications dans l\u2019exploitation de l\u2019\u00e9tablissement sans qu\u2019aucune demande de permis de construite ou d\u2019autorisation de travaux n\u2019aient \u00e9t\u00e9 d\u00e9pos\u00e9s. \u00bb Et de mentionner un dernier point : \u00ab En cas de sinistre, l\u2019intervention du public et l\u2019\u00e9vacuation des secours seront complexes voire impossibles. La commission de s\u00e9curit\u00e9 rendant ainsi un avis d\u00e9favorable \u00e0 l\u2019exploitation du b\u00e2timent. \u00bb Puisant \u00e0 nouveau dans le tiroir \u00e0 citations, \u00ab en guise de conclusion et de conseil au pr\u00e9sident Altrad\u00a0\u00bb, Christian Assaf invoque Julio Cortazar : \u00ab La l\u00e2chet\u00e9 tend \u00e0 projeter sur les autres la responsabilit\u00e9 que l\u2019on refuse. \u00bb<\/p>\n<p class=\" wall-content\">Un argumentaire compl\u00e9t\u00e9 par Micha\u00ebl Delafosse. \u00ab Le MHR appartient d\u2019abord aux Montpelli\u00e9rains, aux habitants de la M\u00e9tropole et \u00e0 ses supporters. Dans une \u00e9poque o\u00f9 vous sortez une vid\u00e9o sur les r\u00e9seaux sociaux pour essayer de d\u00e9cha\u00eener les pulsions, il faut faire preuve de responsabilit\u00e9 et de s\u00e9rieux. Les pol\u00e9miques vont retomber durant l\u2019\u00e9t\u00e9, c\u2019est l\u2019int\u00e9r\u00eat de tout le monde car le sport c\u2019est jouer collectifs et respecter les r\u00e8gles. \u00bb En ayant la sensation d\u2019avoir d\u00e9j\u00e0 \u00e9crit cela il y a cinq ans, des terrains de sports au terrain politique, il n\u2019y a qu\u2019un pas \u00e0 franchir. Certaines choses peuvent parfois provoquer ce pas\u2026<\/p>\n<p class=\" wall-content\">Suivez toute l\u2019actualit\u00e9 de vos villes et m\u00e9dias favoris en vous inscrivant \u00e0 <a href=\"https:\/\/moncompte.actu.fr\" title=\"D\u00e9couvez Mon Actu\" rel=\"nofollow noopener\" data-trk=\"{&quot;cta&quot;:{&quot;action&quot;:&quot;https:\\\/\\\/moncompte.actu.fr&quot;,&quot;category&quot;:&quot;mon compte&quot;,&quot;from&quot;:&quot;article footer&quot;,&quot;name&quot;:&quot;Mon actu&quot;,&quot;type&quot;:&quot;cta&quot;}}\" target=\"_blank\">Mon Actu<\/a>.<\/p>\n","protected":false},"excerpt":{"rendered":"Par C\u00e9dric Nithard Publi\u00e9 le 17 juil. 2025 \u00e0 11h41 ; mis \u00e0 jour le 17 juil. 2025&hellip;\n","protected":false},"author":2,"featured_media":253687,"comment_status":"","ping_status":"","sticky":false,"template":"","format":"standard","meta":{"footnotes":""},"categories":[9599],"tags":[1111,11,1777,674,1011,27,2208,12,2680,25,479,60],"class_list":{"0":"post-253686","1":"post","2":"type-post","3":"status-publish","4":"format-standard","5":"has-post-thumbnail","7":"category-montpellier","8":"tag-actu","9":"tag-actualites","10":"tag-eu","11":"tag-europe","12":"tag-fr","13":"tag-france","14":"tag-montpellier","15":"tag-news","16":"tag-occitanie","17":"tag-republique-francaise","18":"tag-rugby","19":"tag-sports"},"share_on_mastodon":{"url":"https:\/\/pubeurope.com\/@fr\/114868129881741838","error":""},"_links":{"self":[{"href":"https:\/\/www.europesays.com\/fr\/wp-json\/wp\/v2\/posts\/253686","targetHints":{"allow":["GET"]}}],"collection":[{"href":"https:\/\/www.europesays.com\/fr\/wp-json\/wp\/v2\/posts"}],"about":[{"href":"https:\/\/www.europesays.com\/fr\/wp-json\/wp\/v2\/types\/post"}],"author":[{"embeddable":true,"href":"https:\/\/www.europesays.com\/fr\/wp-json\/wp\/v2\/users\/2"}],"replies":[{"embeddable":true,"href":"https:\/\/www.europesays.com\/fr\/wp-json\/wp\/v2\/comments?post=253686"}],"version-history":[{"count":0,"href":"https:\/\/www.europesays.com\/fr\/wp-json\/wp\/v2\/posts\/253686\/revisions"}],"wp:featuredmedia":[{"embeddable":true,"href":"https:\/\/www.europesays.com\/fr\/wp-json\/wp\/v2\/media\/253687"}],"wp:attachment":[{"href":"https:\/\/www.europesays.com\/fr\/wp-json\/wp\/v2\/media?parent=253686"}],"wp:term":[{"taxonomy":"category","embeddable":true,"href":"https:\/\/www.europesays.com\/fr\/wp-json\/wp\/v2\/categories?post=253686"},{"taxonomy":"post_tag","embeddable":true,"href":"https:\/\/www.europesays.com\/fr\/wp-json\/wp\/v2\/tags?post=253686"}],"curies":[{"name":"wp","href":"https:\/\/api.w.org\/{rel}","templated":true}]}}