{"id":253688,"date":"2025-07-17T10:35:15","date_gmt":"2025-07-17T10:35:15","guid":{"rendered":"https:\/\/www.europesays.com\/fr\/253688\/"},"modified":"2025-07-17T10:35:15","modified_gmt":"2025-07-17T10:35:15","slug":"en-voulant-echapper-a-la-police-pres-de-rouen-le-chauffard-se-retrouve-coince-dans-un-tas-de-sable","status":"publish","type":"post","link":"https:\/\/www.europesays.com\/fr\/253688\/","title":{"rendered":"En voulant \u00e9chapper \u00e0 la police pr\u00e8s de Rouen, le chauffard se retrouve coinc\u00e9 dans un tas de sable"},"content":{"rendered":"<p>            Par<br \/>\n        <strong><br \/>\n            <a href=\"https:\/\/actu.fr\/auteur\/eaube\" title=\"Consulter tous les articles de Elo\u00efse Aub\u00e9\" rel=\"nofollow noopener\" target=\"_blank\">Elo\u00efse Aub\u00e9<\/a><br \/>\n        <\/strong><\/p>\n<p>        Publi\u00e9 le<\/p>\n<p>            17 juil. 2025 \u00e0 11h35        <\/p>\n<p>Pris la main dans le sable. Mercredi 16\u00a0juillet 2025, un peu avant minuit, les forces de l\u2019ordre effectuent des rondes dans la commune du <strong>Grand-Quevilly<\/strong>, pr\u00e8s de<a href=\"https:\/\/actu.fr\/normandie\/rouen_76540\" rel=\"nofollow noopener\" target=\"_blank\"> Rouen<\/a>. Arriv\u00e9es rue Michel-Courdy, elles voient une personne au volant d\u2019une Renault Clio blanche <strong>franchir le feu rouge.<\/strong><\/p>\n<p class=\" wall-content\">La collision avec la voiture de police est \u00e9vit\u00e9e de justesse. Pour autant, l\u2019automobiliste ne s\u2019arr\u00eate pas.<\/p>\n<p>Course-poursuite avec la police<\/p>\n<p class=\" wall-content\">Malgr\u00e9 les avertissements sonores de la police, le <strong>chauffard refuse d\u2019obtemp\u00e9rer<\/strong>. C\u2019est alors qu\u2019une course-poursuite s\u2019engage. Mais celle-ci sera de courte dur\u00e9e puisque, arriv\u00e9 au niveau de la rue L\u00e9on-Blum, le conducteur enfonce une barri\u00e8re et se retrouve bloqu\u00e9 dans un tas de sable appartenant \u00e0 un chantier de voirie en cours. Malgr\u00e9 sa volont\u00e9 de prendre la fuite \u00e0 pied, il est <strong>vite rattrap\u00e9 par les forces de l\u2019ordre<\/strong>.<\/p>\n<p class=\" wall-content\">Dans la voiture se trouvait \u00e9galement un passager qui lui, a r\u00e9ussi \u00e0 s\u2019enfuir.<\/p>\n<p class=\" wall-content\">Le conducteur \u00e2g\u00e9 de 17\u00a0ans et habitant Saint-\u00c9tienne-du-Rouvray est donc interpell\u00e9. Le v\u00e9hicule qu\u2019il conduisait \u00e9tait en r\u00e9alit\u00e9 <strong>un v\u00e9hicule vol\u00e9<\/strong> en date du 26\u00a0juin. Il a aussit\u00f4t \u00e9t\u00e9 plac\u00e9 en garde \u00e0 vue pour recel de vol, refus d\u2019obtemp\u00e9rer et conduite sans permis.<\/p>\n<p>Vid\u00e9os : en ce moment sur Actu<\/p>\n<p class=\" wall-content\">Quant au passager, il n\u2019est, \u00e0 l\u2019heure actuelle, toujours pas retrouv\u00e9.<\/p>\n<p>Suivez l\u2019actualit\u00e9 de Rouen sur notre <a href=\"https:\/\/www.whatsapp.com\/channel\/0029VaKfnf99hXF2ddApFB1D\" rel=\"nofollow noopener\" target=\"_blank\">cha\u00eene WhatsApp<\/a> et sur notre <a href=\"https:\/\/www.tiktok.com\/@76actu.fr?lang=fr\" rel=\"nofollow noopener\" target=\"_blank\">compte TikTok<\/a><\/p>\n<p class=\" wall-content\">Suivez toute l\u2019actualit\u00e9 de vos villes et m\u00e9dias favoris en vous inscrivant \u00e0 <a href=\"https:\/\/moncompte.actu.fr\" title=\"D\u00e9couvez Mon Actu\" rel=\"nofollow noopener\" data-trk=\"{&quot;cta&quot;:{&quot;action&quot;:&quot;https:\\\/\\\/moncompte.actu.fr&quot;,&quot;category&quot;:&quot;mon compte&quot;,&quot;from&quot;:&quot;article footer&quot;,&quot;name&quot;:&quot;Mon actu&quot;,&quot;type&quot;:&quot;cta&quot;}}\" target=\"_blank\">Mon Actu<\/a>.<\/p>\n<p>                    <script async src=\"\/\/www.tiktok.com\/embed.js\"><\/script><\/p>\n","protected":false},"excerpt":{"rendered":"Par Elo\u00efse Aub\u00e9 Publi\u00e9 le 17 juil. 2025 \u00e0 11h35 Pris la main dans le sable. Mercredi 16\u00a0juillet&hellip;\n","protected":false},"author":2,"featured_media":253689,"comment_status":"","ping_status":"","sticky":false,"template":"","format":"standard","meta":{"footnotes":""},"categories":[9587],"tags":[1111,11,646,1777,674,118,1011,27,12,5161,1072,2852,25,9590],"class_list":{"0":"post-253688","1":"post","2":"type-post","3":"status-publish","4":"format-standard","5":"has-post-thumbnail","7":"category-rouen","8":"tag-actu","9":"tag-actualites","10":"tag-automobile","11":"tag-eu","12":"tag-europe","13":"tag-faits-divers","14":"tag-fr","15":"tag-france","16":"tag-news","17":"tag-normandie","18":"tag-police","19":"tag-refus-dobtemperer","20":"tag-republique-francaise","21":"tag-rouen"},"share_on_mastodon":{"url":"https:\/\/pubeurope.com\/@fr\/114868133748254290","error":""},"_links":{"self":[{"href":"https:\/\/www.europesays.com\/fr\/wp-json\/wp\/v2\/posts\/253688","targetHints":{"allow":["GET"]}}],"collection":[{"href":"https:\/\/www.europesays.com\/fr\/wp-json\/wp\/v2\/posts"}],"about":[{"href":"https:\/\/www.europesays.com\/fr\/wp-json\/wp\/v2\/types\/post"}],"author":[{"embeddable":true,"href":"https:\/\/www.europesays.com\/fr\/wp-json\/wp\/v2\/users\/2"}],"replies":[{"embeddable":true,"href":"https:\/\/www.europesays.com\/fr\/wp-json\/wp\/v2\/comments?post=253688"}],"version-history":[{"count":0,"href":"https:\/\/www.europesays.com\/fr\/wp-json\/wp\/v2\/posts\/253688\/revisions"}],"wp:featuredmedia":[{"embeddable":true,"href":"https:\/\/www.europesays.com\/fr\/wp-json\/wp\/v2\/media\/253689"}],"wp:attachment":[{"href":"https:\/\/www.europesays.com\/fr\/wp-json\/wp\/v2\/media?parent=253688"}],"wp:term":[{"taxonomy":"category","embeddable":true,"href":"https:\/\/www.europesays.com\/fr\/wp-json\/wp\/v2\/categories?post=253688"},{"taxonomy":"post_tag","embeddable":true,"href":"https:\/\/www.europesays.com\/fr\/wp-json\/wp\/v2\/tags?post=253688"}],"curies":[{"name":"wp","href":"https:\/\/api.w.org\/{rel}","templated":true}]}}