{"id":253696,"date":"2025-07-17T10:39:09","date_gmt":"2025-07-17T10:39:09","guid":{"rendered":"https:\/\/www.europesays.com\/fr\/253696\/"},"modified":"2025-07-17T10:39:09","modified_gmt":"2025-07-17T10:39:09","slug":"le-monde-agricole-a-des-valeurs-mme-rousseau-nen-a-plus-le-nouveau-president-du-space-de-rennes-fustige-les-propos-de-la-deputee-ecologiste","status":"publish","type":"post","link":"https:\/\/www.europesays.com\/fr\/253696\/","title":{"rendered":"\u00ab\u00a0Le monde agricole a des valeurs, Mme\u00a0Rousseau n\u2019en a plus\u00a0\u00bb\u00a0: le nouveau pr\u00e9sident du Space de Rennes fustige les propos de la d\u00e9put\u00e9e \u00e9cologiste"},"content":{"rendered":"<p>C\u2019est assez rare pour ne pas \u00eatre soulign\u00e9. Les trois pr\u00e9sidents des trois plus importants salons agricoles fran\u00e7ais (J\u00e9r\u00f4me Despey, patrons du salon international de l\u2019agriculture, Jacques Chazalet, son homologue du sommet de l\u2019\u00e9levage et <a href=\"https:\/\/www.letelegramme.fr\/economie\/space-didier-lucas-elu-president-du-salon-de-lelevage-6842851.php\" target=\"_blank\" rel=\"noopener\">Didier Lucas, le nouveau pr\u00e9sident du Space de Rennes<\/a>) ont fait para\u00eetre un communiqu\u00e9 conjoint o\u00f9 ils fustigent \u00ab les propos m\u00e9prisants et injurieux \u00bb tenus par la d\u00e9put\u00e9e \u00e9cologiste Sandrine Rousseau \u00e0 l\u2019\u00e9gard des agriculteurs le 11 juillet, lors d\u2019un entretien consacr\u00e9 \u00e0 la loi Duplomb et la r\u00e9introduction de l\u2019ac\u00e9tamipride, un n\u00e9onicotino\u00efde controvers\u00e9, s<a href=\"https:\/\/www.lemediatv.fr\/emissions\/2025\/on-tombe-dans-le-chaos-les-verites-de-sandrine-rousseau-sur-la-gauche-le-climat-et-la-loi-duplomb-ub4mXcknT0uVQyQSK-UKTg\" target=\"_blank\" rel=\"noopener\">ur Le m\u00e9dia.<\/a><\/p>\n<p>En cause, une phrase prononc\u00e9e par l\u2019\u00e9lue \u00e9cologiste lors de cette interview. \u00ab Je n\u2019en ai rien \u00e0 p\u00e9ter de leur rentabilit\u00e9 (\u2026) Je pense que ce n\u2019est pas le sujet. La rentabilit\u00e9 de l\u2019agriculture par des produits chimiques au d\u00e9triment des sols, de la biodiversit\u00e9 et de notre sant\u00e9, ce n\u2019est pas de la rentabilit\u00e9 en fait, c\u2019est de l\u2019argent sale \u00bb.<\/p>\n<p>\u00ab Anath\u00e8me inutile \u00bb<\/p>\n<p>\u00ab Madame Sandrine Rousseau a jug\u00e9 bon de faire une sortie m\u00e9diatique pour dire qu\u2019elle se foutait de la rentabilit\u00e9 des exploitations agricoles, \u00e9crivent les trois pr\u00e9sidents des trois salons agricoles. Au-del\u00e0 de l\u2019injure faite \u00e0 tous les \u00e9leveurs, c\u00e9r\u00e9aliers, producteurs de fruits et l\u00e9gumes, viticulteurs, ostr\u00e9iculteurs, trufficulteurs etc, la diatribe est plus grave car elle oscille entre le d\u00e9ni, la moquerie, la m\u00e9connaissance et le m\u00e9pris. Le monde agricole a des valeurs, Mme Rousseau n\u2019en a plus. Le monde agricole respecte le travail, Mme Rousseau non. Le monde agricole nourrit ses concitoyens en produits de qualit\u00e9, Mme Rousseau les nourrit en haine recuite et anath\u00e8mes inutiles. \u00bb<\/p>\n<blockquote class=\"bluesky-embed\" data-bluesky-uri=\"at:\/\/did:plc:zvgnnx7oncrqqqlwmhqiccpv\/app.bsky.feed.post\/3lu2wfi3d7s2m\" data-bluesky-cid=\"bafyreig6hesqxeaiffiwrl5cwplnnfw5p45apntnwxexuotwdp6fsvysby\" data-bluesky-embed-color-mode=\"system\">\n<p lang=\"fr\">Je remets ici l\u2019extrait complet sur la rentabilit\u00e9 des agriculteurs. Je vous sais plus intelligent\u00b7es.<\/p>\n<p><a href=\"https:\/\/bsky.app\/profile\/did:plc:zvgnnx7oncrqqqlwmhqiccpv\/post\/3lu2wfi3d7s2m?ref_src=embed\" target=\"_blank\" rel=\"noopener\">[image or embed]<\/a><\/p>\n<p>\u2014 Sandrine Rousseau (<a href=\"https:\/\/bsky.app\/profile\/did:plc:zvgnnx7oncrqqqlwmhqiccpv?ref_src=embed\" target=\"_blank\" rel=\"noopener\">@sandrousseau.bsky.social<\/a>) <a href=\"https:\/\/bsky.app\/profile\/did:plc:zvgnnx7oncrqqqlwmhqiccpv\/post\/3lu2wfi3d7s2m?ref_src=embed\" target=\"_blank\" rel=\"noopener\">July 16, 2025 at 9:46 AM<\/a><\/p><\/blockquote>\n<p>\u00ab Recul majeur pour la sant\u00e9 \u00bb<\/p>\n<p>Cette sortie a passablement irrit\u00e9 Arnaud Rousseau, le pr\u00e9sident de la FNSEA, et agit\u00e9 une partie du monde politique. \u00c0 l\u2019instar d\u2019H\u00e9l\u00e8ne Laporte, la vice-pr\u00e9sidente du Rassemblement national, qui qualifie d\u2019\u00ab incroyable \u00bb \u00ab cette haine de ceux qui nourrissent les Fran\u00e7ais \u00bb et de son coll\u00e8gue du m\u00eame groupe Julien Odoul.<\/p>\n<p>\ufeffDepuis, la d\u00e9put\u00e9e a publi\u00e9 <a href=\"https:\/\/bsky.app\/profile\/sandrousseau.bsky.social\/post\/3lu3mr2sl4k2g\" target=\"_blank\" rel=\"noopener\">une \u00ab n\u00e9cessaire mise au point \u00bb sur ses r\u00e9seaux sociaux<\/a>. \u00ab Ce que j\u2019ai d\u00e9nonc\u00e9 par ces propos, ce n\u2019est \u00e9videmment pas la question du revenu des agriculteurs, dont je d\u00e9fends pleinement la garantie, mais un mod\u00e8le agro-industriel \u00e0 bout de souffle, qui impose une rentabilit\u00e9 maximale \u00e0 la production agricole au d\u00e9triment des agriculteurs eux-m\u00eames. (\u2026) Une agriculture \u00bb rentable \u00ab qui d\u00e9truit les sols, les animaux, le vivant et les humains, ce n\u2019est pas un progr\u00e8s, c\u2019est une impasse. \u00bb<\/p>\n<p>Apr\u00e8s l\u2019adoption de la loi Duplomb, de nombreuses soci\u00e9t\u00e9s m\u00e9dicales (Ligue contre le cancer, Soci\u00e9t\u00e9 fran\u00e7aise de p\u00e9diatrie, Soci\u00e9t\u00e9 fran\u00e7aise de neurologie, Soci\u00e9t\u00e9 fran\u00e7aise du cancer\u2026) avaient <a href=\"https:\/\/www.ligue-cancer.net\/nos-actualites\/pesticides-la-ligue-contre-le-cancer-fustige-la-loi-duplomb\" target=\"_blank\" rel=\"noopener\">d\u00e9nonc\u00e9 un recul majeur pour la sant\u00e9<\/a>, regrettant, que \u00ab les int\u00e9r\u00eats \u00e9conomiques priment sur la sant\u00e9 publique \u00bb, mais aussi sur l\u2019expertise scientifique.<\/p>\n","protected":false},"excerpt":{"rendered":"C\u2019est assez rare pour ne pas \u00eatre soulign\u00e9. Les trois pr\u00e9sidents des trois plus importants salons agricoles fran\u00e7ais&hellip;\n","protected":false},"author":2,"featured_media":253697,"comment_status":"","ping_status":"","sticky":false,"template":"","format":"standard","meta":{"footnotes":""},"categories":[2821],"tags":[1111,11,829,1777,674,1011,27,848,12,3364,584,25],"class_list":{"0":"post-253696","1":"post","2":"type-post","3":"status-publish","4":"format-standard","5":"has-post-thumbnail","7":"category-rennes","8":"tag-actu","9":"tag-actualites","10":"tag-bretagne","11":"tag-eu","12":"tag-europe","13":"tag-fr","14":"tag-france","15":"tag-ille-et-vilaine","16":"tag-news","17":"tag-politique-a-rennes","18":"tag-rennes","19":"tag-republique-francaise"},"share_on_mastodon":{"url":"https:\/\/pubeurope.com\/@fr\/114868150441627076","error":""},"_links":{"self":[{"href":"https:\/\/www.europesays.com\/fr\/wp-json\/wp\/v2\/posts\/253696","targetHints":{"allow":["GET"]}}],"collection":[{"href":"https:\/\/www.europesays.com\/fr\/wp-json\/wp\/v2\/posts"}],"about":[{"href":"https:\/\/www.europesays.com\/fr\/wp-json\/wp\/v2\/types\/post"}],"author":[{"embeddable":true,"href":"https:\/\/www.europesays.com\/fr\/wp-json\/wp\/v2\/users\/2"}],"replies":[{"embeddable":true,"href":"https:\/\/www.europesays.com\/fr\/wp-json\/wp\/v2\/comments?post=253696"}],"version-history":[{"count":0,"href":"https:\/\/www.europesays.com\/fr\/wp-json\/wp\/v2\/posts\/253696\/revisions"}],"wp:featuredmedia":[{"embeddable":true,"href":"https:\/\/www.europesays.com\/fr\/wp-json\/wp\/v2\/media\/253697"}],"wp:attachment":[{"href":"https:\/\/www.europesays.com\/fr\/wp-json\/wp\/v2\/media?parent=253696"}],"wp:term":[{"taxonomy":"category","embeddable":true,"href":"https:\/\/www.europesays.com\/fr\/wp-json\/wp\/v2\/categories?post=253696"},{"taxonomy":"post_tag","embeddable":true,"href":"https:\/\/www.europesays.com\/fr\/wp-json\/wp\/v2\/tags?post=253696"}],"curies":[{"name":"wp","href":"https:\/\/api.w.org\/{rel}","templated":true}]}}