{"id":253700,"date":"2025-07-17T10:41:08","date_gmt":"2025-07-17T10:41:08","guid":{"rendered":"https:\/\/www.europesays.com\/fr\/253700\/"},"modified":"2025-07-17T10:41:08","modified_gmt":"2025-07-17T10:41:08","slug":"strasbourg-parmi-les-villes-les-plus-cheres-de-france-pour-vivre-en-colocation-selon-cette-etude","status":"publish","type":"post","link":"https:\/\/www.europesays.com\/fr\/253700\/","title":{"rendered":"Strasbourg parmi les villes les plus ch\u00e8res de France pour vivre en colocation, selon cette \u00e9tude"},"content":{"rendered":"<p>            Par<br \/>\n        <strong><br \/>\n            <a href=\"https:\/\/actu.fr\/auteur\/emil-vautrin\" title=\"Consulter tous les articles de Emil Vautrin\" rel=\"nofollow noopener\" target=\"_blank\">Emil Vautrin<\/a><br \/>\n        <\/strong><\/p>\n<p>        Publi\u00e9 le<\/p>\n<p>            17 juil. 2025 \u00e0 12h28        <\/p>\n<p>Alors que <a href=\"https:\/\/actu.fr\/strasbourg\/\" rel=\"nofollow noopener\" target=\"_blank\">Strasbourg<\/a> a connu en mai dernier la <a href=\"https:\/\/actu.fr\/grand-est\/strasbourg_67482\/immobilier-strasbourg-enregistre-la-plus-forte-baisse-de-prix-parmi-les-grandes-villes-en-mai_62767429.html\" rel=\"nofollow noopener\" target=\"_blank\">plus forte baisse de prix de l\u2019immobilier parmi les grandes villes fran\u00e7aises<\/a>, vivre en colocation continue de co\u00fbter cher.<\/p>\n<p class=\" wall-content\">Selon <a href=\"https:\/\/www.oqoro.com\/a\/barometre-colocation-2025\" rel=\"nofollow noopener\" target=\"_blank\">un classement \u00e9tabli par Oqoro<\/a>, plateforme de gestion locative en ligne, la capitale alsacienne fait partie <strong>des 10 villes o\u00f9 le loyer co\u00fbte le plus cher<\/strong> dans ce domaine.<\/p>\n<p>Strasbourg, 7\u1d49 ville la plus ch\u00e8re de France en colocation<\/p>\n<p class=\" wall-content\">En 2025, <strong>Strasbourg est la 7\u1d49 grande ville fran\u00e7aise<\/strong> o\u00f9 une chambre en colocation co\u00fbte le plus cher. Alors que la moyenne nationale est de 494\u00a0\u20ac par mois, le loyer moyen monte \u00e0 <strong>525\u00a0\u20ac<\/strong> pour Strasbourg. Il a n\u00e9anmoins l\u00e9g\u00e8rement baiss\u00e9 en un an (534 \u20ac en 2024).<\/p>\n<p class=\" wall-content\">En comparaison, \u00e0 Metz (Moselle), il faut d\u00e9bourser en moyenne 456\u00a0\u20ac pour une chambre.<\/p>\n<p class=\" wall-content\">Le classement a \u00e9t\u00e9 \u00e9tabli \u00ab\u2009\u00e0 partir de l\u2019<strong>analyse de 120\u2009000 annonces de colocation<\/strong> dans les principales villes fran\u00e7aises entre mai\u00a02024 et avril\u00a02025\u2009\u00bb, explique Oqoro.<\/p>\n<p>Vid\u00e9os : en ce moment sur ActuUne explosion de la tension locative<\/p>\n<p class=\" wall-content\">Encore plus marquant que le prix du loyer\u2009: <strong>l\u2019explosion de la tension locative<\/strong> est impressionnante.<\/p>\n<p class=\" wall-content\">\u00c0 Strasbourg, le nombre moyen de candidatures par chambre est pass\u00e9 de <strong>7,4 en 2024 \u00e0 8,9<\/strong> en 2025 (+ 20,3 %), ce qui en fait la <strong>9\u1d49<\/strong> grande ville avec la plus forte tension.<\/p>\n<p class=\" wall-content\">Suivez toute l\u2019actualit\u00e9 de vos villes et m\u00e9dias favoris en vous inscrivant \u00e0 <a href=\"https:\/\/moncompte.actu.fr\" title=\"D\u00e9couvez Mon Actu\" rel=\"nofollow noopener\" data-trk=\"{&quot;cta&quot;:{&quot;action&quot;:&quot;https:\\\/\\\/moncompte.actu.fr&quot;,&quot;category&quot;:&quot;mon compte&quot;,&quot;from&quot;:&quot;article footer&quot;,&quot;name&quot;:&quot;Mon actu&quot;,&quot;type&quot;:&quot;cta&quot;}}\" target=\"_blank\">Mon Actu<\/a>.<\/p>\n","protected":false},"excerpt":{"rendered":"Par Emil Vautrin Publi\u00e9 le 17 juil. 2025 \u00e0 12h28 Alors que Strasbourg a connu en mai dernier&hellip;\n","protected":false},"author":2,"featured_media":253701,"comment_status":"","ping_status":"","sticky":false,"template":"","format":"standard","meta":{"footnotes":""},"categories":[2820],"tags":[1111,11,1777,674,1011,27,775,1116,12,25,104,640],"class_list":{"0":"post-253700","1":"post","2":"type-post","3":"status-publish","4":"format-standard","5":"has-post-thumbnail","7":"category-strasbourg","8":"tag-actu","9":"tag-actualites","10":"tag-eu","11":"tag-europe","12":"tag-fr","13":"tag-france","14":"tag-grand-est","15":"tag-immobilier","16":"tag-news","17":"tag-republique-francaise","18":"tag-societe","19":"tag-strasbourg"},"share_on_mastodon":{"url":"","error":""},"_links":{"self":[{"href":"https:\/\/www.europesays.com\/fr\/wp-json\/wp\/v2\/posts\/253700","targetHints":{"allow":["GET"]}}],"collection":[{"href":"https:\/\/www.europesays.com\/fr\/wp-json\/wp\/v2\/posts"}],"about":[{"href":"https:\/\/www.europesays.com\/fr\/wp-json\/wp\/v2\/types\/post"}],"author":[{"embeddable":true,"href":"https:\/\/www.europesays.com\/fr\/wp-json\/wp\/v2\/users\/2"}],"replies":[{"embeddable":true,"href":"https:\/\/www.europesays.com\/fr\/wp-json\/wp\/v2\/comments?post=253700"}],"version-history":[{"count":0,"href":"https:\/\/www.europesays.com\/fr\/wp-json\/wp\/v2\/posts\/253700\/revisions"}],"wp:featuredmedia":[{"embeddable":true,"href":"https:\/\/www.europesays.com\/fr\/wp-json\/wp\/v2\/media\/253701"}],"wp:attachment":[{"href":"https:\/\/www.europesays.com\/fr\/wp-json\/wp\/v2\/media?parent=253700"}],"wp:term":[{"taxonomy":"category","embeddable":true,"href":"https:\/\/www.europesays.com\/fr\/wp-json\/wp\/v2\/categories?post=253700"},{"taxonomy":"post_tag","embeddable":true,"href":"https:\/\/www.europesays.com\/fr\/wp-json\/wp\/v2\/tags?post=253700"}],"curies":[{"name":"wp","href":"https:\/\/api.w.org\/{rel}","templated":true}]}}