{"id":253704,"date":"2025-07-17T10:43:10","date_gmt":"2025-07-17T10:43:10","guid":{"rendered":"https:\/\/www.europesays.com\/fr\/253704\/"},"modified":"2025-07-17T10:43:10","modified_gmt":"2025-07-17T10:43:10","slug":"une-habitante-de-nice-celebre-ses-105-ans-entouree-de-sa-famille","status":"publish","type":"post","link":"https:\/\/www.europesays.com\/fr\/253704\/","title":{"rendered":"Une habitante de Nice c\u00e9l\u00e8bre ses 105 ans entour\u00e9e de sa famille"},"content":{"rendered":"<p>Elle est arriv\u00e9e \u00e0 Nice \u00e0 l\u2019\u00e2ge de 15 ans. Et neuf d\u00e9cennies plus tard, elle n\u2019en a pas boug\u00e9. Ruth Herz, de son nom de jeune fille Straus, vient de f\u00eater son 105e anniversaire.<\/p>\n<p>N\u00e9e le 11 juillet 1920 \u00e0 Saint-Ingbert, dans la Sarre, elle quitte son Allemagne natale pour Nice en 1935. Son oncle, ministre de Sarre de 1947 \u00e0 1951 et ambassadeur \u00e0 Paris de 1952 \u00e0 1955, en \u00e9tait tomb\u00e9 amoureux lors d\u2019un s\u00e9jour et l\u2019avait qualifi\u00e9 de \u00ab\u00a0paradis\u00a0\u00bb.<\/p>\n<p><strong>Envoy\u00e9e au camp de Gurs en 1940<\/strong><\/p>\n<p>Inscrite \u00e0 l&rsquo;\u00e9cole Pigier, Ruth \u00e9tudie la couture, dont elle fera son m\u00e9tier. Quand la guerre \u00e9clate, elle est envoy\u00e9e avec sa m\u00e8re et sa grand-m\u00e8re au camp de Gurs dans les Pyr\u00e9n\u00e9es-Atlantiques le 1er juin 1940.<\/p>\n<p>Toutes trois en seront lib\u00e9r\u00e9es le 16 juillet, gr\u00e2ce \u00e0 l\u2019\u00e9tat de sant\u00e9 de sa grand-m\u00e8re, tandis que son p\u00e8re est intern\u00e9 au camp des Milles dans les Bouches-du-Rh\u00f4ne.<\/p>\n<p><strong>M\u00e9daille de la Ville<\/strong><\/p>\n<p>En 1942, elle rencontre l\u2019amour et \u00e9pouse Eric Herz. Mais l\u2019ann\u00e9e suivante, le fanatique capitaine SS Alois Brunner d\u00e9barque \u00e0 Nice et la traque des juifs se durcit. Le couple se terre un an et, malgr\u00e9 les d\u00e9nonciations, r\u00e9chappe.<\/p>\n<p>Veuve depuis 1986, elle vit aujourd\u2019hui entour\u00e9e de ses deux fils, de ses deux petits-enfants et de ses quatre arri\u00e8re-petits-enfants.<\/p>\n<p>\u00c0 l\u2019occasion de son centenaire, en 2020, elle avait re\u00e7u la m\u00e9daille de la Ville.<\/p>\n","protected":false},"excerpt":{"rendered":"Elle est arriv\u00e9e \u00e0 Nice \u00e0 l\u2019\u00e2ge de 15 ans. Et neuf d\u00e9cennies plus tard, elle n\u2019en a&hellip;\n","protected":false},"author":2,"featured_media":253705,"comment_status":"","ping_status":"","sticky":false,"template":"","format":"standard","meta":{"footnotes":""},"categories":[2819],"tags":[1111,11,1777,674,1011,27,12,2401,882,25,3366],"class_list":{"0":"post-253704","1":"post","2":"type-post","3":"status-publish","4":"format-standard","5":"has-post-thumbnail","7":"category-nice","8":"tag-actu","9":"tag-actualites","10":"tag-eu","11":"tag-europe","12":"tag-fr","13":"tag-france","14":"tag-news","15":"tag-nice","16":"tag-provence-alpes-cote-dazur","17":"tag-republique-francaise","18":"tag-vie-locale"},"share_on_mastodon":{"url":"https:\/\/pubeurope.com\/@fr\/114868165286103979","error":""},"_links":{"self":[{"href":"https:\/\/www.europesays.com\/fr\/wp-json\/wp\/v2\/posts\/253704","targetHints":{"allow":["GET"]}}],"collection":[{"href":"https:\/\/www.europesays.com\/fr\/wp-json\/wp\/v2\/posts"}],"about":[{"href":"https:\/\/www.europesays.com\/fr\/wp-json\/wp\/v2\/types\/post"}],"author":[{"embeddable":true,"href":"https:\/\/www.europesays.com\/fr\/wp-json\/wp\/v2\/users\/2"}],"replies":[{"embeddable":true,"href":"https:\/\/www.europesays.com\/fr\/wp-json\/wp\/v2\/comments?post=253704"}],"version-history":[{"count":0,"href":"https:\/\/www.europesays.com\/fr\/wp-json\/wp\/v2\/posts\/253704\/revisions"}],"wp:featuredmedia":[{"embeddable":true,"href":"https:\/\/www.europesays.com\/fr\/wp-json\/wp\/v2\/media\/253705"}],"wp:attachment":[{"href":"https:\/\/www.europesays.com\/fr\/wp-json\/wp\/v2\/media?parent=253704"}],"wp:term":[{"taxonomy":"category","embeddable":true,"href":"https:\/\/www.europesays.com\/fr\/wp-json\/wp\/v2\/categories?post=253704"},{"taxonomy":"post_tag","embeddable":true,"href":"https:\/\/www.europesays.com\/fr\/wp-json\/wp\/v2\/tags?post=253704"}],"curies":[{"name":"wp","href":"https:\/\/api.w.org\/{rel}","templated":true}]}}