{"id":253715,"date":"2025-07-17T10:50:09","date_gmt":"2025-07-17T10:50:09","guid":{"rendered":"https:\/\/www.europesays.com\/fr\/253715\/"},"modified":"2025-07-17T10:50:09","modified_gmt":"2025-07-17T10:50:09","slug":"cette-autoroute-aux-portes-de-toulouse-va-etre-fermee-a-la-circulation-voici-pourquoi","status":"publish","type":"post","link":"https:\/\/www.europesays.com\/fr\/253715\/","title":{"rendered":"Cette autoroute aux portes de Toulouse va \u00eatre ferm\u00e9e \u00e0 la circulation, voici pourquoi"},"content":{"rendered":"<p>            Par<br \/>\n        <strong><br \/>\n            <a href=\"https:\/\/actu.fr\/auteur\/lucie-2\" title=\"Consulter tous les articles de Lucie Fraisse\" rel=\"nofollow noopener\" target=\"_blank\">Lucie Fraisse<\/a><br \/>\n        <\/strong><\/p>\n<p>        Publi\u00e9 le<\/p>\n<p>            17 juil. 2025 \u00e0 12h16        <\/p>\n<p>Les op\u00e9rations d\u2019am\u00e9nagement se poursuivent <strong>sur l\u2019A680<\/strong>. Pour rappel, il s\u2019agit de mettre \u00e0 2X2 voies ce tron\u00e7on de plusieurs kilom\u00e8tres dans le cadre de<a href=\"https:\/\/actu.fr\/occitanie\/toulouse_31555\/autoroute-a69-castres-toulouse-c-est-officiel-la-justice-autorise-la-reprise-du-chantier_62697937.html\" rel=\"nofollow noopener\" target=\"_blank\"> la future autoroute Toulouse-Castres. <\/a><\/p>\n<p class=\" wall-content\">Pour permettre les travaux, cette autoroute situ\u00e9e aux portes de <a href=\"https:\/\/actu.fr\/toulouse\/\" rel=\"nofollow noopener\" target=\"_blank\">Toulouse<\/a> sera totalement ferm\u00e9e dans la nuit du 17 au 18 juillet 2025.<\/p>\n<p>De 20 heures \u00e0 7 heures du matin\u00a0<\/p>\n<p class=\" wall-content\">Une fermeture compl\u00e8te qui sera effective de 20 heures \u00e0 7 heures du matin et dans les deux sens de circulation.<\/p>\n<p class=\" wall-content\">\u00ab\u00a0Des <strong>itin\u00e9raires de d\u00e9viation<\/strong>, fl\u00e9ch\u00e9s \u00e0 l\u2019aide de panneaux jaune, seront mis en place pour accompagner les conducteurs dans leurs d\u00e9placements\u00a0\u00bb, indique les \u00e9quipes de Vinci Autoroutes, gestionnaire de cette art\u00e8re.<\/p>\n<p class=\" wall-content\">Il ne sera donc pas possible de circuler dans les deux sens de circulation entre l\u2019\u00e9changeur de Gragnague et <a href=\"https:\/\/actu.fr\/occitanie\/verfeil_31573\/a69-verfeil-sera-victime-d-un-accident-pres-de-toulouse-la-fermeture-du-contournement-provoque-la-colere_62901306.html\" rel=\"nofollow noopener\" target=\"_blank\">celui de Verfeil<\/a>. Les bretelles d\u2019entr\u00e9e et de sortie de l\u2019\u00e9changeur de Gragnague seront aussi ferm\u00e9es.<\/p>\n<p>Vid\u00e9os : en ce moment sur ActuD\u00e9viations mise en place\u00a0<\/p>\n<p class=\" wall-content\">Des itin\u00e9raires de d\u00e9viation sont mis en place.\u00a0En direction de <strong>Castres<\/strong> depuis l\u2019A68, les conducteurs doivent sortir \u00e0 <strong>Montastruc<\/strong> afin de suivre les d\u00e9viations dur le r\u00e9seau secondaire (RD 888 et RD20, RD112 et route de Puylaurens).<\/p>\n<p class=\" wall-content\">Depuis <strong>Castres et vers Toulouse<\/strong>, les v\u00e9hicules doivent rejoindre l\u2019entr\u00e9e de L\u2019Union via le r\u00e9seau secondaire (RD112, M112 et M59).\u00a0<\/p>\n<p class=\" wall-content\">Suivez toute l\u2019actualit\u00e9 de vos villes et m\u00e9dias favoris en vous inscrivant \u00e0 <a href=\"https:\/\/moncompte.actu.fr\" title=\"D\u00e9couvez Mon Actu\" rel=\"nofollow noopener\" data-trk=\"{&quot;cta&quot;:{&quot;action&quot;:&quot;https:\\\/\\\/moncompte.actu.fr&quot;,&quot;category&quot;:&quot;mon compte&quot;,&quot;from&quot;:&quot;article footer&quot;,&quot;name&quot;:&quot;Mon actu&quot;,&quot;type&quot;:&quot;cta&quot;}}\" target=\"_blank\">Mon Actu<\/a>.<\/p>\n","protected":false},"excerpt":{"rendered":"Par Lucie Fraisse Publi\u00e9 le 17 juil. 2025 \u00e0 12h16 Les op\u00e9rations d\u2019am\u00e9nagement se poursuivent sur l\u2019A680. Pour&hellip;\n","protected":false},"author":2,"featured_media":253716,"comment_status":"","ping_status":"","sticky":false,"template":"","format":"standard","meta":{"footnotes":""},"categories":[2816],"tags":[1111,11,1777,674,1011,27,12,2680,25,104,2312,2086],"class_list":{"0":"post-253715","1":"post","2":"type-post","3":"status-publish","4":"format-standard","5":"has-post-thumbnail","7":"category-toulouse","8":"tag-actu","9":"tag-actualites","10":"tag-eu","11":"tag-europe","12":"tag-fr","13":"tag-france","14":"tag-news","15":"tag-occitanie","16":"tag-republique-francaise","17":"tag-societe","18":"tag-toulouse","19":"tag-travaux"},"share_on_mastodon":{"url":"https:\/\/pubeurope.com\/@fr\/114868193031128972","error":""},"_links":{"self":[{"href":"https:\/\/www.europesays.com\/fr\/wp-json\/wp\/v2\/posts\/253715","targetHints":{"allow":["GET"]}}],"collection":[{"href":"https:\/\/www.europesays.com\/fr\/wp-json\/wp\/v2\/posts"}],"about":[{"href":"https:\/\/www.europesays.com\/fr\/wp-json\/wp\/v2\/types\/post"}],"author":[{"embeddable":true,"href":"https:\/\/www.europesays.com\/fr\/wp-json\/wp\/v2\/users\/2"}],"replies":[{"embeddable":true,"href":"https:\/\/www.europesays.com\/fr\/wp-json\/wp\/v2\/comments?post=253715"}],"version-history":[{"count":0,"href":"https:\/\/www.europesays.com\/fr\/wp-json\/wp\/v2\/posts\/253715\/revisions"}],"wp:featuredmedia":[{"embeddable":true,"href":"https:\/\/www.europesays.com\/fr\/wp-json\/wp\/v2\/media\/253716"}],"wp:attachment":[{"href":"https:\/\/www.europesays.com\/fr\/wp-json\/wp\/v2\/media?parent=253715"}],"wp:term":[{"taxonomy":"category","embeddable":true,"href":"https:\/\/www.europesays.com\/fr\/wp-json\/wp\/v2\/categories?post=253715"},{"taxonomy":"post_tag","embeddable":true,"href":"https:\/\/www.europesays.com\/fr\/wp-json\/wp\/v2\/tags?post=253715"}],"curies":[{"name":"wp","href":"https:\/\/api.w.org\/{rel}","templated":true}]}}