{"id":253717,"date":"2025-07-17T10:51:17","date_gmt":"2025-07-17T10:51:17","guid":{"rendered":"https:\/\/www.europesays.com\/fr\/253717\/"},"modified":"2025-07-17T10:51:17","modified_gmt":"2025-07-17T10:51:17","slug":"tour-de-france-a-toulouse-en-images-les-10-moments-parfois-droles-quon-nest-pas-pres-doublier","status":"publish","type":"post","link":"https:\/\/www.europesays.com\/fr\/253717\/","title":{"rendered":"Tour de France \u00e0 Toulouse. En images, les 10 moments (parfois dr\u00f4les) qu&rsquo;on n&rsquo;est pas pr\u00e8s d&rsquo;oublier"},"content":{"rendered":"<p>            Par<br \/>\n        <strong><br \/>\n            <a href=\"https:\/\/actu.fr\/auteur\/david-saint-sernin\" title=\"Consulter tous les articles de David Saint-Sernin\" rel=\"nofollow noopener\" target=\"_blank\">David Saint-Sernin<\/a><br \/>\n        <\/strong><\/p>\n<p>        Publi\u00e9 le<\/p>\n<p>            17 juil. 2025 \u00e0 11h43        <\/p>\n<p><a href=\"https:\/\/actu.fr\/occitanie\/toulouse_31555\/en-direct-coulisses-ambiance-course-suivez-la-11e-etape-du-tour-de-france-autour-de-toulouse_62914003.html\" rel=\"nofollow noopener\" target=\"_blank\">Le Tour de France \u00e0 Toulouse<\/a>, c\u2019est d\u00e9j\u00e0 fini, et d\u00e9j\u00e0 l\u2019on se prend d\u00e9j\u00e0 \u00e0 esp\u00e9rer un retour de la caravane et des coureurs dans la Ville rose. Ceux qui sont trop impatients peuvent se rendre <strong>\u00e0 Muret,<\/strong> dimanche 20 juillet 2025, ville d\u00e9part de la 15e \u00e9tape vers Carcassonne. D\u2019ici l\u00e0, voici en images les 10 moments forts de cette journ\u00e9e qu\u2019on n\u2019est pas pr\u00e8s d\u2019oublier.<\/p>\n<p>#1 La mar\u00e9e humaine \u00e0 Pech-David<\/p>\n<p class=\" wall-content\">Pour la premi\u00e8re fois sur le parcours du Tour de France, <a href=\"https:\/\/actu.fr\/occitanie\/toulouse_31555\/pech-david-avec-ses-pentes-a-25-c-est-le-mur-de-toulouse-que-les-coureurs-du-tour-de-france-vont-grimper_62912202.html\" rel=\"nofollow noopener\" target=\"_blank\">la c\u00f4te de Pech-David<\/a> a attir\u00e9 la foule des grands jours. On aurait dit un grand col du Tour de France\u2009!<\/p>\n<p class=\" wall-content\">\n    <img   decoding=\"async\" loading=\"lazy\" src=\"https:\/\/www.europesays.com\/fr\/wp-content\/uploads\/2025\/07\/gv-l0b2wsaab-be-960x640.jpg\" alt=\"La mar\u00e9e humaine dans la c\u00f4te de Pech-David restera une image forte de la journ\u00e9e \u00e0 Toulouse.\" width=\"960\" height=\"640\"\/><br \/>\n    La mar\u00e9e humaine dans la c\u00f4te de Pech-David restera une image forte de la journ\u00e9e \u00e0 Toulouse. (\u00a9Capture d\u2019\u00e9cran France TV)<br \/>\n    <img   decoding=\"async\" loading=\"lazy\" src=\"https:\/\/www.europesays.com\/fr\/wp-content\/uploads\/2025\/07\/whatsapp-image-2025-07-16-at-170947-960x640.jpeg\" alt=\"Le sommet de la c\u00f4te de Pech-David comme on ne l'avait jamais vu.\" width=\"960\" height=\"640\"\/><br \/>\n    Le sommet de la c\u00f4te de Pech-David comme on ne l\u2019avait jamais vu. (\u00a9Marie Lamarque\/Actu Toulouse)<\/p>\n<p>#2 Un final \u00e0 suspense<\/p>\n<p class=\" wall-content\">Deux coureurs au coude-\u00e0-coude pour<a href=\"https:\/\/actu.fr\/evenements\/tour-de-france\/tour-de-france-2025-le-norvegien-jonas-abrahamsen-s-impose-a-la-photo-finish-sur-l-etape-11-a-toulouse_62919752.html\" rel=\"nofollow noopener\" target=\"_blank\"> une victoire de prestige<\/a>, au bout d\u2019une \u00e9tape rondement men\u00e9e. Jusqu\u2019au d\u00e9nouement du boulevard Lascrosses, cette \u00e9tape a tenu toutes ses promesses. \u00ab\u2009Une \u00e9tape totalement cintr\u00e9e\u2009\u00bb, a \u00e9crit le journal L\u2019\u00c9quipe ce jeudi. On est bien d\u2019accord.<\/p>\n<p>    <img   decoding=\"async\" loading=\"lazy\" src=\"https:\/\/www.europesays.com\/fr\/wp-content\/uploads\/2025\/07\/whatsapp-image-2025-07-16-at-170619-960x640.jpeg\" alt=\"Jonas Abrahamsen et  Mauro Schmid entrent dans la derni\u00e8re ligne droite : le suspense \u00e0 son comble jusqu'au bout \u00e0 Toulouse.\" width=\"960\" height=\"640\"\/><br \/>\n    Jonas Abrahamsen et Mauro Schmid entrent dans la derni\u00e8re ligne droite\u2009: le suspense \u00e0 son comble jusqu\u2019au bout \u00e0 Toulouse. (\u00a9Mar\u00e9va Laville\/Actu Toulouse)#3 Un monde de dingue \u00e0 l\u2019arriv\u00e9e<\/p>\n<p class=\" wall-content\">Du public sur plusieurs rangs, des spectateurs install\u00e9s sur les abribus\u2009: il y avait un monde de dingue sur le boulevard Lascrosses. Impressionnant\u2009!<\/p>\n<p>    <img   decoding=\"async\" loading=\"lazy\" src=\"https:\/\/www.europesays.com\/fr\/wp-content\/uploads\/2025\/07\/whatsapp-image-2025-07-16-at-170954-960x640.jpeg\" alt=\"Pr\u00e8s de la ligne d'arriv\u00e9e, les spectateurs ont m\u00eame utilis\u00e9 les abris bus pour mieux voir le passage des coureurs.\" width=\"960\" height=\"640\"\/><br \/>\n    Pr\u00e8s de la ligne d\u2019arriv\u00e9e, les spectateurs ont m\u00eame utilis\u00e9 les abribus pour mieux voir le passage des coureurs. (\u00a9Mar\u00e9va Laville\/Actu Toulouse)Vid\u00e9os : en ce moment sur Actu#4 Le d\u00e9fil\u00e9 en ville avant le d\u00e9part\u2009: une haie d\u2019honneur XXL<\/p>\n<p class=\" wall-content\">Dans la caravane, la voiture d\u2019Actu Toulouse en a bien profit\u00e9\u2009! Le d\u00e9part fictif<a href=\"https:\/\/actu.fr\/occitanie\/seilh_31541\/tour-de-france-2025-le-vrai-depart-de-l-etape-de-toulouse-aura-lieu-a-16-km-de-toulouse-voici-pourquoi_62912486.html#:~:text=Le%20d%C3%A9part%20fictif%20est%20le,allure%20r%C3%A9duite%2C%20pendant%20quelques%20kilom%C3%A8tres.\" rel=\"nofollow noopener\" target=\"_blank\"> \u00e9tait le plus long du Tour de France<\/a> cette ann\u00e9e. Il a permis d\u2019admirer les monuments \u00e0 la t\u00e9l\u00e9vision mais surtout au public de faire une immense haie d\u2019honneur aux coureurs\u2009! Du bonheur en XXL\u2009!<\/p>\n<p class=\" wall-content\"><a href=\"https:\/\/www.instagram.com\/p\/DMKvJXiMVsl\/embed\" title=\"Ouvrir le lien sur Instagram\" rel=\"nofollow noopener\" target=\"_blank\">Visualiser le contenu sur Instagram<\/a><\/p>\n<p>#5 Des sourires tout le long du parcours<\/p>\n<p class=\" wall-content\">Le Tour de France, \u00ab\u2009c\u2019est une parenth\u00e8se enchant\u00e9e dans nos vies\u2009\u00bb, a assur\u00e9 le maire de Toulouse, Jean-Luc Moudenc, au d\u00e9part de l\u2019\u00e9tape. Il a bien raison. Au bord de la route, les Toulousains avaient visiblement la banane. C\u2019\u00e9tait r\u00e9jouissant \u00e0 vivre\u2009!<\/p>\n<p>    <img   decoding=\"async\" loading=\"lazy\" src=\"https:\/\/www.europesays.com\/fr\/wp-content\/uploads\/2025\/07\/whatsapp-image-2025-07-16-at-165439-960x640.jpeg\" alt=\"Des sourires, de la bonne humeur : c'est le cocktail gagnant du Tour de France.\" width=\"960\" height=\"640\"\/><br \/>\n    Des sourires, de la bonne humeur\u2009: c\u2019est le cocktail gagnant du Tour de France. (\u00a9Mar\u00e9va Laville\/Actu Toulouse)#6 La place Saint-Pierre, tout de JAUNE v\u00eatue<\/p>\n<p class=\" wall-content\">Place Saint-Pierre, le jaune est \u00e0 l\u2019honneur toute l\u2019ann\u00e9e, mais il faut bien le reconna\u00eetre, elle avait cette fois-ci rev\u00eatu ses plus beaux habits de gala\u2009! La preuve en image\u2009!<\/p>\n<p>    <img   decoding=\"async\" loading=\"lazy\" src=\"https:\/\/www.europesays.com\/fr\/wp-content\/uploads\/2025\/07\/whatsapp-image-2025-07-16-at-131809-960x640.jpeg\" alt=\"Du jaune, du jaune et encore du jaune, la place Saint-Pierre s'\u00e9tait mise aux couleurs du Tour de France ce mercredi.\" width=\"960\" height=\"640\"\/><br \/>\n    Du jaune, du jaune et encore du jaune, la place Saint-Pierre s\u2019\u00e9tait mise aux couleurs du Tour de France ce mercredi. (\u00a9Mar\u00e9va Laville\/Actu Toulouse)#7 Les Toulousains en chasseurs de goodies<\/p>\n<p class=\" wall-content\">Les Toulousains attendaient la caravane publicitaire avec des proc\u00e9d\u00e9s astucieux et parfois tr\u00e8s dr\u00f4les. Vous nous avez vraiment fait r\u00eaver\u2009!<\/p>\n<p class=\" wall-content\">\n    <img   decoding=\"async\" loading=\"lazy\" src=\"https:\/\/www.europesays.com\/fr\/wp-content\/uploads\/2025\/07\/whatsapp-image-2025-07-16-at-114918-1-960x640.jpeg\" alt=\"Romain et Emilien, les meilleurs chasseurs de goodies du jour \u00e0 Toulouse.\" width=\"960\" height=\"640\"\/><br \/>\n    Romain et Emilien, les meilleurs chasseurs de goodies du jour \u00e0 Toulouse. (\u00a9Marie Lamarque\/Actu Toulouse)<br \/>\n    <img   decoding=\"async\" loading=\"lazy\" src=\"https:\/\/www.europesays.com\/fr\/wp-content\/uploads\/2025\/07\/whatsapp-image-2025-07-16-at-113614-1-960x640.jpeg\" alt=\"Florian, 25 ans, venu de Valence-d'Agen, immanquable pr\u00e8s du Stadium !\" width=\"960\" height=\"640\"\/><br \/>\n    Florian, 25\u00a0ans, venu de Valence-d\u2019Agen, immanquable pr\u00e8s du Stadium\u2009! (\u00a9Marie Lamarque\/Actu Toulouse)<br \/>\n    <img   decoding=\"async\" loading=\"lazy\" src=\"https:\/\/www.europesays.com\/fr\/wp-content\/uploads\/2025\/07\/whatsapp-image-2025-07-16-at-120702-1-960x640.jpeg\" alt=\"Abby et Ethan,  \u00e9tudiants Toulousains \u201cpremier Tour de France et tr\u00e8s heureux d\u2019avoir particip\u00e9 !\u201d\" width=\"960\" height=\"640\"\/><br \/>\n    Abby et Ethan, \u00e9tudiants Toulousains \u201cpremier Tour de France et tr\u00e8s heureux d\u2019avoir particip\u00e9\u2009!\u201d (\u00a9Mar\u00e9va Laville\/ Actu Toulouse)<\/p>\n<p>#8 Un coup de chaud sur la ligne d\u2019arriv\u00e9e<\/p>\n<p class=\" wall-content\">Un homme qui s\u2019invite sur la chauss\u00e9e alors que la course arrive sur la ligne d\u2019arriv\u00e9e\u2009: une image dont on se serait bien pass\u00e9 tant la man\u0153uvre aurait pu avoir de s\u00e9rieuses cons\u00e9quences. Il a \u00e9t\u00e9 plaqu\u00e9 et menott\u00e9<a href=\"https:\/\/actu.fr\/occitanie\/toulouse_31555\/le-militant-qui-a-perturbe-l-arrivee-du-tour-de-france-a-toulouse-a-ete-interpelle-ce-que-l-on-sait-de-lui_62920933.html\" rel=\"nofollow noopener\" target=\"_blank\"> apr\u00e8s avoir d\u00e9livr\u00e9 un message anti-Isra\u00ebl.<\/a><\/p>\n<p>    <img   decoding=\"async\" loading=\"lazy\" src=\"https:\/\/www.europesays.com\/fr\/wp-content\/uploads\/2025\/07\/iconsport-264563-0089-1-960x640.jpg\" alt=\"Un homme a perturb\u00e9 l\u2019arriv\u00e9e des coureurs du Tour de France \u00e0 Toulouse, ce mercredi 16 juillet. Arborant un tee-shirt \u00ab Isra\u00ebl out of the Tour \u00bb, avec un keffieh palestinien \u00e0 la main, il s\u2019est introduit sur la piste juste avant la ligne d\u2019arriv\u00e9e.\" width=\"960\" height=\"640\"\/><br \/>\n    Un homme a perturb\u00e9 l\u2019arriv\u00e9e des coureurs du Tour de France \u00e0 Toulouse, ce mercredi 16\u00a0juillet. Arborant un tee-shirt \u00ab\u2009Isra\u00ebl out of the Tour\u2009\u00bb, avec un keffieh palestinien \u00e0 la main, il s\u2019est introduit sur la piste juste avant la ligne d\u2019arriv\u00e9e. (\u00a9Icon Sport)#9 La caravane en vedette<\/p>\n<p class=\" wall-content\">La caravane du Tour de France a encore \u00e9t\u00e9 attendue, puis f\u00eat\u00e9e comme il se doit par les spectateurs au bord de la route.\u00a0<\/p>\n<p>    <img   decoding=\"async\" loading=\"lazy\" src=\"https:\/\/www.europesays.com\/fr\/wp-content\/uploads\/2025\/07\/whatsapp-image-2025-07-16-at-155915-1-960x640.jpeg\" alt=\"La caravane du Tour de France, star du mois de juillet.\" width=\"960\" height=\"640\"\/><br \/>\n    La caravane du Tour de France, star du mois de juillet. (\u00a9Mar\u00e9va Laville\/Actu Toulouse)<\/p>\n<p class=\" wall-content\"><a href=\"https:\/\/www.instagram.com\/p\/DMKmtCEs0uj\/embed\" title=\"Ouvrir le lien sur Instagram\" rel=\"nofollow noopener\" target=\"_blank\">Visualiser le contenu sur Instagram<\/a><\/p>\n<p>#10 Les gendarmes c\u00e9l\u00e9br\u00e9s\u2009: le selfie sympa<\/p>\n<p class=\" wall-content\">Il faut le rappeler, mais sans la pr\u00e9sence de la gendarmerie pour s\u00e9curiser l\u2019\u00e9preuve, rien ne serait possible. \u00c0 Toulouse, les gendarmes ont \u00e9t\u00e9 c\u00e9l\u00e9br\u00e9s comme il se doit.<\/p>\n<blockquote class=\"tiktok-embed\" cite=\"https:\/\/www.tiktok.com\/@actu.fr.officiel\/video\/7527643067906657558\" data-video-id=\"7527643067906657558\" data-embed-from=\"oembed\" style=\"max-width:605px; min-width:325px;\"><p>\n<a target=\"_blank\" title=\"@actu.fr.officiel\" href=\"https:\/\/www.tiktok.com\/@actu.fr.officiel?refer=embed\" rel=\"nofollow noopener\">@actu.fr.officiel<\/a> <\/p>\n<p>Devant Chez Tonton, bar mythique de Toulouse, m\u00eame les gendarmes s\u2019arr\u00eatent prendre des selfies et se font ovationn\u00e9s par la foule ! <a title=\"sportstiktok\" target=\"_blank\" href=\"https:\/\/www.tiktok.com\/tag\/sportstiktok?refer=embed\" rel=\"nofollow noopener\">#sportstiktok<\/a> <a title=\"tourdefrance\" target=\"_blank\" href=\"https:\/\/www.tiktok.com\/tag\/tourdefrance?refer=embed\" rel=\"nofollow noopener\">#TourDeFrance<\/a> <a title=\"gendarmerie\" target=\"_blank\" href=\"https:\/\/www.tiktok.com\/tag\/gendarmerie?refer=embed\" rel=\"nofollow noopener\">#gendarmerie<\/a> <a title=\"humour\" target=\"_blank\" href=\"https:\/\/www.tiktok.com\/tag\/humour?refer=embed\" rel=\"nofollow noopener\">#humour<\/a> <\/p>\n<p> <a target=\"_blank\" title=\"\u266c France\u30fbParis\u30fbStreet corner\u30fbMusette Waltz(1310247) - Akihiro Kasuga\" href=\"https:\/\/www.tiktok.com\/music\/France-Paris-Street-corner-Musette-Waltz-1310247-7146318360585472001?refer=embed\" rel=\"nofollow noopener\">\u266c France\u30fbParis\u30fbStreet corner\u30fbMusette Waltz(1310247) \u2013 Akihiro Kasuga<\/a> <\/p>\n<\/blockquote>\n<p class=\" wall-content\">Suivez toute l\u2019actualit\u00e9 de vos villes et m\u00e9dias favoris en vous inscrivant \u00e0 <a href=\"https:\/\/moncompte.actu.fr\" title=\"D\u00e9couvez Mon Actu\" rel=\"nofollow noopener\" data-trk=\"{&quot;cta&quot;:{&quot;action&quot;:&quot;https:\\\/\\\/moncompte.actu.fr&quot;,&quot;category&quot;:&quot;mon compte&quot;,&quot;from&quot;:&quot;article footer&quot;,&quot;name&quot;:&quot;Mon actu&quot;,&quot;type&quot;:&quot;cta&quot;}}\" target=\"_blank\">Mon Actu<\/a>.<\/p>\n<p>                    <script async src=\"\/\/www.instagram.com\/embed.js\"><\/script><script async src=\"\/\/www.tiktok.com\/embed.js\"><\/script><\/p>\n","protected":false},"excerpt":{"rendered":"Par David Saint-Sernin Publi\u00e9 le 17 juil. 2025 \u00e0 11h43 Le Tour de France \u00e0 Toulouse, c\u2019est d\u00e9j\u00e0&hellip;\n","protected":false},"author":2,"featured_media":253718,"comment_status":"","ping_status":"","sticky":false,"template":"","format":"standard","meta":{"footnotes":""},"categories":[2816],"tags":[1111,11,1777,674,1011,27,12,2680,25,104,2312,2116],"class_list":{"0":"post-253717","1":"post","2":"type-post","3":"status-publish","4":"format-standard","5":"has-post-thumbnail","7":"category-toulouse","8":"tag-actu","9":"tag-actualites","10":"tag-eu","11":"tag-europe","12":"tag-fr","13":"tag-france","14":"tag-news","15":"tag-occitanie","16":"tag-republique-francaise","17":"tag-societe","18":"tag-toulouse","19":"tag-tour-de-france-2025"},"share_on_mastodon":{"url":"https:\/\/pubeurope.com\/@fr\/114868197382584681","error":""},"_links":{"self":[{"href":"https:\/\/www.europesays.com\/fr\/wp-json\/wp\/v2\/posts\/253717","targetHints":{"allow":["GET"]}}],"collection":[{"href":"https:\/\/www.europesays.com\/fr\/wp-json\/wp\/v2\/posts"}],"about":[{"href":"https:\/\/www.europesays.com\/fr\/wp-json\/wp\/v2\/types\/post"}],"author":[{"embeddable":true,"href":"https:\/\/www.europesays.com\/fr\/wp-json\/wp\/v2\/users\/2"}],"replies":[{"embeddable":true,"href":"https:\/\/www.europesays.com\/fr\/wp-json\/wp\/v2\/comments?post=253717"}],"version-history":[{"count":0,"href":"https:\/\/www.europesays.com\/fr\/wp-json\/wp\/v2\/posts\/253717\/revisions"}],"wp:featuredmedia":[{"embeddable":true,"href":"https:\/\/www.europesays.com\/fr\/wp-json\/wp\/v2\/media\/253718"}],"wp:attachment":[{"href":"https:\/\/www.europesays.com\/fr\/wp-json\/wp\/v2\/media?parent=253717"}],"wp:term":[{"taxonomy":"category","embeddable":true,"href":"https:\/\/www.europesays.com\/fr\/wp-json\/wp\/v2\/categories?post=253717"},{"taxonomy":"post_tag","embeddable":true,"href":"https:\/\/www.europesays.com\/fr\/wp-json\/wp\/v2\/tags?post=253717"}],"curies":[{"name":"wp","href":"https:\/\/api.w.org\/{rel}","templated":true}]}}