{"id":253719,"date":"2025-07-17T10:52:30","date_gmt":"2025-07-17T10:52:30","guid":{"rendered":"https:\/\/www.europesays.com\/fr\/253719\/"},"modified":"2025-07-17T10:52:30","modified_gmt":"2025-07-17T10:52:30","slug":"lille-un-incendie-impressionnant-se-declenche-dans-la-rue-des-postes","status":"publish","type":"post","link":"https:\/\/www.europesays.com\/fr\/253719\/","title":{"rendered":"Lille. Un incendie impressionnant se d\u00e9clenche dans la rue des Postes"},"content":{"rendered":"<p>            Par<br \/>\n        <strong><br \/>\n            <a href=\"https:\/\/actu.fr\/auteur\/nicolas-demollien\" title=\"Consulter tous les articles de Nicolas Demollien\" rel=\"nofollow noopener\" target=\"_blank\">Nicolas Demollien<\/a><br \/>\n        <\/strong><\/p>\n<p>        Publi\u00e9 le<\/p>\n<p>            15 juil. 2025 \u00e0 16h33        <\/p>\n<p>La fum\u00e9e a \u00e9t\u00e9 visible de tr\u00e8s loin. Ce mardi 15 juillet 2025, un <b>impressionnant<\/b> <a href=\"https:\/\/actu.fr\/tag\/incendie\" rel=\"nofollow noopener\" target=\"_blank\">incendie<\/a> s\u2019est d\u00e9clench\u00e9 dans la <b>rue des Postes<\/b> \u00e0 <a href=\"https:\/\/actu.fr\/hauts-de-france\/lille_59350\" rel=\"nofollow noopener\" target=\"_blank\">Lille<\/a> (Nord). De tr\u00e8s <b>nombreux sapeurs<\/b> <a href=\"https:\/\/actu.fr\/tag\/pompiers\" rel=\"nofollow noopener\" target=\"_blank\">pompiers<\/a> se sont d\u00e9ploy\u00e9s sur place.\u00a0<\/p>\n<p>Un incendie impressionnant rue des Postes \u00e0 Lille<\/p>\n<p class=\" wall-content\">C\u2019est un <b>garage automobile<\/b> qui a pris feu, avec des flammes qui sortaient par la toiture et engendraient une fum\u00e9e importante.\u00a0<\/p>\n<p class=\" wall-content\">\n<p class=\" wall-content\">Elles ont pu rapidement \u00eatre \u00e9teintes par les secouristes, venus en masse de plusieurs casernes de la ville.\u00a0<\/p>\n<p>    <img   decoding=\"async\" loading=\"lazy\" class=\"size-large\" src=\"https:\/\/www.europesays.com\/fr\/wp-content\/uploads\/2025\/07\/12d8763666786d5d87636667889d87v-960x640.jpeg\" alt=\"Un incendie impressionnant s'est d\u00e9clench\u00e9 rue des Postes \u00e0 Lille (Nord) lundi 15 juillet 2025.\" width=\"960\" height=\"640\"\/><br \/>\n    Un incendie impressionnant s\u2019est d\u00e9clench\u00e9 rue des Postes \u00e0 Lille (Nord) mardi 15 juillet 2025. \u00a9Bastien Grossin<\/p>\n<p class=\" wall-content\">A 16h30, un camion et sa grande \u00e9chelle \u00e9taient \u00e0 l\u2019\u0153uvre sous le regard de nombreux passants attroup\u00e9s \u00e0 proximit\u00e9, ainsi que des policiers assurant la s\u00e9curit\u00e9 des lieux.<\/p>\n<p>Vid\u00e9os : en ce moment sur Actu<\/p>\n<p class=\" wall-content\">Le b\u00e2timent, dont la structure est m\u00e9tallique, pr\u00e9sente un risque d\u2019effondrement, poussant les sapeurs-pompiers \u00e0 mener leurs op\u00e9rations en ext\u00e9rieur.<\/p>\n<p class=\" wall-content\">Peu avant 17h, le feu \u00e9tait circonscrit et le risque de propagation a \u00e9t\u00e9 \u00e9vit\u00e9.\u00a0<\/p>\n<p class=\" wall-content\">Suivez toute l\u2019actualit\u00e9 de vos villes et m\u00e9dias favoris en vous inscrivant \u00e0 <a href=\"https:\/\/moncompte.actu.fr\" title=\"D\u00e9couvez Mon Actu\" rel=\"nofollow noopener\" data-trk=\"{&quot;cta&quot;:{&quot;action&quot;:&quot;https:\\\/\\\/moncompte.actu.fr&quot;,&quot;category&quot;:&quot;mon compte&quot;,&quot;from&quot;:&quot;article footer&quot;,&quot;name&quot;:&quot;Mon actu&quot;,&quot;type&quot;:&quot;cta&quot;}}\" target=\"_blank\">Mon Actu<\/a>.<\/p>\n","protected":false},"excerpt":{"rendered":"Par Nicolas Demollien Publi\u00e9 le 15 juil. 2025 \u00e0 16h33 La fum\u00e9e a \u00e9t\u00e9 visible de tr\u00e8s loin.&hellip;\n","protected":false},"author":2,"featured_media":253720,"comment_status":"","ping_status":"","sticky":false,"template":"","format":"standard","meta":{"footnotes":""},"categories":[2815],"tags":[1111,11,1777,674,118,1011,27,811,1310,1307,12,25],"class_list":{"0":"post-253719","1":"post","2":"type-post","3":"status-publish","4":"format-standard","5":"has-post-thumbnail","7":"category-lille","8":"tag-actu","9":"tag-actualites","10":"tag-eu","11":"tag-europe","12":"tag-faits-divers","13":"tag-fr","14":"tag-france","15":"tag-hauts-de-france","16":"tag-incendie","17":"tag-lille","18":"tag-news","19":"tag-republique-francaise"},"share_on_mastodon":{"url":"https:\/\/pubeurope.com\/@fr\/114868200981130870","error":""},"_links":{"self":[{"href":"https:\/\/www.europesays.com\/fr\/wp-json\/wp\/v2\/posts\/253719","targetHints":{"allow":["GET"]}}],"collection":[{"href":"https:\/\/www.europesays.com\/fr\/wp-json\/wp\/v2\/posts"}],"about":[{"href":"https:\/\/www.europesays.com\/fr\/wp-json\/wp\/v2\/types\/post"}],"author":[{"embeddable":true,"href":"https:\/\/www.europesays.com\/fr\/wp-json\/wp\/v2\/users\/2"}],"replies":[{"embeddable":true,"href":"https:\/\/www.europesays.com\/fr\/wp-json\/wp\/v2\/comments?post=253719"}],"version-history":[{"count":0,"href":"https:\/\/www.europesays.com\/fr\/wp-json\/wp\/v2\/posts\/253719\/revisions"}],"wp:featuredmedia":[{"embeddable":true,"href":"https:\/\/www.europesays.com\/fr\/wp-json\/wp\/v2\/media\/253720"}],"wp:attachment":[{"href":"https:\/\/www.europesays.com\/fr\/wp-json\/wp\/v2\/media?parent=253719"}],"wp:term":[{"taxonomy":"category","embeddable":true,"href":"https:\/\/www.europesays.com\/fr\/wp-json\/wp\/v2\/categories?post=253719"},{"taxonomy":"post_tag","embeddable":true,"href":"https:\/\/www.europesays.com\/fr\/wp-json\/wp\/v2\/tags?post=253719"}],"curies":[{"name":"wp","href":"https:\/\/api.w.org\/{rel}","templated":true}]}}