{"id":253725,"date":"2025-07-17T10:55:14","date_gmt":"2025-07-17T10:55:14","guid":{"rendered":"https:\/\/www.europesays.com\/fr\/253725\/"},"modified":"2025-07-17T10:55:14","modified_gmt":"2025-07-17T10:55:14","slug":"le-prefet-assume-ses-decisions-face-aux-critiques","status":"publish","type":"post","link":"https:\/\/www.europesays.com\/fr\/253725\/","title":{"rendered":"le pr\u00e9fet \u00ab\u00a0assume\u00a0\u00bb ses d\u00e9cisions face aux critiques"},"content":{"rendered":"<p class=\"rev-margin-0 rev-text-xs-normal\">Le pr\u00e9fet de la r\u00e9gion Provence-Alpes-C\u00f4te d&rsquo;Azur, Georges-Fran\u00e7ois Leclerc, \u00e0 Saint-R\u00e9my-de-Provence, dans le sud de la France, le 13 juin 2025<\/p>\n<p class=\"rev-margin-0 rev-text-xs-bold\">PHOTO AFP \/ GABRIEL BOUYS<\/p>\n<p>Georges-Fran\u00e7ois Leclerc \u00ab\u00a0tient \u00e0 r\u00e9agir \u00e0 ces mises en cause, qui ne refl\u00e8tent pas la r\u00e9alit\u00e9 de l&rsquo;engagement efficace et h\u00e9ro\u00efque de nos forces d&rsquo;incendie et de secours. Il assume la totalit\u00e9 des d\u00e9cisions qui ont \u00e9t\u00e9 prises afin de garantir et surtout de r\u00e9ussir \u00e0 prot\u00e9ger la population\u00a0\u00bb, \u00e9crit la pr\u00e9fecture dans un communiqu\u00e9.<\/p>\n<p>Ce violent incendie \u00e9tait parti mardi 8 juillet en milieu de matin\u00e9e d&rsquo;une voiture qui a pris feu sur le bord de l&rsquo;autoroute aux Pennes-Mirabeau. Face \u00e0 un vent violent et tourbillonnant, le feu avait ensuite tr\u00e8s vite saut\u00e9 d&rsquo;une colline \u00e0 l&rsquo;autre, sur une v\u00e9g\u00e9tation ass\u00e9ch\u00e9e par plusieurs jours de canicule, pour arriver dans le 16e arrondissement de Marseille, dans les quartiers Nord.<\/p>\n<p>Au final, il a parcouru 750 hectares et s&rsquo;il n&rsquo;y a eu \u00ab\u00a0aucune perte humaine\u00a0\u00bb ni \u00ab\u00a0aucun bless\u00e9 grave\u00a0\u00bb comme le souligne le pr\u00e9fet, le bilan est quand m\u00eame lourd du c\u00f4t\u00e9 des sinistr\u00e9s avec 91 b\u00e2timents touch\u00e9s dont 60 d\u00e9truits ou rendus inhabitables. Mais insiste-t-il: \u00ab\u00a0pr\u00e8s d\u2019un millier d&rsquo;habitations ont pu \u00eatre sauv\u00e9es des flammes\u00a0\u00bb.<\/p>\n<p>Mardi soir, lors d&rsquo;une r\u00e9union o\u00f9 la presse n&rsquo;\u00e9tait pas convi\u00e9e, organis\u00e9e par la mairie de Marseille dans le quartier de l&rsquo;Estaque, la col\u00e8re des sinistr\u00e9s s&rsquo;est exprim\u00e9e, ont rapport\u00e9 \u00e0 l&rsquo;AFP plusieurs participants.<\/p>\n<p>\u00ab\u00a0Le cadre op\u00e9rationnel \u00e9tait tr\u00e8s contraint\u00a0\u00bb, se justifie aujourd&rsquo;hui le pr\u00e9fet, avec d&rsquo;autres feux ce jour-l\u00e0 dans le sud de la France et notamment celui de Narbonne qui a parcouru au final 2.100 hectares dans l&rsquo;Aude.<\/p>\n<p>\u00c0 12h27, le pr\u00e9fet avait repris la direction des secours \u00ab\u00a0car ce feu \u00e9tait singulier par sa violence et parce qu\u2019il concernait d\u00e9sormais deux communes\u00a0\u00bb, pr\u00e9cise la pr\u00e9fecture dans son communique mercredi soir. <\/p>\n<p><img alt=\"Pompiers et v\u00e9hicules d'incendie \u00e0 L'Estaque \u00e0 Marseille le 8 juillet 2025\" loading=\"lazy\" decoding=\"async\" data-nimg=\"fill\" class=\" TwicCore_img__i9TC1 undefined  undefined\" style=\"position:absolute;height:100%;width:100%;left:0;top:0;right:0;bottom:0;color:transparent;background-size:cover;background-position:50% 50%;background-repeat:no-repeat;background-image:url(&quot;data:image\/svg+xml;charset=utf-8,%3Csvg xmlns='http:\/\/www.w3.org\/2000\/svg' %3E%3Cfilter id='b' color-interpolation-filters='sRGB'%3E%3CfeGaussianBlur stdDeviation='20'\/%3E%3CfeColorMatrix values='1 0 0 0 0 0 1 0 0 0 0 0 1 0 0 0 0 0 100 -1' result='s'\/%3E%3CfeFlood x='0' y='0' width='100%25' height='100%25'\/%3E%3CfeComposite operator='out' in='s'\/%3E%3CfeComposite in2='SourceGraphic'\/%3E%3CfeGaussianBlur stdDeviation='20'\/%3E%3C\/filter%3E%3Cimage width='100%25' height='100%25' x='0' y='0' preserveAspectRatio='none' style='filter: url(%23b);' href='https:\/\/pictures.laprovence.com\/cdn-cgi\/image\/blur=250\/media\/afp\/3be4fc4eecbc9a4af097e54d0abac2bf20fa51e4.jpg'\/%3E%3C\/svg%3E&quot;)\"   src=\"https:\/\/www.europesays.com\/fr\/wp-content\/uploads\/2025\/07\/3be4fc4eecbc9a4af097e54d0abac2bf20fa51e4.jpg\"\/>Pompiers et v\u00e9hicules d&rsquo;incendie \u00e0 L&rsquo;Estaque \u00e0 Marseille le 8 juillet 2025 PHOTO AFP \/ Clement MAHOUDEAU<\/p>\n<p>\u00ab\u00a0C&rsquo;est la premi\u00e8re fois dans l&rsquo;histoire des feux \u00e0 Marseille qu&rsquo;un pr\u00e9fet prend le commandement\u00a0\u00bb, a soulign\u00e9 Samia Ghali, maire-adjointe de la ville, aupr\u00e8s de l&rsquo;AFP.<\/p>\n<p>\u00ab\u00a0La col\u00e8re des sinistr\u00e9s est l\u00e9gitime, il s&rsquo;agit d&rsquo;essayer de comprendre pourquoi on leur a dit de rester confin\u00e9s quand il y a le feu devant leur porte\u00a0\u00bb et pourquoi les habitants voient arriver des pompiers des Alpes-Maritimes, qui ne connaissent pas ces quartiers escarp\u00e9s comme les marins-pompiers de Marseille, explique-t-elle \u00e0 l&rsquo;AFP. <\/p>\n<p>Au total, 875 pompiers des Bouches-du-Rh\u00f4ne et marins-pompiers de Marseille avaient \u00e9t\u00e9 d\u00e9ploy\u00e9s, renforc\u00e9s par 500 pompiers d&rsquo;autres d\u00e9partements, appuy\u00e9s par 260 engins et 17 moyens a\u00e9riens.<\/p>\n","protected":false},"excerpt":{"rendered":"Le pr\u00e9fet de la r\u00e9gion Provence-Alpes-C\u00f4te d&rsquo;Azur, Georges-Fran\u00e7ois Leclerc, \u00e0 Saint-R\u00e9my-de-Provence, dans le sud de la France, le&hellip;\n","protected":false},"author":2,"featured_media":253726,"comment_status":"","ping_status":"","sticky":false,"template":"","format":"standard","meta":{"footnotes":""},"categories":[2814],"tags":[17,1111,11,39412,27875,1777,674,2823,1011,27,329,1310,884,12,14583,882,25,2407],"class_list":{"0":"post-253725","1":"post","2":"type-post","3":"status-publish","4":"format-standard","5":"has-post-thumbnail","7":"category-marseille","8":"tag-17","9":"tag-actu","10":"tag-actualites","11":"tag-assume","12":"tag-decisions","13":"tag-eu","14":"tag-europe","15":"tag-face","16":"tag-fr","17":"tag-france","18":"tag-france-monde","19":"tag-incendie","20":"tag-marseille","21":"tag-news","22":"tag-prefet","23":"tag-provence-alpes-cote-dazur","24":"tag-republique-francaise","25":"tag-ses"},"share_on_mastodon":{"url":"https:\/\/pubeurope.com\/@fr\/114868212455553654","error":""},"_links":{"self":[{"href":"https:\/\/www.europesays.com\/fr\/wp-json\/wp\/v2\/posts\/253725","targetHints":{"allow":["GET"]}}],"collection":[{"href":"https:\/\/www.europesays.com\/fr\/wp-json\/wp\/v2\/posts"}],"about":[{"href":"https:\/\/www.europesays.com\/fr\/wp-json\/wp\/v2\/types\/post"}],"author":[{"embeddable":true,"href":"https:\/\/www.europesays.com\/fr\/wp-json\/wp\/v2\/users\/2"}],"replies":[{"embeddable":true,"href":"https:\/\/www.europesays.com\/fr\/wp-json\/wp\/v2\/comments?post=253725"}],"version-history":[{"count":0,"href":"https:\/\/www.europesays.com\/fr\/wp-json\/wp\/v2\/posts\/253725\/revisions"}],"wp:featuredmedia":[{"embeddable":true,"href":"https:\/\/www.europesays.com\/fr\/wp-json\/wp\/v2\/media\/253726"}],"wp:attachment":[{"href":"https:\/\/www.europesays.com\/fr\/wp-json\/wp\/v2\/media?parent=253725"}],"wp:term":[{"taxonomy":"category","embeddable":true,"href":"https:\/\/www.europesays.com\/fr\/wp-json\/wp\/v2\/categories?post=253725"},{"taxonomy":"post_tag","embeddable":true,"href":"https:\/\/www.europesays.com\/fr\/wp-json\/wp\/v2\/tags?post=253725"}],"curies":[{"name":"wp","href":"https:\/\/api.w.org\/{rel}","templated":true}]}}