{"id":253727,"date":"2025-07-17T10:56:13","date_gmt":"2025-07-17T10:56:13","guid":{"rendered":"https:\/\/www.europesays.com\/fr\/253727\/"},"modified":"2025-07-17T10:56:13","modified_gmt":"2025-07-17T10:56:13","slug":"lyon-ces-deux-grands-supermarches-auchan-vont-etre-vendus-a-lidl-voici-lesquels","status":"publish","type":"post","link":"https:\/\/www.europesays.com\/fr\/253727\/","title":{"rendered":"Lyon. Ces deux grands supermarch\u00e9s Auchan vont \u00eatre vendus \u00e0 Lidl, voici lesquels"},"content":{"rendered":"<p>            Par<br \/>\n        <strong><br \/>\n            <a href=\"https:\/\/actu.fr\/auteur\/julien-sournies\" title=\"Consulter tous les articles de Julien Sournies\" target=\"_blank\" rel=\"noopener\">Julien Sournies<\/a><br \/>\n        <\/strong><\/p>\n<p>        Publi\u00e9 le<\/p>\n<p>            17 juil. 2025 \u00e0 11h19        <\/p>\n<p>La c\u00e9l\u00e8bre enseigne Auchan, en proie \u00e0 d\u2019importantes difficult\u00e9s financi\u00e8res, s\u2019appr\u00eate \u00e0 c\u00e9der plusieurs de ses points de vente en France. \u00c0 travers un communiqu\u00e9 diffus\u00e9 ce mercredi 16\u00a0juillet 2025, le groupe a en effet annonc\u00e9 c\u00e9der <strong>19 de ses supermarch\u00e9s<\/strong> \u00e0 un mastodonte du <strong>discount<\/strong>. Parmi les points de vente concern\u00e9s par ce projet de cession, deux se situent \u00e0 <a href=\"https:\/\/actu.fr\/lyon\/\" target=\"_blank\" rel=\"noopener\">Lyon<\/a>. Voici lesquels.<\/p>\n<p>Une cession esp\u00e9r\u00e9e d\u2019ici la fin de l\u2019ann\u00e9e<\/p>\n<p class=\" wall-content\">Au sein du communiqu\u00e9, Auchan pr\u00e9cise qu\u2019il s\u2019agit des supermarch\u00e9s de <strong>Lyon \u2013 Duch\u00e8re<\/strong> (9e) et <strong>Lyon \u2013 \u00c9tats-Unis<\/strong> (8e). Ces derniers devraient \u00eatre ainsi repris par Lidl, la cha\u00eene allemande de distribution alimentaire, avec qui Auchan est engag\u00e9 dans des \u00ab\u2009n\u00e9gociations exclusives\u2009\u00bb.<\/p>\n<blockquote class=\"ac-article-quote wall-content\">\n<p>Plusieurs sc\u00e9narios ont \u00e9t\u00e9 \u00e9tudi\u00e9s : la location-g\u00e9rance, la franchise ou la cession. C\u2019est cette derni\u00e8re option qui a \u00e9t\u00e9 jug\u00e9e la plus pertinente pour garantir la p\u00e9rennit\u00e9 de l\u2019exploitation et pr\u00e9server les emplois associ\u00e9s, dans un esprit de responsabilit\u00e9 et de continuit\u00e9 d\u2019activit\u00e9.<\/p>\n<p>    <strong>Auchan et Lidl<\/strong>\n            <\/p><\/blockquote>\n<p class=\" wall-content\">Pour autant, rien n\u2019est encore officiel. \u00ab\u2009Le projet de cession \u00e0 Lidl a \u00e9t\u00e9 pr\u00e9sent\u00e9 aux instances repr\u00e9sentatives du personnel d\u2019Auchan ce mercredi 16\u00a0juillet et sera<strong> soumis \u00e0<\/strong> <strong>l\u2019autorisation <\/strong>des autorit\u00e9s de la concurrence\u2009\u00bb, indiquent les deux entit\u00e9s, ajoutant toutefois que la finalisation de l\u2019op\u00e9ration \u00ab\u2009pourrait intervenir d\u2019ici la fin du dernier trimestre 2025\u2009\u00bb.<\/p>\n<p>Liste des magasins Auchan concern\u00e9s par la reprise de Lidl :<\/p>\n<p>Antibes &#8211; Palais Congr\u00e8s (06)<br \/>Cannes (06)<br \/>Bordeaux &#8211; Benauge (33)<br \/>Bordeaux &#8211; Grand Parc (33)<br \/>Gradignan &#8211; Malartic (33)<br \/>Grabels (34)<br \/>Saint Pierre des Corps (37)<br \/>Voiron (38)<br \/>Grenoble &#8211; Perrot (38)<br \/>Marquette-Lez-Lille (59)<br \/>Noyelles-l\u00e8s-Vermelles (62)<br \/>Lyon &#8211; Duch\u00e8re (69)<br \/>Lyon &#8211; Etats-Unis (69)<br \/>Paris &#8211; Vaugirard (75)<br \/>Nemours (77)<br \/>Carri\u00e8res-sur-Seine (78)<br \/>Toulon &#8211; Traverse Arnaud (83)<br \/>Saint-Rapha\u00ebl (83)<br \/>L&rsquo;Isle-Adam (95)<\/p>\n<p>Voir toutVers une continuit\u00e9 de l\u2019emploi\u2009?<\/p>\n<p class=\" wall-content\">Concernant les emplois, aucun chiffre n\u2019a \u00e9t\u00e9 annonc\u00e9 sur le nombre de salari\u00e9s concern\u00e9s par ces cessions. La direction d\u2019Auchan assure cependant veiller \u00ab\u2009\u00e0 la <strong>continuit\u00e9<\/strong> de l\u2019emploi\u2009\u00bb.<\/p>\n<p class=\" wall-content\">Malgr\u00e9 la perte de ces deux supermarch\u00e9s lyonnais, Auchan conserve donc, pour le moment, ses <strong>15 autres points de vente<\/strong> dans le d\u00e9partement du <a href=\"https:\/\/actu.fr\/auvergne-rhone-alpes\/rhone_69\" target=\"_blank\" rel=\"noopener\">Rh\u00f4ne<\/a>.<\/p>\n<p class=\" wall-content\">Suivez toute l\u2019actualit\u00e9 de vos villes et m\u00e9dias favoris en vous inscrivant \u00e0 <a href=\"https:\/\/moncompte.actu.fr\" title=\"D\u00e9couvez Mon Actu\" rel=\"nofollow noopener\" data-trk=\"{&quot;cta&quot;:{&quot;action&quot;:&quot;https:\\\/\\\/moncompte.actu.fr&quot;,&quot;category&quot;:&quot;mon compte&quot;,&quot;from&quot;:&quot;article footer&quot;,&quot;name&quot;:&quot;Mon actu&quot;,&quot;type&quot;:&quot;cta&quot;}}\" target=\"_blank\">Mon Actu<\/a>.<\/p>\n","protected":false},"excerpt":{"rendered":"Par Julien Sournies Publi\u00e9 le 17 juil. 2025 \u00e0 11h19 La c\u00e9l\u00e8bre enseigne Auchan, en proie \u00e0 d\u2019importantes&hellip;\n","protected":false},"author":2,"featured_media":253728,"comment_status":"","ping_status":"","sticky":false,"template":"","format":"standard","meta":{"footnotes":""},"categories":[1889],"tags":[1111,11,14474,2430,215,33,1777,674,1011,27,18542,2428,12,25],"class_list":{"0":"post-253727","1":"post","2":"type-post","3":"status-publish","4":"format-standard","5":"has-post-thumbnail","7":"category-lyon","8":"tag-actu","9":"tag-actualites","10":"tag-auchan","11":"tag-auvergne-rhone-alpes","12":"tag-commerce","13":"tag-economie","14":"tag-eu","15":"tag-europe","16":"tag-fr","17":"tag-france","18":"tag-lidl","19":"tag-lyon","20":"tag-news","21":"tag-republique-francaise"},"share_on_mastodon":{"url":"https:\/\/pubeurope.com\/@fr\/114868216374171952","error":""},"_links":{"self":[{"href":"https:\/\/www.europesays.com\/fr\/wp-json\/wp\/v2\/posts\/253727","targetHints":{"allow":["GET"]}}],"collection":[{"href":"https:\/\/www.europesays.com\/fr\/wp-json\/wp\/v2\/posts"}],"about":[{"href":"https:\/\/www.europesays.com\/fr\/wp-json\/wp\/v2\/types\/post"}],"author":[{"embeddable":true,"href":"https:\/\/www.europesays.com\/fr\/wp-json\/wp\/v2\/users\/2"}],"replies":[{"embeddable":true,"href":"https:\/\/www.europesays.com\/fr\/wp-json\/wp\/v2\/comments?post=253727"}],"version-history":[{"count":0,"href":"https:\/\/www.europesays.com\/fr\/wp-json\/wp\/v2\/posts\/253727\/revisions"}],"wp:featuredmedia":[{"embeddable":true,"href":"https:\/\/www.europesays.com\/fr\/wp-json\/wp\/v2\/media\/253728"}],"wp:attachment":[{"href":"https:\/\/www.europesays.com\/fr\/wp-json\/wp\/v2\/media?parent=253727"}],"wp:term":[{"taxonomy":"category","embeddable":true,"href":"https:\/\/www.europesays.com\/fr\/wp-json\/wp\/v2\/categories?post=253727"},{"taxonomy":"post_tag","embeddable":true,"href":"https:\/\/www.europesays.com\/fr\/wp-json\/wp\/v2\/tags?post=253727"}],"curies":[{"name":"wp","href":"https:\/\/api.w.org\/{rel}","templated":true}]}}