{"id":25373,"date":"2025-04-14T22:57:27","date_gmt":"2025-04-14T22:57:27","guid":{"rendered":"https:\/\/www.europesays.com\/fr\/25373\/"},"modified":"2025-04-14T22:57:27","modified_gmt":"2025-04-14T22:57:27","slug":"spotify-investit-1-million-deuros-dans-les-livres-audio","status":"publish","type":"post","link":"https:\/\/www.europesays.com\/fr\/25373\/","title":{"rendered":"Spotify investit 1 million d\u2019euros dans les livres audio"},"content":{"rendered":"<p>Spotify, qui a lanc\u00e9 son service de livres audio en France et dans les pays du Benelux (Pays-Bas, Belgique et Luxembourg) <a target=\"_blank\" rel=\"noopener\" href=\"https:\/\/fr.themedialeader.com\/spotify-sattaque-aux-livres-audio-en-france-face-a-audible-damazon\/\">en octobre dernier<\/a>, annonce un investissement d\u20191 million d\u2019euros afin d\u2019acc\u00e9l\u00e9rer la production de livres audio dans ces march\u00e9s.<\/p>\n<p><img loading=\"lazy\" decoding=\"async\" class=\"aligncenter wp-image-105974 size-full\" src=\"https:\/\/www.europesays.com\/fr\/wp-content\/uploads\/2025\/04\/nl3328-spotify-2.jpg\" alt=\"nl3328-spotify-2\" width=\"728\" height=\"410\"  \/><\/p>\n<p>Avec cet investissement, Spotify souhaite enrichir le catalogue de livres audio disponible, et ainsi offrir aux auteurs et \u00e9diteurs la meilleure plateforme possible pour diffuser leurs \u0153uvres.<\/p>\n<p>Toutefois, les maisons d\u2019\u00e9ditions et auteurs souhaitant atteindre le public le plus large possible, les livres audio co-financ\u00e9s seront non exclusifs \u00e0 Spotify et pourront donc \u00eatre h\u00e9berg\u00e9s sur l\u2019ensemble des plateformes de lectures de livre audio.<\/p>\n<p>Voix de synth\u00e8se<\/p>\n<p>Pour augmenter le nombre de livres audios, Spotify va investir dans la narration vocale de synth\u00e8se.<\/p>\n<p>\u00ab Moins de 3% des livres en langue fran\u00e7aise sont disponibles sous format audio aujourd\u2019hui \u00bb, a d\u00e9clar\u00e9 J\u00e9r\u00e9my Amsellem, Manager Livres Audio pour l\u2019Europe.<\/p>\n<p>Depuis octobre 2024, Spotify observe une croissance moyenne de 12% par mois du nombre d\u2019auditeurs de livres audio, ainsi que du temps d\u2019\u00e9coute.<\/p>\n<p>En France, pr\u00e8s de 60 % des auditeurs de livres audio ont entre 18 et 34 ans, et repr\u00e9sentent \u00e0 eux seuls plus de la moiti\u00e9 du temps d\u2019\u00e9coute total.<\/p>\n","protected":false},"excerpt":{"rendered":"Spotify, qui a lanc\u00e9 son service de livres audio en France et dans les pays du Benelux (Pays-Bas,&hellip;\n","protected":false},"author":2,"featured_media":25374,"comment_status":"","ping_status":"","sticky":false,"template":"","format":"standard","meta":{"footnotes":""},"categories":[1357],"tags":[9108,1379,58,59,1011,27,1380],"class_list":{"0":"post-25373","1":"post","2":"type-post","3":"status-publish","4":"format-standard","5":"has-post-thumbnail","7":"category-livres","8":"tag-audio","9":"tag-books","10":"tag-divertissement","11":"tag-entertainment","12":"tag-fr","13":"tag-france","14":"tag-livres"},"share_on_mastodon":{"url":"https:\/\/pubeurope.com\/@fr\/114338794621485241","error":""},"_links":{"self":[{"href":"https:\/\/www.europesays.com\/fr\/wp-json\/wp\/v2\/posts\/25373","targetHints":{"allow":["GET"]}}],"collection":[{"href":"https:\/\/www.europesays.com\/fr\/wp-json\/wp\/v2\/posts"}],"about":[{"href":"https:\/\/www.europesays.com\/fr\/wp-json\/wp\/v2\/types\/post"}],"author":[{"embeddable":true,"href":"https:\/\/www.europesays.com\/fr\/wp-json\/wp\/v2\/users\/2"}],"replies":[{"embeddable":true,"href":"https:\/\/www.europesays.com\/fr\/wp-json\/wp\/v2\/comments?post=25373"}],"version-history":[{"count":0,"href":"https:\/\/www.europesays.com\/fr\/wp-json\/wp\/v2\/posts\/25373\/revisions"}],"wp:featuredmedia":[{"embeddable":true,"href":"https:\/\/www.europesays.com\/fr\/wp-json\/wp\/v2\/media\/25374"}],"wp:attachment":[{"href":"https:\/\/www.europesays.com\/fr\/wp-json\/wp\/v2\/media?parent=25373"}],"wp:term":[{"taxonomy":"category","embeddable":true,"href":"https:\/\/www.europesays.com\/fr\/wp-json\/wp\/v2\/categories?post=25373"},{"taxonomy":"post_tag","embeddable":true,"href":"https:\/\/www.europesays.com\/fr\/wp-json\/wp\/v2\/tags?post=25373"}],"curies":[{"name":"wp","href":"https:\/\/api.w.org\/{rel}","templated":true}]}}