{"id":253737,"date":"2025-07-17T11:01:57","date_gmt":"2025-07-17T11:01:57","guid":{"rendered":"https:\/\/www.europesays.com\/fr\/253737\/"},"modified":"2025-07-17T11:01:57","modified_gmt":"2025-07-17T11:01:57","slug":"le-parquet-de-paris-requiert-un-proces-pour-agressions-sexuelles-contre-lex-secretaire-detat-jean-vincent-place","status":"publish","type":"post","link":"https:\/\/www.europesays.com\/fr\/253737\/","title":{"rendered":"Le parquet de Paris requiert un proc\u00e8s pour agressions sexuelles contre l&rsquo;ex-secr\u00e9taire d&rsquo;Etat Jean-Vincent Plac\u00e9"},"content":{"rendered":"<p>Le parquet de Paris a requis un proc\u00e8s contre l&rsquo;ex-secr\u00e9taire d&rsquo;Etat \u00e9cologiste Jean-Vincent Plac\u00e9, soup\u00e7onn\u00e9 d&rsquo;avoir agress\u00e9 sexuellement une ancienne collaboratrice en 2016 et une autre femme en 2017, a appris jeudi l&rsquo;AFP de sources proches du dossier.<\/p>\n<p>Le minist\u00e8re public a demand\u00e9 un proc\u00e8s devant le tribunal correctionnel pour ce dossier instruit depuis 2022 et l&rsquo;une des premi\u00e8res affaires MeToo visant un homme politique.<\/p>\n<p>Il d\u00e9nonce un m\u00eame \u00ab\u00a0mode op\u00e9ratoire\u00a0\u00bb, \u00ab\u00a0\u00e0 l&rsquo;arri\u00e8re d&rsquo;une voiture\u00a0\u00bb, dans un \u00ab\u00a0contexte d&rsquo;alcoolisation\u00a0\u00bb.<\/p>\n<p>M. Plac\u00e9, aujourd&rsquo;hui \u00e2g\u00e9 de 57 ans, est soup\u00e7onn\u00e9 d&rsquo;avoir touch\u00e9 les seins d&rsquo;une ancienne collaboratrice, lors d&rsquo;une soir\u00e9e \u00e0 S\u00e9oul en Cor\u00e9e du Sud en mai 2016. Les \u00ab\u00a0d\u00e9clarations pr\u00e9cises et constantes\u00a0\u00bb de cette ancienne coll\u00e8gue sont \u00ab\u00a0corrobor\u00e9es par l&rsquo;un des deux t\u00e9moins pr\u00e9sents dans la voiture\u00a0\u00bb, a soulign\u00e9 le minist\u00e8re public dans ses r\u00e9quisitions dont l&rsquo;AFP a eu connaissance.<\/p>\n<p>Le parquet requiert \u00e9galement qu&rsquo;il soit jug\u00e9 pour harc\u00e8lement sexuel sur cette coll\u00e8gue, qui l&rsquo;avait suivi du S\u00e9nat au secr\u00e9tariat d&rsquo;Etat \u00e0 la R\u00e9forme et \u00e0 la Simplification: M. Plac\u00e9 est accus\u00e9 d&rsquo;avoir ainsi pos\u00e9 \u00ab\u00a0une main sur (sa) cuisse\u00a0\u00bb lors d&rsquo;un d\u00eener en 2014 ou encore \u00ab\u00a0une main sur (sa) fesse\u00a0\u00bb lors d&rsquo;une soir\u00e9e en discoth\u00e8que en ao\u00fbt 2015, en marge du rassemblement estival d&rsquo;Europe Ecologie Les Verts (EELV).<\/p>\n<p>\u00ab\u00a0Ces propos et comportements r\u00e9p\u00e9t\u00e9s ont port\u00e9 atteinte \u00e0 sa dignit\u00e9 en raison de leur caract\u00e8re d\u00e9gradant ou humiliant et ont cr\u00e9\u00e9 \u00e0 son encontre une situation intimidante\u00a0\u00bb, a estim\u00e9 le parquet.<\/p>\n<p>Sa position hi\u00e9rarchique constitue une circonstance aggravante, pour les soup\u00e7ons d&rsquo;agression sexuelle comme de harc\u00e8lement sexuel.<\/p>\n<p>La deuxi\u00e8me plaignante, qui n&rsquo;entretenait pas de lien hi\u00e9rarchique avec M. Plac\u00e9, l&rsquo;accuse de lui avoir touch\u00e9 les seins, les cuisses et d&rsquo;avoir tent\u00e9 de mettre sa main entre ses jambes lors d&rsquo;une soir\u00e9e \u00e0 l&rsquo;occasion de la journ\u00e9e internationale de la francophonie, en Cor\u00e9e du Sud en mars 2017.<\/p>\n<p>Au cours de l&rsquo;enqu\u00eate, M. Plac\u00e9, actuellement plac\u00e9 sous contr\u00f4le judiciaire, a ni\u00e9 ces accusations. Contact\u00e9e jeudi, son avocate Me Jade Dousselin n&rsquo;a pas souhait\u00e9 s&rsquo;exprimer.<\/p>\n<p>clw-gd\/mat\/pta<\/p>\n","protected":false},"excerpt":{"rendered":"Le parquet de Paris a requis un proc\u00e8s contre l&rsquo;ex-secr\u00e9taire d&rsquo;Etat \u00e9cologiste Jean-Vincent Plac\u00e9, soup\u00e7onn\u00e9 d&rsquo;avoir agress\u00e9 sexuellement&hellip;\n","protected":false},"author":2,"featured_media":253738,"comment_status":"","ping_status":"","sticky":false,"template":"","format":"standard","meta":{"footnotes":""},"categories":[1888],"tags":[1111,1928,11,1927,5640,1777,674,1011,27,28742,39414,39415,39413,12,1926,626,1925,25],"class_list":{"0":"post-253737","1":"post","2":"type-post","3":"status-publish","4":"format-standard","5":"has-post-thumbnail","7":"category-paris","8":"tag-actu","9":"tag-actu-paris","10":"tag-actualites","11":"tag-actualites-paris","12":"tag-coree-du-sud","13":"tag-eu","14":"tag-europe","15":"tag-fr","16":"tag-france","17":"tag-harcelement-sexuel","18":"tag-jean-vincent-place","19":"tag-m-place","20":"tag-ministere-public","21":"tag-news","22":"tag-news-paris","23":"tag-paris","24":"tag-paris-news","25":"tag-republique-francaise"},"share_on_mastodon":{"url":"https:\/\/pubeurope.com\/@fr\/114868239916555720","error":""},"_links":{"self":[{"href":"https:\/\/www.europesays.com\/fr\/wp-json\/wp\/v2\/posts\/253737","targetHints":{"allow":["GET"]}}],"collection":[{"href":"https:\/\/www.europesays.com\/fr\/wp-json\/wp\/v2\/posts"}],"about":[{"href":"https:\/\/www.europesays.com\/fr\/wp-json\/wp\/v2\/types\/post"}],"author":[{"embeddable":true,"href":"https:\/\/www.europesays.com\/fr\/wp-json\/wp\/v2\/users\/2"}],"replies":[{"embeddable":true,"href":"https:\/\/www.europesays.com\/fr\/wp-json\/wp\/v2\/comments?post=253737"}],"version-history":[{"count":0,"href":"https:\/\/www.europesays.com\/fr\/wp-json\/wp\/v2\/posts\/253737\/revisions"}],"wp:featuredmedia":[{"embeddable":true,"href":"https:\/\/www.europesays.com\/fr\/wp-json\/wp\/v2\/media\/253738"}],"wp:attachment":[{"href":"https:\/\/www.europesays.com\/fr\/wp-json\/wp\/v2\/media?parent=253737"}],"wp:term":[{"taxonomy":"category","embeddable":true,"href":"https:\/\/www.europesays.com\/fr\/wp-json\/wp\/v2\/categories?post=253737"},{"taxonomy":"post_tag","embeddable":true,"href":"https:\/\/www.europesays.com\/fr\/wp-json\/wp\/v2\/tags?post=253737"}],"curies":[{"name":"wp","href":"https:\/\/api.w.org\/{rel}","templated":true}]}}