{"id":253743,"date":"2025-07-17T11:05:15","date_gmt":"2025-07-17T11:05:15","guid":{"rendered":"https:\/\/www.europesays.com\/fr\/253743\/"},"modified":"2025-07-17T11:05:15","modified_gmt":"2025-07-17T11:05:15","slug":"la-russie-revendique-la-prise-de-villages-dans-trois-regions-ukrainiennes","status":"publish","type":"post","link":"https:\/\/www.europesays.com\/fr\/253743\/","title":{"rendered":"La Russie revendique la prise de villages dans trois r\u00e9gions ukrainiennes"},"content":{"rendered":"<p class=\"lead textModule textModule--type-lead \" style=\"\">(Moscou) La Russie a revendiqu\u00e9 jeudi la prise de villages situ\u00e9s dans trois r\u00e9gions ukrainiennes, marquant sa pouss\u00e9e sur plusieurs fronts face \u00e0 une arm\u00e9e ukrainienne qui manque d\u2019hommes et d\u2019armes. <\/p>\n<p>                    Publi\u00e9 \u00e0 6\u00a0h\u00a057<\/p>\n<p>    <a class=\"print\" href=\"https:\/\/www.lapresse.ca\/international\/europe\/2025-07-17\/javascript:window.print();\" title=\"Imprimer la page\" rel=\"nofollow noopener\" target=\"_blank\"><\/p>\n<p>        <img loading=\"lazy\" decoding=\"async\" width=\"16\" height=\"18\" src=\"https:\/\/www.europesays.com\/fr\/wp-content\/uploads\/2025\/04\/share-icon.png\" alt=\"Partager\"\/><\/p>\n<p class=\"paragraph textModule textModule--type-paragraph \" style=\"\">Les troupes russes continuent leur offensive et leurs frappes a\u00e9riennes en Ukraine, malgr\u00e9 l\u2019ultimatum donn\u00e9 lundi par Donald Trump \u00e0 Vladimir Poutine pour mettre fin au conflit, lanc\u00e9 en f\u00e9vrier\u00a02022. <\/p>\n<p class=\"paragraph textModule textModule--type-paragraph \" style=\"\">Le minist\u00e8re russe de la D\u00e9fense a dit jeudi que ses forces avaient captur\u00e9 les villages de Popiv Iar, qui se trouve dans la r\u00e9gion de Donetsk sur le front est, de Kamyansk\u00e9 (r\u00e9gion de Zaporijjia) sur le front sud, et de Degtyarn\u00e9 (r\u00e9gion de Kharkiv), dans le nord-est du pays. <\/p>\n<p class=\"paragraph textModule textModule--type-paragraph \" style=\"\">L\u2019arm\u00e9e russe revendique r\u00e9guli\u00e8rement la conqu\u00eate de petits villages, le plus souvent dans la r\u00e9gion de Donetsk, qui concentre les combats les plus violents. <\/p>\n<p>                    Nouvelles frappes meurtri\u00e8res<\/p>\n<p class=\"paragraph textModule textModule--type-paragraph \" style=\"\">Une nouvelle salve nocturne de drones russes a fait un mort et des bless\u00e9s selon un bilan des autorit\u00e9s ukrainiennes jeudi, alors que la Russie a fait \u00e9tat d\u2019un mort et quatre bless\u00e9s dans des attaques de drones ukrainiens sur son territoire. <\/p>\n<p class=\"paragraph textModule textModule--type-paragraph \" style=\"\">L\u2019Ukraine est sous le feu d\u2019attaques nocturnes presque quotidiennes depuis le d\u00e9but de l\u2019invasion russe en f\u00e9vrier 2022, r\u00e9pondant de son c\u00f4t\u00e9 par des frappes de plus en plus fr\u00e9quentes sur le territoire russe, alors que les n\u00e9gociations entre les deux pays sont au point mort.<\/p>\n<p class=\"paragraph textModule textModule--type-paragraph \" style=\"\">Une personne a \u00e9t\u00e9 tu\u00e9e dans la ville de Dnipro et cinq autres ont \u00e9t\u00e9 bless\u00e9es \u00e0 Nikopol, a affirm\u00e9 sur Telegram jeudi matin Sergui\u00ef Lyssak, gouverneur de la r\u00e9gion centrale de Dnipropetrovsk.<\/p>\n<p>                                        <img decoding=\"async\" src=\"https:\/\/www.europesays.com\/fr\/wp-content\/uploads\/2025\/07\/5e1567a35005380285cd0f589618f708.jpg\" alt=\"\" class=\"photoModule__visual\" itemprop=\"contentUrl url\"\/><\/p>\n<p class=\"credit photoModule__caption photoModule__caption--credit\" style=\"\">\n                    PHOTO MYKOLA SYNELNYKOV, REUTERS\n                <\/p>\n<p class=\"description photoModule__caption photoModule__caption--description\" style=\"\">\n                    D\u00e9g\u00e2ts \u00e0 Dnipro, apr\u00e8s une salve de drones russes.\n                <\/p>\n<p class=\"paragraph textModule textModule--type-paragraph \" style=\"\">L\u2019arm\u00e9e de l\u2019air ukrainienne a affirm\u00e9 que la Russie a lanc\u00e9 64\u00a0drones dans la nuit de mercredi \u00e0 jeudi, visant principalement la r\u00e9gion de Dnipropetrovsk, dont 41 ont \u00e9t\u00e9 abattus ou d\u00e9sactiv\u00e9s.<\/p>\n<p class=\"paragraph textModule textModule--type-paragraph \" style=\"\">C\u2019est bien moins que certaines des nuits pr\u00e9c\u00e9dentes, Moscou ayant acc\u00e9l\u00e9r\u00e9 ses attaques a\u00e9riennes ces derni\u00e8res semaines en envoyant parfois vers l\u2019Ukraine des centaines de drones en une seule nuit.<\/p>\n<p class=\"paragraph textModule textModule--type-paragraph \" style=\"\">Les autorit\u00e9s de la r\u00e9gion de Donetsk, dans l\u2019Est, ont \u00e9galement communiqu\u00e9 jeudi un nouveau bilan de trois morts et 27\u00a0bless\u00e9s pour une frappe survenue la veille dans une zone commerciale, dans la petite ville de Dobropillia.<\/p>\n<p class=\"paragraph textModule textModule--type-paragraph \" style=\"\">En Russie, une femme a \u00e9t\u00e9 tu\u00e9e et un homme bless\u00e9 dans la nuit de mercredi \u00e0 jeudi par une frappe de drone ukrainien dans la r\u00e9gion de Belgorod, frontali\u00e8re de l\u2019Ukraine, a indiqu\u00e9 sur Telegram le gouverneur Viatcheslav Gladkov.<\/p>\n<p class=\"paragraph textModule textModule--type-paragraph \" style=\"\">Trois adolescents ont \u00e9t\u00e9 bless\u00e9s dans la r\u00e9gion de Voronej (Sud-Ouest), frontali\u00e8re de l\u2019Ukraine, par des fragments de drone abattu au-dessus d\u2019un immeuble, a dit le gouverneur de la r\u00e9gion, Alexandre Goussev, sur Telegram.<\/p>\n<p class=\"paragraph textModule textModule--type-paragraph \" style=\"\">La Russie a elle affirm\u00e9 jeudi matin avoir intercept\u00e9 126\u00a0drones au-dessus de son territoire, la plupart dans des r\u00e9gions frontali\u00e8res mais aussi trois dans la r\u00e9gion de Moscou. <\/p>\n<p class=\"paragraph textModule textModule--type-paragraph \" style=\"\">Lundi, le pr\u00e9sident am\u00e9ricain Donald Trump a annonc\u00e9 que l\u2019Ukraine recevrait un \u00ab\u00a0tr\u00e8s grand nombre d\u2019\u00e9quipements militaires\u00a0\u00bb, gr\u00e2ce \u00e0 un accord conclu entre l\u2019OTAN et les \u00c9tats-Unis.<\/p>\n<p class=\"paragraph textModule textModule--type-paragraph \" style=\"\">Il esp\u00e8re pousser \u00e0 un accord de paix le pr\u00e9sident russe Vladimir Poutine, qui a rejet\u00e9 plusieurs propositions de cessez-le-feu.<\/p>\n<p class=\"paragraph textModule textModule--type-paragraph \" style=\"\">Donald Trump a donn\u00e9 \u00e0 la Russie un ultimatum de 50\u00a0jours pour mettre fin \u00e0 la guerre en Ukraine sous peine de sanctions s\u00e9v\u00e8res.<\/p>\n<p class=\"subhead textModule textModule--type-subhead&#10;    \" style=\"\">La Russie dit avoir rendu \u00e0 l\u2019Ukraine les corps de 1000\u00a0soldats tu\u00e9s<\/p>\n<p>                                        <img decoding=\"async\" src=\"https:\/\/www.europesays.com\/fr\/wp-content\/uploads\/2025\/07\/e155b576c1ed3f3490739e55db46a3a2.jpg\" alt=\"\" class=\"photoModule__visual\" itemprop=\"contentUrl url\"\/><\/p>\n<p class=\"credit photoModule__caption photoModule__caption--credit\" style=\"\">\n                    PHOTO VLADIMIR MEDINSKI, TELEGRAM, FOURNIE PAR REUTERS\n                <\/p>\n<p class=\"description photoModule__caption photoModule__caption--description\" style=\"\">\n                    Des personnes v\u00eatues de combinaisons m\u00e9dicales blanches mettent des sacs mortuaires dans des camions frigorifiques.\n                <\/p>\n<p class=\"paragraph textModule textModule--type-paragraph&#10;    \" style=\"\">La Russie a rendu \u00e0 l\u2019Ukraine les corps de 1000\u00a0soldats ukrainiens tu\u00e9s, recevant en retour les d\u00e9pouilles de 19 de ses militaires, a indiqu\u00e9 jeudi un n\u00e9gociateur russe, ce type d\u2019\u00e9changes constituant l\u2019un des seuls r\u00e9sultats des pourparlers entre Moscou et Kyiv.<\/p>\n<p class=\"paragraph textModule textModule--type-paragraph&#10;    \" style=\"\">\u00ab\u00a0Dans le cadre des accords conclus \u00e0 Istanbul, 1000\u00a0corps de soldats des forces arm\u00e9es ukrainiennes ont encore \u00e9t\u00e9 remis aujourd\u2019hui \u00e0 l\u2019Ukraine\u00a0\u00bb, a \u00e9crit sur Telegram Vladimir Medinski, chef de la d\u00e9l\u00e9gation russe qui avait \u00e9t\u00e9 envoy\u00e9e \u00e0 ces pourparlers.<\/p>\n<p class=\"paragraph textModule textModule--type-paragraph&#10;    \" style=\"\">\u00ab\u00a0Nous avons re\u00e7u les corps de 19 de nos soldats morts. Qu\u2019ils reposent en paix sur leur terre natale\u00a0\u00bb, a-t-il ajout\u00e9.<\/p>\n<p class=\"paragraph textModule textModule--type-paragraph&#10;    \" style=\"\">Il a publi\u00e9 des photos montrant des personnes v\u00eatues de combinaisons m\u00e9dicales blanches, mettant des sacs mortuaires dans des camions frigorifiques.<\/p>\n<p class=\"paragraph textModule textModule--type-paragraph&#10;    \" style=\"\">Deux cycles de pourparlers en mai puis en juin \u00e0 Istanbul, en Turquie, n\u2019ont pas permis de perc\u00e9e pour mettre fin au conflit. <\/p>\n<p class=\"paragraph textModule textModule--type-paragraph&#10;    \" style=\"\">Les pays ont n\u00e9anmoins accept\u00e9 de lib\u00e9rer des centaines de prisonniers de chaque camp et de rendre les d\u00e9pouilles des combattants, seul r\u00e9sultat tangible de ces n\u00e9gociations.<\/p>\n<p class=\"paragraph textModule textModule--type-paragraph&#10;    \" style=\"\">Le rapatriement de corps de militaires et les \u00e9changes de prisonniers de guerre sont les rares domaines dans lesquels les deux pays coop\u00e8rent depuis le d\u00e9but de l\u2019offensive russe d\u2019ampleur en Ukraine en f\u00e9vrier 2022. <\/p>\n","protected":false},"excerpt":{"rendered":"(Moscou) La Russie a revendiqu\u00e9 jeudi la prise de villages situ\u00e9s dans trois r\u00e9gions ukrainiennes, marquant sa pouss\u00e9e&hellip;\n","protected":false},"author":2,"featured_media":253744,"comment_status":"","ping_status":"","sticky":false,"template":"","format":"standard","meta":{"footnotes":""},"categories":[1591],"tags":[11,1887,12,1885,1886,132],"class_list":{"0":"post-253743","1":"post","2":"type-post","3":"status-publish","4":"format-standard","5":"has-post-thumbnail","7":"category-russie","8":"tag-actualites","9":"tag-federation-de-russie","10":"tag-news","11":"tag-russia","12":"tag-russian-federation","13":"tag-russie"},"share_on_mastodon":{"url":"https:\/\/pubeurope.com\/@fr\/114868251892483695","error":""},"_links":{"self":[{"href":"https:\/\/www.europesays.com\/fr\/wp-json\/wp\/v2\/posts\/253743","targetHints":{"allow":["GET"]}}],"collection":[{"href":"https:\/\/www.europesays.com\/fr\/wp-json\/wp\/v2\/posts"}],"about":[{"href":"https:\/\/www.europesays.com\/fr\/wp-json\/wp\/v2\/types\/post"}],"author":[{"embeddable":true,"href":"https:\/\/www.europesays.com\/fr\/wp-json\/wp\/v2\/users\/2"}],"replies":[{"embeddable":true,"href":"https:\/\/www.europesays.com\/fr\/wp-json\/wp\/v2\/comments?post=253743"}],"version-history":[{"count":0,"href":"https:\/\/www.europesays.com\/fr\/wp-json\/wp\/v2\/posts\/253743\/revisions"}],"wp:featuredmedia":[{"embeddable":true,"href":"https:\/\/www.europesays.com\/fr\/wp-json\/wp\/v2\/media\/253744"}],"wp:attachment":[{"href":"https:\/\/www.europesays.com\/fr\/wp-json\/wp\/v2\/media?parent=253743"}],"wp:term":[{"taxonomy":"category","embeddable":true,"href":"https:\/\/www.europesays.com\/fr\/wp-json\/wp\/v2\/categories?post=253743"},{"taxonomy":"post_tag","embeddable":true,"href":"https:\/\/www.europesays.com\/fr\/wp-json\/wp\/v2\/tags?post=253743"}],"curies":[{"name":"wp","href":"https:\/\/api.w.org\/{rel}","templated":true}]}}