{"id":253745,"date":"2025-07-17T11:06:13","date_gmt":"2025-07-17T11:06:13","guid":{"rendered":"https:\/\/www.europesays.com\/fr\/253745\/"},"modified":"2025-07-17T11:06:13","modified_gmt":"2025-07-17T11:06:13","slug":"leurope-doit-se-preparer-a-un-nouveau-type-de-guerre","status":"publish","type":"post","link":"https:\/\/www.europesays.com\/fr\/253745\/","title":{"rendered":"\u00abL\u2019Europe doit se pr\u00e9parer \u00e0 un nouveau type de guerre\u00bb"},"content":{"rendered":"<p>            <a href=\"https:\/\/www.lefigaro.fr\/vox\/monde\/conflit-cambodge-thailande-la-france-doit-defendre-la-carte-issue-du-traite-de-1907-20250715\" class=\"fig-ranking-profile-link\" data-fig-domain=\"LEFIGARO\" rel=\"nofollow noopener\" target=\"_blank\"><\/p>\n<p>        Conflit Cambodge-Tha\u00eflande\u00a0: \u00abLa France doit d\u00e9fendre la carte issue du trait\u00e9 de 1907\u00bb<\/p>\n<p>                                                                        <\/a><\/p>\n<p>        <img   class=\"fig-img fig-ranking-profile-media-small-picture__photo\" alt=\"Conflit Cambodge-Tha\u00eflande\u00a0: \u00abLa France doit d\u00e9fendre la carte issue du trait\u00e9 de 1907\u00bb\" height=\"719\" width=\"1279\"\/><\/p>\n<p class=\"fig-ranking-profile-standfirst\">\n    <strong>TRIBUNE &#8211;<\/strong> La mort d\u2019un soldat cambodgien, le 28 mai, dans la r\u00e9gion de Mum Bei, une zone disput\u00e9e, a d\u00e9clench\u00e9 une crise diplomatique entre Phnom Penh et Bangkok. Pour Pen Bona, ministre d\u00e9l\u00e9gu\u00e9 aupr\u00e8s du premier ministre du Cambodge, un trait\u00e9 sign\u00e9 par la France stipule pourtant que ce territoire appartient \u00e0 son pays.\n<\/p>\n<p>            <a href=\"https:\/\/www.lefigaro.fr\/vox\/monde\/drogues-comme-san-fransisco-la-france-doit-entreprendre-une-revolution-sanitaire-pour-soigner-l-addiction-20250716\" class=\"fig-ranking-profile-link\" data-fig-domain=\"LEFIGARO\" rel=\"nofollow noopener\" target=\"_blank\"><\/p>\n<p>        Drogues\u00a0: \u00abComme San Francisco, la France doit entreprendre une r\u00e9volution sanitaire pour soigner l\u2019addiction\u00bb<\/p>\n<p>                                                                        <\/a><\/p>\n<p>        <img   class=\"fig-img fig-ranking-profile-media-small-picture__photo\" alt=\"Drogues\u00a0: \u00abComme San Francisco, la France doit entreprendre une r\u00e9volution sanitaire pour soigner l\u2019addiction\u00bb\" height=\"1603\" width=\"2850\"\/><\/p>\n<p class=\"fig-ranking-profile-standfirst\">\n    <strong>FIGAROVOX\/TRIBUNE &#8211;<\/strong> D\u00e9but avril, le maire d\u00e9mocrate de San Fransisco a entrepris un changement de politique en mati\u00e8re de consommation de drogue, toute distribution de kit sanitaire devant \u00eatre accompagn\u00e9e d\u2019un plan th\u00e9rapeutique de lutte contre l\u2019addiction, salue le sp\u00e9cialiste Fran\u00e7ois Diot.\n<\/p>\n<p>            <a href=\"https:\/\/www.lefigaro.fr\/vox\/monde\/stephane-audoin-rouzeau-nous-sommes-dans-le-deni-de-la-defaite-de-l-ukraine-car-c-est-aussi-la-notre-20250715\" class=\"fig-ranking-profile-link\" aria-label=\"St\u00e9phane Audoin-Rouzeau\u00a0: \u00abNous sommes dans le d\u00e9ni de la d\u00e9faite de l\u2019Ukraine car c\u2019est aussi la n\u00f4tre\u00bb (article Premium)\" title=\"St\u00e9phane Audoin-Rouzeau\u00a0: \u00abNous sommes dans le d\u00e9ni de la d\u00e9faite de l\u2019Ukraine car c\u2019est aussi la n\u00f4tre\u00bb (article Premium)\" data-fig-domain=\"LEFIGARO\" rel=\"nofollow noopener\" target=\"_blank\"><\/p>\n<p>        St\u00e9phane Audoin-Rouzeau\u00a0: \u00abNous sommes dans le d\u00e9ni de la d\u00e9faite de l\u2019Ukraine car c\u2019est aussi la n\u00f4tre\u00bb<\/p>\n<p>                                                                        <\/a><\/p>\n<p>        <img   class=\"fig-img fig-ranking-profile-media-small-picture__photo\" alt=\"St\u00e9phane Audoin-Rouzeau\u00a0: \u00abNous sommes dans le d\u00e9ni de la d\u00e9faite de l\u2019Ukraine car c\u2019est aussi la n\u00f4tre\u00bb\" height=\"1104\" width=\"1964\"\/><\/p>\n<p class=\"fig-ranking-profile-standfirst\">\n    <strong>GRAND ENTRETIEN<\/strong> &#8211; L\u2019historien de la Premi\u00e8re Guerre mondiale et fervent soutien de Kiev se d\u00e9sole des le\u00e7ons oubli\u00e9es de 1914-1918, une guerre de position comme aujourd\u2019hui, o\u00f9 d\u00e9faite et victoire demeurent longtemps invisibles, et redoute un prochain d\u00e9ni dans l\u2019apr\u00e8s-guerre.<\/p>\n","protected":false},"excerpt":{"rendered":"Conflit Cambodge-Tha\u00eflande\u00a0: \u00abLa France doit d\u00e9fendre la carte issue du trait\u00e9 de 1907\u00bb TRIBUNE &#8211; La mort d\u2019un&hellip;\n","protected":false},"author":2,"featured_media":253746,"comment_status":"","ping_status":"","sticky":false,"template":"","format":"standard","meta":{"footnotes":""},"categories":[1590],"tags":[11,1777,674,131,12,132,220,364,134],"class_list":{"0":"post-253745","1":"post","2":"type-post","3":"status-publish","4":"format-standard","5":"has-post-thumbnail","7":"category-ukraine","8":"tag-actualites","9":"tag-eu","10":"tag-europe","11":"tag-guerre-en-ukraine","12":"tag-news","13":"tag-russie","14":"tag-ukraine","15":"tag-union-europeenne","16":"tag-volodymyr-zelensky"},"share_on_mastodon":{"url":"https:\/\/pubeurope.com\/@fr\/114868255738365310","error":""},"_links":{"self":[{"href":"https:\/\/www.europesays.com\/fr\/wp-json\/wp\/v2\/posts\/253745","targetHints":{"allow":["GET"]}}],"collection":[{"href":"https:\/\/www.europesays.com\/fr\/wp-json\/wp\/v2\/posts"}],"about":[{"href":"https:\/\/www.europesays.com\/fr\/wp-json\/wp\/v2\/types\/post"}],"author":[{"embeddable":true,"href":"https:\/\/www.europesays.com\/fr\/wp-json\/wp\/v2\/users\/2"}],"replies":[{"embeddable":true,"href":"https:\/\/www.europesays.com\/fr\/wp-json\/wp\/v2\/comments?post=253745"}],"version-history":[{"count":0,"href":"https:\/\/www.europesays.com\/fr\/wp-json\/wp\/v2\/posts\/253745\/revisions"}],"wp:featuredmedia":[{"embeddable":true,"href":"https:\/\/www.europesays.com\/fr\/wp-json\/wp\/v2\/media\/253746"}],"wp:attachment":[{"href":"https:\/\/www.europesays.com\/fr\/wp-json\/wp\/v2\/media?parent=253745"}],"wp:term":[{"taxonomy":"category","embeddable":true,"href":"https:\/\/www.europesays.com\/fr\/wp-json\/wp\/v2\/categories?post=253745"},{"taxonomy":"post_tag","embeddable":true,"href":"https:\/\/www.europesays.com\/fr\/wp-json\/wp\/v2\/tags?post=253745"}],"curies":[{"name":"wp","href":"https:\/\/api.w.org\/{rel}","templated":true}]}}