{"id":253751,"date":"2025-07-17T11:09:11","date_gmt":"2025-07-17T11:09:11","guid":{"rendered":"https:\/\/www.europesays.com\/fr\/253751\/"},"modified":"2025-07-17T11:09:11","modified_gmt":"2025-07-17T11:09:11","slug":"france-f-allemagne-f-larbitre-du-choc-connu","status":"publish","type":"post","link":"https:\/\/www.europesays.com\/fr\/253751\/","title":{"rendered":"France (F) &#8211; Allemagne (F) : l&rsquo;arbitre du choc connu"},"content":{"rendered":"<p>Zapping Foot National Les Petits Princes du Rocher, immersion dans le Groupe \u00c9lite de l\u2019AS Monaco !<\/p>\n<p>L&rsquo;\u00e9quipe de France f\u00e9minine a officiellement valid\u00e9 son ticket pour les quarts de finale de l&rsquo;Euro, et ce, gr\u00e2ce \u00e0 sa premi\u00e8re place dans le groupe D. Les Bleues s&rsquo;appr\u00eatent d\u00e9sormais \u00e0 relever un d\u00e9fi de taille puisqu&rsquo;elles affronteront l&rsquo;Allemagne, redoutable adversaire et deuxi\u00e8me du groupe C. Ce choc, qui promet d&rsquo;\u00eatre l&rsquo;une des affiches fortes de la comp\u00e9tition, aura lieu le samedi 19 juillet 2025. L&rsquo;enjeu est de taille : une place en demi-finale face au vainqueur du match Espagne-Suisse.<\/p>\n<p><strong>Un corps arbitral international pour diriger le choc France-Allemagne<\/strong><\/p>\n<p>Pour cette rencontre de quart de finale cruciale, l&rsquo;UEFA a d\u00e9sign\u00e9 un corps arbitral exp\u00e9riment\u00e9 et international. La Su\u00e9doise Tess Olofsson sera au sifflet, assist\u00e9e par sa compatriote Almira Spahi\u0107 et la Norv\u00e9gienne Monica Lokkeberg. La Croate Ivana Martin\u010di\u0107 occupera le r\u00f4le de quatri\u00e8me arbitre, tandis que l&rsquo;assistance vid\u00e9o \u00e0 l&rsquo;arbitrage (VAR) sera g\u00e9r\u00e9e par le duo Jarred Gillett (Australie) et Sian Massey-Ellis (Angleterre). Une \u00e9quipe arbitrale de haut niveau pour encadrer ce qui s&rsquo;annonce comme un match intense et disput\u00e9 entre deux des meilleures nations europ\u00e9ennes.<\/p>\n<p>Partagez cette info avec vos amis et vos proches en cliquant ici<br \/>Pour r\u00e9sumer<\/p>\n<p>L&rsquo;\u00e9quipe de France f\u00e9minine est pr\u00eate pour les quarts de finale de l&rsquo;Euro. Apr\u00e8s avoir termin\u00e9 en t\u00eate du groupe D, les Bleues affronteront l&rsquo;Allemagne ce samedi 19 juillet. Le corps arbitral de cette rencontre tr\u00e8s attendue a \u00e9t\u00e9 d\u00e9sign\u00e9, encadrant un match qui promet d&rsquo;\u00eatre un tournant pour la suite de la comp\u00e9tition.<\/p>\n<p> <img decoding=\"async\" width=\"76\" height=\"76\" loading=\"lazy\" src=\"https:\/\/static.wui.fr\/images_v3\/avatar-footnational.png\" alt=\"Aris Djennadi\"\/><\/p>\n","protected":false},"excerpt":{"rendered":"Zapping Foot National Les Petits Princes du Rocher, immersion dans le Groupe \u00c9lite de l\u2019AS Monaco ! L&rsquo;\u00e9quipe&hellip;\n","protected":false},"author":2,"featured_media":253752,"comment_status":"","ping_status":"","sticky":false,"template":"","format":"standard","meta":{"footnotes":""},"categories":[1587],"tags":[11,672,1804,1805,1803,1777,674,1801,12,1802],"class_list":{"0":"post-253751","1":"post","2":"type-post","3":"status-publish","4":"format-standard","5":"has-post-thumbnail","7":"category-allemagne","8":"tag-actualites","9":"tag-allemagne","10":"tag-bundesrepublik-deutschland","11":"tag-de","12":"tag-deutschland","13":"tag-eu","14":"tag-europe","15":"tag-germany","16":"tag-news","17":"tag-republique-federale-dallemagne"},"share_on_mastodon":{"url":"https:\/\/pubeurope.com\/@fr\/114868267577310062","error":""},"_links":{"self":[{"href":"https:\/\/www.europesays.com\/fr\/wp-json\/wp\/v2\/posts\/253751","targetHints":{"allow":["GET"]}}],"collection":[{"href":"https:\/\/www.europesays.com\/fr\/wp-json\/wp\/v2\/posts"}],"about":[{"href":"https:\/\/www.europesays.com\/fr\/wp-json\/wp\/v2\/types\/post"}],"author":[{"embeddable":true,"href":"https:\/\/www.europesays.com\/fr\/wp-json\/wp\/v2\/users\/2"}],"replies":[{"embeddable":true,"href":"https:\/\/www.europesays.com\/fr\/wp-json\/wp\/v2\/comments?post=253751"}],"version-history":[{"count":0,"href":"https:\/\/www.europesays.com\/fr\/wp-json\/wp\/v2\/posts\/253751\/revisions"}],"wp:featuredmedia":[{"embeddable":true,"href":"https:\/\/www.europesays.com\/fr\/wp-json\/wp\/v2\/media\/253752"}],"wp:attachment":[{"href":"https:\/\/www.europesays.com\/fr\/wp-json\/wp\/v2\/media?parent=253751"}],"wp:term":[{"taxonomy":"category","embeddable":true,"href":"https:\/\/www.europesays.com\/fr\/wp-json\/wp\/v2\/categories?post=253751"},{"taxonomy":"post_tag","embeddable":true,"href":"https:\/\/www.europesays.com\/fr\/wp-json\/wp\/v2\/tags?post=253751"}],"curies":[{"name":"wp","href":"https:\/\/api.w.org\/{rel}","templated":true}]}}