{"id":253759,"date":"2025-07-17T11:13:11","date_gmt":"2025-07-17T11:13:11","guid":{"rendered":"https:\/\/www.europesays.com\/fr\/253759\/"},"modified":"2025-07-17T11:13:11","modified_gmt":"2025-07-17T11:13:11","slug":"larmee-israelienne-frappe-leglise-de-la-paroisse-catholique-de-gaza","status":"publish","type":"post","link":"https:\/\/www.europesays.com\/fr\/253759\/","title":{"rendered":"L\u2019arm\u00e9e isra\u00e9lienne frappe l\u2019\u00e9glise de la paroisse catholique de Gaza"},"content":{"rendered":"<p>Un drone isra\u00e9lien aurait cibl\u00e9 ce jeudi le toit de cette \u00e9glise, faisant plusieurs victimes. Le cur\u00e9 de la paroisse aurait \u00e9t\u00e9 bless\u00e9. Une centaine de catholiques sont r\u00e9fugi\u00e9s dans les b\u00e2timents de la paroisse de la sainte Famille, au c\u0153ur de la ville de Gaza.<\/p>\n<p class=\"fig-paragraph\"><a href=\"http:\/\/www.lefigaro.fr\/international\/en-reponse-a-des-affrontements-entre-druzes-et-troupes-syriennes-israel-bombarde-damas-20250716\" target=\"_blank\" data-fig-type=\"Article\" rel=\"noopener\" data-gtm-custom-categorie=\"navigation\" data-gtm-custom-action=\"crossclick\" data-gtm-custom-label=\"Contextuel\" data-gtm-event=\"customEventSPE\" data-fig-domain=\"LEFIGARO\">Un drone isra\u00e9lien<\/a>\u00a0aurait tir\u00e9 un missile jeudi, en milieu de matin\u00e9e, sur le toit de l\u2019\u00e9glise de la Sainte Famille,<a href=\"http:\/\/www.lefigaro.fr\/vox\/monde\/eric-zemmour-en-accordant-le-statut-de-refugie-a-tous-les-gazaouis-la-cour-nationale-du-droit-d-asile-ignore-la-souverainete-populaire-20250713\" target=\"_blank\" data-fig-type=\"Article\" rel=\"noopener\" data-gtm-custom-categorie=\"navigation\" data-gtm-custom-action=\"crossclick\" data-gtm-custom-label=\"Contextuel\" data-gtm-event=\"customEventSPE\" data-fig-domain=\"LEFIGARO\">\u00a0\u00e0 Gaza<\/a>. Le patriarcat latin de J\u00e9rusalem confirme qu\u2019il y a plusieurs bless\u00e9s, dont le cur\u00e9 de la paroisse, le p\u00e8re Gabriel Romanelli, qui aurait \u00e9t\u00e9 bless\u00e9 \u00e0 la jambe. Selon d\u2019autres sources, il y aurait en tout huit bless\u00e9s. La frappe a eu lieu alors qu\u2019une \u00e9quipe de paroissiens \u00e9tait mont\u00e9e sur le toit de l\u2019\u00e9glise pour nettoyer des panneaux solaires.<\/p>\n<p class=\"fig-paragraph\">Contact\u00e9e, l\u2019arm\u00e9e isra\u00e9lienne n\u2019a pas indiqu\u00e9 pour l\u2019heure si les paroissiens avaient re\u00e7u son autorisation avant de monter sur le toit.\u00a0<a href=\"http:\/\/www.lefigaro.fr\/flash-actu\/gaza-la-defense-civile-fait-etat-d-au-moins-22-personnes-tuees-dans-des-raids-israeliens-20250714\" target=\"_blank\" data-fig-type=\"NewsFlash\" rel=\"noopener\" data-gtm-custom-categorie=\"navigation\" data-gtm-custom-action=\"crossclick\" data-gtm-custom-label=\"Contextuel\" data-gtm-event=\"customEventSPE\" data-fig-domain=\"LEFIGARO\">En raison des bombardements intensifs<\/a>\u00a0qui se multiplient depuis plusieurs semaines, ces panneaux \u00e9taient totalement obstru\u00e9s par la poussi\u00e8re, ce qui les rendait inutilisables. Mercredi, les paroissiens avaient obtenu de l\u2019arm\u00e9e isra\u00e9lienne l\u2019autorisation de monter quelques instants sur un toit pour nettoyer d\u2019autres panneaux, ce qui leur avait permis de produire un peu d\u2019\u00e9lectricit\u00e9.<\/p>\n<p class=\"fig-body-link\">\n            \u00c0 lire aussi<br \/>\n        <a class=\"fig-body-link__link fig-premium-mark\" href=\"http:\/\/www.lefigaro.fr\/international\/on-nous-prive-de-tout-du-sommeil-de-nourriture-de-liberte-a-gaza-les-vingt-et-un-mois-de-cauchemar-des-survivants-palestiniens-20250708\" data-fig-type=\"Article\" data-gtm-custom-categorie=\"navigation\" data-gtm-custom-action=\"crossclick\" data-gtm-custom-label=\"Contextuel\" data-gtm-event=\"customEventSPE\" data-fig-domain=\"LEFIGARO\" target=\"_blank\" rel=\"noopener\">\u00abOn nous prive de tout\u00a0: du sommeil, de nourriture, de libert\u00e9\u00bb\u00a0: \u00e0 Gaza, les vingt et un mois de cauchemar des survivants palestiniens<br \/>\n    <\/a>\n<\/p>\n<p>Une centaine de chr\u00e9tiens r\u00e9fugi\u00e9s dans la paroisse<\/p>\n<p class=\"fig-paragraph\">La paroisse\u2026<\/p>\n<p class=\"fig-premium-paywall__infos\">\n        Cet article est r\u00e9serv\u00e9 aux abonn\u00e9s.        Il vous reste 74% \u00e0 d\u00e9couvrir.\n    <\/p>\n<p>                <img  data- alt=\"Le Figaro\" class=\"fig-img--complete fig-img\"\/><\/p>\n<p class=\"fig-premium-paywall__title\">Vous avez envie de lire la suite ?<\/p>\n<p class=\"fig-premium-paywall__subtitle\">D\u00e9bloquez tous les articles imm\u00e9diatement.<\/p>\n<p class=\"fig-premium-paywall__connect\">\n                D\u00e9j\u00e0 abonn\u00e9\u00a0?                <a class=\"fig-premium-paywall__connect-link\" href=\"https:\/\/connect.lefigaro.fr\/login?client=horizon_web&amp;type=main&amp;redirect_uri=https%3A%2F%2Fwww.lefigaro.fr%2Finternational%2Fl-armee-israelienne-frappe-l-eglise-de-la-paroisse-catholique-de-gaza-20250717\" data-js-gtm=\"{&quot;customCategorie&quot;: &quot;conversion&quot;, &quot;customAction&quot;: &quot;before_Landing_Connexion_paywall_auto&quot;, &quot;customLabel&quot;: &quot;bGVmaWdhcm8uZnJfXzFmMDYyZTZhLTdkMjQtNjU2ZS1iMTZlLWIxMTE5OGZmNTVhY19fQXJ0aWNsZQ==_L\u2019arm\u00e9e isra\u00e9lienne frappe l\u2019\u00e9glise de la paroisse catholique de Gaza_3&quot;, &quot;customIDSPE&quot;: &quot;bGVmaWdhcm8uZnJfXzFmMDYyZTZhLTdkMjQtNjU2ZS1iMTZlLWIxMTE5OGZmNTVhY19fQXJ0aWNsZQ==&quot;, &quot;event&quot;: &quot;customEventSPE&quot;}\" target=\"_blank\" rel=\"noopener\"><br \/>\n                    Connectez-vous<br \/>\n                <\/a>\n            <\/p>\n","protected":false},"excerpt":{"rendered":"Un drone isra\u00e9lien aurait cibl\u00e9 ce jeudi le toit de cette \u00e9glise, faisant plusieurs victimes. Le cur\u00e9 de&hellip;\n","protected":false},"author":2,"featured_media":253760,"comment_status":"","ping_status":"","sticky":false,"template":"","format":"standard","meta":{"footnotes":""},"categories":[2],"tags":[11,23925,12336,1011,27,665,664,12,25],"class_list":{"0":"post-253759","1":"post","2":"type-post","3":"status-publish","4":"format-standard","5":"has-post-thumbnail","7":"category-actualites","8":"tag-actualites","9":"tag-bombardements","10":"tag-eglise","11":"tag-fr","12":"tag-france","13":"tag-gaza","14":"tag-israel","15":"tag-news","16":"tag-republique-francaise"},"share_on_mastodon":{"url":"https:\/\/pubeurope.com\/@fr\/114868283335568378","error":""},"_links":{"self":[{"href":"https:\/\/www.europesays.com\/fr\/wp-json\/wp\/v2\/posts\/253759","targetHints":{"allow":["GET"]}}],"collection":[{"href":"https:\/\/www.europesays.com\/fr\/wp-json\/wp\/v2\/posts"}],"about":[{"href":"https:\/\/www.europesays.com\/fr\/wp-json\/wp\/v2\/types\/post"}],"author":[{"embeddable":true,"href":"https:\/\/www.europesays.com\/fr\/wp-json\/wp\/v2\/users\/2"}],"replies":[{"embeddable":true,"href":"https:\/\/www.europesays.com\/fr\/wp-json\/wp\/v2\/comments?post=253759"}],"version-history":[{"count":0,"href":"https:\/\/www.europesays.com\/fr\/wp-json\/wp\/v2\/posts\/253759\/revisions"}],"wp:featuredmedia":[{"embeddable":true,"href":"https:\/\/www.europesays.com\/fr\/wp-json\/wp\/v2\/media\/253760"}],"wp:attachment":[{"href":"https:\/\/www.europesays.com\/fr\/wp-json\/wp\/v2\/media?parent=253759"}],"wp:term":[{"taxonomy":"category","embeddable":true,"href":"https:\/\/www.europesays.com\/fr\/wp-json\/wp\/v2\/categories?post=253759"},{"taxonomy":"post_tag","embeddable":true,"href":"https:\/\/www.europesays.com\/fr\/wp-json\/wp\/v2\/tags?post=253759"}],"curies":[{"name":"wp","href":"https:\/\/api.w.org\/{rel}","templated":true}]}}