{"id":253763,"date":"2025-07-17T11:15:16","date_gmt":"2025-07-17T11:15:16","guid":{"rendered":"https:\/\/www.europesays.com\/fr\/253763\/"},"modified":"2025-07-17T11:15:16","modified_gmt":"2025-07-17T11:15:16","slug":"dans-la-somme-il-transforme-un-ancien-golf-en-espace-naturel-protege-et-la-biodiversite-fait-son-trou","status":"publish","type":"post","link":"https:\/\/www.europesays.com\/fr\/253763\/","title":{"rendered":"Dans la Somme, il transforme un ancien golf en espace naturel prot\u00e9g\u00e9\u2026 et la biodiversit\u00e9 fait son trou"},"content":{"rendered":"<p>Rien ne permet de savoir que cette vall\u00e9e verte, compos\u00e9e de prairies, \u00e0 quelques kilom\u00e8tres de la baie de Somme, \u00e9tait autrefois un golf. Rien, sauf ces rectangles de terre au milieu des pelouses, o\u00f9 aucune plante ne pousse \u00e0 l\u2019exception des orties et des chardons. Inertes et constitu\u00e9s de sable, ces anciens greens, o\u00f9 \u00e9taient implant\u00e9s les 18 trous, sont les derniers signes visibles de la pollution du sol, arros\u00e9 d\u2019engrais et de pesticides pendant pr\u00e8s de 30\u00a0ans.<\/p>\n<p><img fetchpriority=\"high\" decoding=\"async\" width=\"1024\" height=\"768\" src=\"https:\/\/www.europesays.com\/fr\/wp-content\/uploads\/2025\/07\/IMG_7223.HEIC-1024x768.jpg\" alt=\"\" class=\"wp-image-45047\"  \/>Les anciens greens du golf font tache au milieu de la v\u00e9g\u00e9tation. \u00a9\u00a0Alban\u00a0Leduc\/Vert<\/p>\n<p>C\u2019est pourtant pour son int\u00e9r\u00eat \u00e9cologique que Xavier Mennesson a d\u00e9cid\u00e9 de racheter une partie de ce site \u2013 qui appartenait \u00e0 sa famille, laquelle exploitait le golf \u2013 situ\u00e9 \u00e0 Grand-Laviers, en 2023. Propri\u00e9taire du domaine du Val, un ensemble d\u2019h\u00e9bergements touristiques situ\u00e9 en bordure du vallon, il veut en faire un espace naturel prot\u00e9g\u00e9. Pour ce faire, au lancement du projet, il a mis\u00e9 \u00e0 l\u2019aveugle sur la biodiversit\u00e9 du lieu.<\/p>\n<p>Malgr\u00e9 une gestion intensive, des esp\u00e8ces rares ont surv\u00e9cu<\/p>\n<p>Et, apr\u00e8s un an d\u2019\u00e9tude, le Conservatoire d\u2019espaces naturels des Hauts-de-France a valid\u00e9 son intuition\u00a0: la trentaine d\u2019esp\u00e8ces remarquables pr\u00e9sente en fait une zone \u00e0 pr\u00e9server. On y trouve p\u00eale-m\u00eale de petits passereaux en danger d\u2019extinction dans la r\u00e9gion, des libellules en passe d\u2019\u00eatre menac\u00e9es, ou encore des criquets en cours de recolonisation du site. En tout, 201 esp\u00e8ces de plantes, 58 sortes d\u2019oiseaux et presque autant d\u2019esp\u00e8ces d\u2019insectes ont \u00e9t\u00e9 recens\u00e9es sur le parcours de 25 kilom\u00e8tres.<\/p>\n<p><img loading=\"lazy\" decoding=\"async\" width=\"1024\" height=\"768\" src=\"https:\/\/www.europesays.com\/fr\/wp-content\/uploads\/2025\/07\/IMG_7193.HEIC-1024x768.jpg\" alt=\"\" class=\"wp-image-45048\"  \/>Xavier Mennesson, le propri\u00e9taire du lieu, a am\u00e9nag\u00e9 un parcours de randonn\u00e9e pour traverser l\u2019ancien golf g\u00e9r\u00e9 par sa famille. \u00a9\u00a0Alban\u00a0Leduc\/Vert<\/p>\n<p>\u00abMalgr\u00e9 les tontes intensives r\u00e9alis\u00e9es pendant des ann\u00e9es, certaines plantes comme des orchid\u00e9es prot\u00e9g\u00e9es ont r\u00e9ussi \u00e0 survivre, s\u2019\u00e9tonne David Adam, auteur de l\u2019\u00e9valuation. Dans les Hauts-de-France, la terre est globalement tr\u00e8s cultiv\u00e9e, chaque parcelle libre est donc int\u00e9ressante.\u00bb Si d\u2019autres golfs ont fait l\u2019objet d\u2019\u00e9tudes \u00e9cologiques dans la r\u00e9gion, tous n\u2019ont pas d\u2019int\u00e9r\u00eat \u00e0 \u00eatre prot\u00e9g\u00e9.<\/p>\n<p>Fini les tirs de balles, place aux moutons et aux haies<\/p>\n<p>Malgr\u00e9 sa riche biodiversit\u00e9, le vallon de la Somme aura quand m\u00eame besoin de dizaines d\u2019ann\u00e9es pour gommer les impacts de l\u2019activit\u00e9 sportive pass\u00e9e et d\u00e9polluer en partie les sols. \u00abMais il ne suffit pas de laisser faire\u00bb, pr\u00e9vient Xavier Mennesson. D\u00e9broussaillage, r\u00e9implantation de moutons et de haies, le nouveau propri\u00e9taire a lanc\u00e9 une s\u00e9rie de chantiers pour \u00abrenaturer\u00bb le lieu.<\/p>\n<p>En suivant les recommandations scientifiques, il esp\u00e8re maintenir la diversit\u00e9 des habitats \u00e9cologiques, r\u00e9tablir la sant\u00e9 des prairies s\u00e8ches et humides, puis permettre le retour d\u2019une activit\u00e9 agricole. Des moutons devraient investir les lieux pour brouter les pousses d\u2019arbustes et ainsi \u00e9viter que le site se referme sur lui-m\u00eame \u2013 tout en prot\u00e9geant les petites plantes, plus rares.<\/p>\n<p><img loading=\"lazy\" decoding=\"async\" width=\"1024\" height=\"768\" src=\"https:\/\/www.europesays.com\/fr\/wp-content\/uploads\/2025\/07\/IMG_7207.HEIC-1024x768.jpg\" alt=\"\" class=\"wp-image-45051\"  \/>Le domaine du Val, en bordure de la r\u00e9serve, propose des h\u00e9bergements touristiques sur pilotis. \u00a9\u00a0Alban\u00a0Leduc\/Vert<\/p>\n<p>\u00abC\u2019est un projet qui me tient \u00e0 c\u0153ur et donne du sens \u00e0 mon m\u00e9tier\u00bb, confie Xavier Mennesson, dont les parents occupaient une ferme sur le terrain pendant son enfance. Transform\u00e9 en terrain de golf entre 1989 et 2019, le lieu tend d\u00e9sormais \u00e0 revenir \u00e0 son statut initial.<\/p>\n<p>Pour financer cette transformation, le chef d\u2019entreprise peut compter sur les revenus g\u00e9n\u00e9r\u00e9s par sa r\u00e9sidence de tourisme, compos\u00e9e de 30 maisons sur pilotis, construite en 2005 pour favoriser un tourisme qu\u2019il veut \u00ab\u00e9coresponsable\u00bb. La nouvelle r\u00e9serve naturelle s\u2019int\u00e9grera alors \u00e0 l\u2019offre propos\u00e9e par le site. \u00abAucun client suppl\u00e9mentaire ne viendra sp\u00e9cifiquement pour \u00e7a, mais \u00e7a rajoute un service\u00bb, reconna\u00eet Xavier Mennesson.<\/p>\n<p>Profiter du tourisme, sans en faire un \u00abparc d\u2019attraction\u00bb<\/p>\n<p>Pour lier tourisme et protection de l\u2019environnement, un parcours de 3,2 kilom\u00e8tres, balis\u00e9 sur l\u2019ancien terrain de jeu, est propos\u00e9 \u00e0 chaque visiteur. \u00abJamais je n\u2019aurais imagin\u00e9 qu\u2019il y avait un golf ici auparavant, s\u2019\u00e9tonne le responsable d\u2019un groupe de retrait\u00e9\u00b7es en visite. On a l\u2019image de ce sport r\u00e9serv\u00e9 aux plus riches, c\u2019est bien que l\u2019on puisse maintenant y avoir acc\u00e8s.\u00bb Malgr\u00e9 les panneaux et la brochure, les visiteur\u00b7ses peinent encore \u00e0 respecter toutes les r\u00e8gles de pr\u00e9servation de l\u2019environnement. Certain\u00b7es cueillent des fleurs le long du parcours, tandis que d\u2019autres l\u2019utilisent pour faire leur footing. \u00abIl faut rappeler que ce n\u2019est pas un parc d\u2019attraction\u00bb, soupire le gestionnaire.<\/p>\n<p>Face aux frais importants de gardiennage, il se dit dans l\u2019incapacit\u00e9 d\u2019ouvrir le lieu au grand public \u2013 contrairement aux r\u00e9serves naturelles publiques. Le domaine imagine n\u00e9anmoins permettre la visite pour des \u00e9v\u00e8nements autour de la nature et construire un parcours en bois traversant l\u2019aire prot\u00e9g\u00e9e \u00e0 destination des scolaires. Pour financer ces op\u00e9rations, Xavier Mennesson frappe \u00e0 toutes les portes. Apr\u00e8s avoir obtenu l\u2019appui de la Fondation du patrimoine, il imagine solliciter des subventions et d\u2019autres acteurs priv\u00e9s.<\/p>\n<p>Pour mobiliser le grand public et esp\u00e9rer obtenir jusqu\u2019\u00e0 10\u00a0000 euros, il lance m\u00eame une campagne de financement participatif. Avec une ambition\u00a0: montrer que des espaces naturels prot\u00e9g\u00e9s peuvent aussi \u00eatre cr\u00e9\u00e9s par des acteurs priv\u00e9s.<\/p>\n<p class=\"has-background\" style=\"background-color:#ecfaf4\"><b>De l\u2019Australie au Canada, des golfs du monde entier reviennent \u00e0 la nature<\/b><\/p>\n<p>Des <a rel=\"noreferrer noopener\" href=\"https:\/\/www.rewildingmag.com\/when-golf-courses-go-wild\/\" target=\"_blank\">\u00c9tats-Unis<\/a> \u00e0 l\u2019<a rel=\"noreferrer noopener\" href=\"https:\/\/www.bbc.com\/future\/article\/20250214-from-scotland-to-california-the-rewilded-golf-courses-where-wildlife-thrives\" target=\"_blank\">\u00c9cosse<\/a>, de l\u2019<a rel=\"noreferrer noopener\" href=\"https:\/\/yoursay.bayside.vic.gov.au\/elsternwick-nature-reserve\" target=\"_blank\">Australie<\/a> au <a rel=\"noreferrer noopener\" href=\"https:\/\/www.vancouverislandfreedaily.com\/local-news\/project-brings-nature-accessibility-to-site-of-former-saanich-golf-course-7248019\" target=\"_blank\">Canada<\/a>, les \u00abrenaturations\u00bb de golfs sont en plein essor \u00e0 travers le monde.<\/p>\n<p>Pour cause, ce sont de vastes espaces tr\u00e8s peu artificialis\u00e9s qui peuvent facilement changer d\u2019usage. G\u00e9n\u00e9ralement situ\u00e9s \u00e0 proximit\u00e9 de sites naturels \u2013 comme des cours d\u2019eau \u2013, et am\u00e9nag\u00e9s en grandes voies d\u00e9gag\u00e9es, les golfs cochent toutes les cases pour devenir de parfaits corridors \u00e9cologiques.<\/p>\n<p>Et ils sont de plus en plus pris\u00e9s par les naturalistes. Si la F\u00e9d\u00e9ration fran\u00e7aise de golf <a rel=\"noreferrer noopener\" href=\"https:\/\/www.gegf.eu\/wp-content\/uploads\/2023\/06\/Panorama_du_Golf_en_France_et_Gestion_Environnementale_des-Parcours_2023.pdf\" target=\"_blank\">indique travailler depuis 2007 avec le Mus\u00e9um national d\u2019histoire naturelle<\/a> pour am\u00e9liorer la biodiversit\u00e9 de certains sites volontaires, d\u2019autres acteurs de la balle vont encore plus loin.<\/p>\n<p><a rel=\"noreferrer noopener\" href=\"https:\/\/rewilding.academy\/rewilding\/rewilding-abandoned-golf-courses\/\" target=\"_blank\">Au Royaume-Uni<\/a>, des collectivit\u00e9s locales convertissent des terrains de golf municipaux, financi\u00e8rement non viables, en espaces naturels. <a rel=\"noreferrer noopener\" href=\"https:\/\/www.tpl.org\/our-work\/san-geronimo-commons\" target=\"_blank\">En Californie<\/a>, la renaturation du parcours de golf de San Geronimo, qui d\u00e9tournait l\u2019eau de la rivi\u00e8re pour l\u2019arrosage, a permis le retour d\u2019environ 900 esp\u00e8ces de poissons et d\u2019animaux sauvages. <a rel=\"noreferrer noopener\" href=\"https:\/\/www.amsterdamoldcourse.nl\/de-baan\/geo-duurzaam-golfbaanbeheer\/\" target=\"_blank\">Aux Pays-Bas<\/a>, sur l\u2019ancien golf d\u2019Amsterdam, des plantes indig\u00e8nes et des zones humides ont \u00e9t\u00e9 restaur\u00e9es, attirant diverses esp\u00e8ces d\u2019oiseaux et am\u00e9liorant la qualit\u00e9 de l\u2019eau.<\/p>\n","protected":false},"excerpt":{"rendered":"Rien ne permet de savoir que cette vall\u00e9e verte, compos\u00e9e de prairies, \u00e0 quelques kilom\u00e8tres de la baie&hellip;\n","protected":false},"author":2,"featured_media":253764,"comment_status":"","ping_status":"","sticky":false,"template":"","format":"standard","meta":{"footnotes":""},"categories":[1418],"tags":[39418,39419,1011,27,1472,1941,60,39420],"class_list":{"0":"post-253763","1":"post","2":"type-post","3":"status-publish","4":"format-standard","5":"has-post-thumbnail","7":"category-golf","8":"tag-domaine-du-val","9":"tag-espace-naturel","10":"tag-fr","11":"tag-france","12":"tag-golf","13":"tag-somme","14":"tag-sports","15":"tag-xavier-mennesson"},"share_on_mastodon":{"url":"https:\/\/pubeurope.com\/@fr\/114868291184848279","error":""},"_links":{"self":[{"href":"https:\/\/www.europesays.com\/fr\/wp-json\/wp\/v2\/posts\/253763","targetHints":{"allow":["GET"]}}],"collection":[{"href":"https:\/\/www.europesays.com\/fr\/wp-json\/wp\/v2\/posts"}],"about":[{"href":"https:\/\/www.europesays.com\/fr\/wp-json\/wp\/v2\/types\/post"}],"author":[{"embeddable":true,"href":"https:\/\/www.europesays.com\/fr\/wp-json\/wp\/v2\/users\/2"}],"replies":[{"embeddable":true,"href":"https:\/\/www.europesays.com\/fr\/wp-json\/wp\/v2\/comments?post=253763"}],"version-history":[{"count":0,"href":"https:\/\/www.europesays.com\/fr\/wp-json\/wp\/v2\/posts\/253763\/revisions"}],"wp:featuredmedia":[{"embeddable":true,"href":"https:\/\/www.europesays.com\/fr\/wp-json\/wp\/v2\/media\/253764"}],"wp:attachment":[{"href":"https:\/\/www.europesays.com\/fr\/wp-json\/wp\/v2\/media?parent=253763"}],"wp:term":[{"taxonomy":"category","embeddable":true,"href":"https:\/\/www.europesays.com\/fr\/wp-json\/wp\/v2\/categories?post=253763"},{"taxonomy":"post_tag","embeddable":true,"href":"https:\/\/www.europesays.com\/fr\/wp-json\/wp\/v2\/tags?post=253763"}],"curies":[{"name":"wp","href":"https:\/\/api.w.org\/{rel}","templated":true}]}}