{"id":253765,"date":"2025-07-17T11:17:13","date_gmt":"2025-07-17T11:17:13","guid":{"rendered":"https:\/\/www.europesays.com\/fr\/253765\/"},"modified":"2025-07-17T11:17:13","modified_gmt":"2025-07-17T11:17:13","slug":"super-league-tevita-pangai-jr-en-route-vers-un-autre-club-de-super-league-rugby-a-xiii","status":"publish","type":"post","link":"https:\/\/www.europesays.com\/fr\/253765\/","title":{"rendered":"Super League &#8211; Tevita Pangai Jr en route vers un autre club de Super League ? &#8211; Rugby \u00e0 XIII"},"content":{"rendered":"<p style=\"text-align: justify;\"><strong>En contact avec plusieurs clubs de Top 14, il se pourrait que le puissant mais souvent d\u00e9cri\u00e9 pilier prenne la direction d\u2019un club rival la saison prochaine.<\/strong><\/p>\n<p style=\"text-align: justify;\">En effet les Warrington Wolves, \u00e0 la recherche d\u2019un pilier pour la saison prochaine, auraient jet\u00e9 leur d\u00e9volu sur le joueur des Dragons Catalans. Arriv\u00e9 cette saison du c\u00f4t\u00e9 de Perpignan, Tevita Pangai Jr n\u2019avait sign\u00e9 que pour une seule ann\u00e9e de contrat et est donc libre de s\u2019engager o\u00f9 il souhaite l\u2019ann\u00e9e prochaine.<\/p>\n<p style=\"text-align: justify;\">International tongien et porteur de la tunique des NSW Blues \u00e0 une reprise, il \u00e9tait annonc\u00e9 comme la recrue phare des Catalans mais \u00e0 souvent altern\u00e9 le bon et le moins bon cette saison. Capable de charges et de lib\u00e9rations redoutables, sa d\u00e9fense parfois trop agressive et sa nonchalance \u00e0 certains moments durant les rencontres n\u2019ont pas fait l\u2019unanimit\u00e9 dans les rangs des supporters sang et or.<\/p>\n<p style=\"text-align: justify;\">Il se murmure en coulisses que le joueur de 29 ans, vainqueur de la NRL en 2021 avec les Penrith Panthers,\u00a0 aurait sign\u00e9 pour une ann\u00e9e sous les ordres du coach Sam Burgess.<\/p>\n<p><a href=\"https:\/\/www.alloutrugbyleague.co.uk\/news\/warrington-wolves-catalans-dragons-powerhouse-1271961\" class=\"vlp-link\" title=\"Warrington Wolves sign Catalans Dragons powerhouse\" rel=\"nofollow noopener\" target=\"_blank\"><img decoding=\"async\" src=\"https:\/\/www.europesays.com\/fr\/wp-content\/uploads\/2025\/07\/0__AM20095.jpg\" style=\"max-width: 1024px; max-height: 1024px\"\/><\/p>\n<p>Warrington Wolves sign Catalans Dragons powerhouse<\/p>\n<p>Warrington Wolves are set to add to their pack for 2026.<\/p>\n<p>Lire l&rsquo;article<\/p>\n<p>www.alloutrugbyleague.co.uk<\/p>\n","protected":false},"excerpt":{"rendered":"En contact avec plusieurs clubs de Top 14, il se pourrait que le puissant mais souvent d\u00e9cri\u00e9 pilier&hellip;\n","protected":false},"author":2,"featured_media":253766,"comment_status":"","ping_status":"","sticky":false,"template":"","format":"standard","meta":{"footnotes":""},"categories":[1416],"tags":[3248,1011,27,479,2228,1468,2229,60,4474,6902,39421,969],"class_list":{"0":"post-253765","1":"post","2":"type-post","3":"status-publish","4":"format-standard","5":"has-post-thumbnail","7":"category-rugby","8":"tag-dragons-catalans","9":"tag-fr","10":"tag-france","11":"tag-rugby","12":"tag-rugby-a-xiii","13":"tag-rugby-football","14":"tag-rugby-league","15":"tag-sports","16":"tag-super-league","17":"tag-tevita-pangai-jr","18":"tag-tevita-pangai-junior","19":"tag-transfert"},"share_on_mastodon":{"url":"https:\/\/pubeurope.com\/@fr\/114868299064008603","error":""},"_links":{"self":[{"href":"https:\/\/www.europesays.com\/fr\/wp-json\/wp\/v2\/posts\/253765","targetHints":{"allow":["GET"]}}],"collection":[{"href":"https:\/\/www.europesays.com\/fr\/wp-json\/wp\/v2\/posts"}],"about":[{"href":"https:\/\/www.europesays.com\/fr\/wp-json\/wp\/v2\/types\/post"}],"author":[{"embeddable":true,"href":"https:\/\/www.europesays.com\/fr\/wp-json\/wp\/v2\/users\/2"}],"replies":[{"embeddable":true,"href":"https:\/\/www.europesays.com\/fr\/wp-json\/wp\/v2\/comments?post=253765"}],"version-history":[{"count":0,"href":"https:\/\/www.europesays.com\/fr\/wp-json\/wp\/v2\/posts\/253765\/revisions"}],"wp:featuredmedia":[{"embeddable":true,"href":"https:\/\/www.europesays.com\/fr\/wp-json\/wp\/v2\/media\/253766"}],"wp:attachment":[{"href":"https:\/\/www.europesays.com\/fr\/wp-json\/wp\/v2\/media?parent=253765"}],"wp:term":[{"taxonomy":"category","embeddable":true,"href":"https:\/\/www.europesays.com\/fr\/wp-json\/wp\/v2\/categories?post=253765"},{"taxonomy":"post_tag","embeddable":true,"href":"https:\/\/www.europesays.com\/fr\/wp-json\/wp\/v2\/tags?post=253765"}],"curies":[{"name":"wp","href":"https:\/\/api.w.org\/{rel}","templated":true}]}}