{"id":253768,"date":"2025-07-17T11:20:14","date_gmt":"2025-07-17T11:20:14","guid":{"rendered":"https:\/\/www.europesays.com\/fr\/253768\/"},"modified":"2025-07-17T11:20:14","modified_gmt":"2025-07-17T11:20:14","slug":"le-niveau-de-zarco-est-incroyable-mais-pas-la-realite-de-honda","status":"publish","type":"post","link":"https:\/\/www.europesays.com\/fr\/253768\/","title":{"rendered":"le niveau de Zarco est \u00ab\u00a0incroyable\u00a0\u00bb mais \u00ab\u00a0pas la r\u00e9alit\u00e9\u00a0\u00bb de Honda"},"content":{"rendered":"<p>Honda a fait des progr\u00e8s cette ann\u00e9e, mais les plus beaux r\u00e9sultats du constructeur dans la premi\u00e8re moiti\u00e9 du championnat sont surtout le fruit de performances de <a href=\"https:\/\/fr.motorsport.com\/driver\/johann-zarco\/96107\/\" target=\"_blank\" rel=\"noopener\">Johann Zarco<\/a>. On retiendra naturellement sa victoire au GP de France, dans une journ\u00e9e tr\u00e8s perturb\u00e9e par la pluie, et sa deuxi\u00e8me place deux semaines plus tard \u00e0 Silverstone, dans des conditions tr\u00e8s diff\u00e9rentes, mais ce ne sont pas ses seuls coups d&rsquo;\u00e9clat.<\/p>\n<p>Le natif de Cannes a \u00e9t\u00e9 class\u00e9 au quatri\u00e8me rang au Qatar et au sixi\u00e8me en Argentine, o\u00f9 il s&rsquo;\u00e9tait hiss\u00e9 en premi\u00e8re ligne, performance reproduite sous la pluie en Allemagne, seul <a href=\"https:\/\/fr.motorsport.com\/driver\/marc-marquez\/92646\/\" target=\"_blank\" rel=\"noopener\">Marc M\u00e1rquez<\/a> ayant pu le devancer.<\/p>\n<p>Ces diff\u00e9rentes prestations signifient que Zarco compte 23 points de plus que l&rsquo;ensemble des autres pilotes Honda r\u00e9unis, en comptant ceux engag\u00e9s en wild-card depuis le d\u00e9but de l&rsquo;ann\u00e9e. <a href=\"https:\/\/fr.motorsport.com\/driver\/luca-marini\/201098\/\" target=\"_blank\" rel=\"noopener\">Luca Marini<\/a> ne peut que s&rsquo;incliner face \u00e0 cette capacit\u00e9 \u00e0 tirer le meilleur de la Honda sur des terrains tr\u00e8s diff\u00e9rents, mais estime que la marque ne peut pas se permettre de se reposer sur ces exploits de sa part.<\/p>\n<p>\u00ab\u00a0Le potentiel de notre moto est toujours le m\u00eame\u00a0\u00bb, a soulign\u00e9 l&rsquo;Italien. \u00ab\u00a0Parfois, Zarco arrive \u00e0 extraire un potentiel incroyable, mais \u00e0 mon avis \u00e7a n&rsquo;est pas la r\u00e9alit\u00e9. Il fait quelque chose de vraiment bien, il est tout le temps tr\u00e8s en confiance avec les pneus, il a quelque chose de plus, et il pilote tr\u00e8s bien. Mais je pense qu&rsquo;on ne peut pas se permettre ce genre de performance pendant toute la course.\u00a0\u00bb<\/p>\n<p>   <img decoding=\"async\" draggable=\"false\" src=\"https:\/\/www.europesays.com\/fr\/wp-content\/uploads\/2025\/07\/1752751214_188_johann-zarco-team-lcr-honda.jpg\" alt=\"Johann Zarco, Team LCR Honda\" width=\"1200\" height=\"800\" loading=\"lazy\"\/> <\/p>\n<p class=\"title\">Johann Zarco<\/p>\n<p class=\"photographer\">Photo de: Mark Wieland \/ Getty Images<\/p>\n<p>Apr\u00e8s un d\u00e9but de saison encourageant, Honda a en effet <a href=\"https:\/\/fr.motorsport.com\/motogp\/news\/mir-zarco-honda-pietiner-performances\/10739046\/\" target=\"_blank\" rel=\"noopener\">marqu\u00e9 le pas<\/a>, en payant l&rsquo;absence de nouveaut\u00e9 sur sa moto. Zarco a lui-m\u00eame eu du mal \u00e0 confirmer apr\u00e8s Silverstone et Marini, deuxi\u00e8me repr\u00e9sentant de Honda au championnat, s&rsquo;amuse du fait que cela ait co\u00efncid\u00e9 avec son absence, puisque sa blessure l&rsquo;a contraint \u00e0 manquer les courses en Arag\u00f3n, au Mugello et \u00e0 Assen. Plein de second degr\u00e9, il veut se voir en \u00ab\u00a0motivation\u00a0\u00bb pour le pilote LCR.<\/p>\n<p>\u00ab\u00a0Je veux faire les m\u00eames choses que Zarco parce qu&rsquo;il pilote tr\u00e8s bien en ce moment, il est en grande forme. Surtout maintenant que je suis revenu ! Quand j&rsquo;\u00e9tais chez moi, dans mon canap\u00e9, il n&rsquo;\u00e9tait pas en grande forme \u2013 maintenant il est fantastique !\u00a0\u00bb<\/p>\n<p style=\"text-align: right;\">Avec L\u00e9na Buffa<\/p>\n<p>Lire aussi :<\/p>\n<p>Dans cet article<\/p>\n<p>Soyez le premier inform\u00e9 et souscrivez aux alertes mails pour recevoir les infos en temps r\u00e9el<\/p>\n<p>    S&rsquo;abonner aux alertes de news<\/p>\n","protected":false},"excerpt":{"rendered":"Honda a fait des progr\u00e8s cette ann\u00e9e, mais les plus beaux r\u00e9sultats du constructeur dans la premi\u00e8re moiti\u00e9&hellip;\n","protected":false},"author":2,"featured_media":253769,"comment_status":"","ping_status":"","sticky":false,"template":"","format":"standard","meta":{"footnotes":""},"categories":[1413],"tags":[1011,27,3345,1741,15966,1457,1456,1458,60,3771],"class_list":{"0":"post-253768","1":"post","2":"type-post","3":"status-publish","4":"format-standard","5":"has-post-thumbnail","7":"category-moto","8":"tag-fr","9":"tag-france","10":"tag-honda-hrc","11":"tag-johann-zarco","12":"tag-luca-marini","13":"tag-moto","14":"tag-motocycle","15":"tag-motogp","16":"tag-sports","17":"tag-team-lcr"},"share_on_mastodon":{"url":"https:\/\/pubeurope.com\/@fr\/114868310857584086","error":""},"_links":{"self":[{"href":"https:\/\/www.europesays.com\/fr\/wp-json\/wp\/v2\/posts\/253768","targetHints":{"allow":["GET"]}}],"collection":[{"href":"https:\/\/www.europesays.com\/fr\/wp-json\/wp\/v2\/posts"}],"about":[{"href":"https:\/\/www.europesays.com\/fr\/wp-json\/wp\/v2\/types\/post"}],"author":[{"embeddable":true,"href":"https:\/\/www.europesays.com\/fr\/wp-json\/wp\/v2\/users\/2"}],"replies":[{"embeddable":true,"href":"https:\/\/www.europesays.com\/fr\/wp-json\/wp\/v2\/comments?post=253768"}],"version-history":[{"count":0,"href":"https:\/\/www.europesays.com\/fr\/wp-json\/wp\/v2\/posts\/253768\/revisions"}],"wp:featuredmedia":[{"embeddable":true,"href":"https:\/\/www.europesays.com\/fr\/wp-json\/wp\/v2\/media\/253769"}],"wp:attachment":[{"href":"https:\/\/www.europesays.com\/fr\/wp-json\/wp\/v2\/media?parent=253768"}],"wp:term":[{"taxonomy":"category","embeddable":true,"href":"https:\/\/www.europesays.com\/fr\/wp-json\/wp\/v2\/categories?post=253768"},{"taxonomy":"post_tag","embeddable":true,"href":"https:\/\/www.europesays.com\/fr\/wp-json\/wp\/v2\/tags?post=253768"}],"curies":[{"name":"wp","href":"https:\/\/api.w.org\/{rel}","templated":true}]}}