{"id":253770,"date":"2025-07-17T11:21:11","date_gmt":"2025-07-17T11:21:11","guid":{"rendered":"https:\/\/www.europesays.com\/fr\/253770\/"},"modified":"2025-07-17T11:21:11","modified_gmt":"2025-07-17T11:21:11","slug":"tag-heuer-met-le-turbo-avec-ses-montres-futuristes","status":"publish","type":"post","link":"https:\/\/www.europesays.com\/fr\/253770\/","title":{"rendered":"Tag Heuer met le turbo avec ses montres futuristes"},"content":{"rendered":"<p>TAG Heuer remet les pendules \u00e0 l\u2019heure. Depuis octobre dernier, la marque suisse est le nouveau partenaire principal de la <a href=\"https:\/\/www.lejdd.fr\/dossiers\/formule-1\" target=\"_blank\" rel=\"nofollow noopener\">Formule\u00a01<\/a> pour une p\u00e9riode renouvelable de dix ans. Si les bouchons de champagne <a href=\"https:\/\/www.lejdd.fr\/economie\/champagne-moet-chandon-et-pharrell-williams-la-jouent-happy-155715\" target=\"_blank\" rel=\"nofollow noopener\">Mo\u00ebt Hennessy<\/a> n\u2019ont pas fini de sauter sur les podiums, TAG Heuer renoue ainsi avec ses origines (la marque avait cr\u00e9\u00e9 des montres pens\u00e9es pour les pilotes\u00a0: la Carrera en\u00a01964, la Monaco en\u00a01969 ou la Formula\u00a01 en\u00a01986).<\/p>\n<p>Un retour vers le futur qui donne des ailes \u00e0 la manufacture dont on peut dire qu\u2019elle met le turbo. \u00ab\u00a02025 est une ann\u00e9e tr\u00e8s riche pour nous, mais ce n\u2019est pas juste d\u00fb \u00e0 ce partenariat de grande envergure avec la F1, d\u00e9clare Antoine Pin, actuel pr\u00e9sident de la maison. C\u2019est un extraordinaire coup de projecteur sur TAG Heuer et l\u2019occasion id\u00e9ale de renforcer notre discours sur l\u2019innovation produit\u00a0\u00bb.<\/p>\n<p>L\u00e9g\u00e8ret\u00e9 et r\u00e9sistance<\/p>\n<p>TAG Heuer dispose en <a href=\"https:\/\/www.lejdd.fr\/Tags\/Suisse\" target=\"_blank\" rel=\"nofollow noopener\">Suisse<\/a> de quatre sites industriels respectivement d\u00e9di\u00e9s au d\u00e9veloppement des bo\u00eetiers, des mouvements, des carrures et enfin au montage final des innombrables composants d\u2019une montre. De quoi occuper environ 2\u00a0000 personnes et vendre des montres dans pr\u00e8s de 150\u00a0pays. \u00ab\u00a0Cette industrialisation parfaitement ma\u00eetris\u00e9e associ\u00e9e \u00e0 cette puissance commerciale nous rend naturellement plus innovants\u00a0\u00bb, pr\u00e9cise Antoine Pin.<\/p>\n<p>En toute logique, on apprend donc que le d\u00e9partement de Recherche et D\u00e9veloppement de TAG Heuer travaille \u00e0 long terme. \u00ab\u00a0Nous n\u2019avons de cesse de r\u00e9fl\u00e9chir sur la l\u00e9g\u00e8ret\u00e9 et la r\u00e9sistance de nos produits. Notre principe de base repose sur l\u2019ergonomie des montres. Un principe que nous poussons toujours plus loin, auquel nous associons les indispensables notions d\u2019innovation technique et de design\u00a0\u00bb, explique le pr\u00e9sident.<\/p>\n<blockquote class=\"exergue\"><p>La marque s\u00e9duit une client\u00e8le plus jeune et f\u00e9minine<\/p><\/blockquote>\n<p>Parmi les ingr\u00e9dients savoureux de l\u2019actualit\u00e9 de TAG Heuer, la r\u00e9\u00e9dition de la Formula\u00a01 r\u00e9alis\u00e9e cette fois en TH-Polylight, un polycarbonate r\u00e9put\u00e9 pour sa l\u00e9g\u00e8ret\u00e9, sa durabilit\u00e9 et teint\u00e9 dans la masse, ce qui permet un choix quasi infini de couleurs. Elle est anim\u00e9e du calibre Solargraph qui se remonte gr\u00e2ce \u00e0 l\u2019\u00e9nergie solaire. \u00ab\u00a0Ce calibre rend inutile une pile. Il r\u00e9volutionne le quartz invent\u00e9 d\u00e8s les ann\u00e9es\u00a020 gr\u00e2ce \u00e0 ses performances en termes de pr\u00e9cision et de robustesse\u00a0\u00bb, pr\u00e9cise Antoine Pin.<\/p>\n<p>    La suite apr\u00e8s cette publicit\u00e9<\/p>\n<p>Le Solargraph permet \u00e0 la montre de se remonter pour toute une journ\u00e9e en seulement deux minutes d\u2019exposition \u00e0 la lumi\u00e8re directe du soleil. Aussi, une fois enti\u00e8rement recharg\u00e9e, apr\u00e8s moins de 40\u00a0heures d\u2019exposition, la montre peut fonctionner jusqu\u2019\u00e0 dix mois sans lumi\u00e8re. La Formula\u00a01 s\u2019impose comme une montre moderne, responsable et mixte gr\u00e2ce \u00e0 son diam\u00e8tre de 38\u00a0mm. Autant de qualit\u00e9s qui permettent \u00e0 TAG Heuer de s\u00e9duire une client\u00e8le plus jeune et plus f\u00e9minine.<\/p>\n<p>On trouve dans les pochettes surprises de TAG Heuer d\u2019autres mat\u00e9riaux high-tech. Comme le TH-Titanium que l\u2019on retrouve sur le chronographe Monaco split-seconds. \u00ab\u00a0Pour le TH-Polylight, nous avons cr\u00e9\u00e9 une nouvelle structure atomique du titane dans une qu\u00eate de duret\u00e9 et de l\u00e9g\u00e8ret\u00e9. Nous y sommes parvenus et avons \u00e9t\u00e9 r\u00e9compens\u00e9s par la bonne surprise de voir la mati\u00e8re prendre une autre consistance avec sa surface non uniforme, presque vivante, offrant une sorte de motif al\u00e9atoire\u00a0\u00bb, nous raconte Antoine Pin. Encore une innovation technique mise au service du design\u2026<\/p>\n<p>Un troisi\u00e8me mat\u00e9riau est \u00e9voqu\u00e9 dans les ateliers TAG Heuer mais on nous laisse dans le flou. Reste que le carbone devrait revenir sur le devant de la sc\u00e8ne d\u00e8s la rentr\u00e9e, gr\u00e2ce \u00e0 un r\u00e9el pas en avant (son probl\u00e8me de r\u00e9sistance \u00e0 l\u2019humidit\u00e9 semble avoir \u00e9t\u00e9 r\u00e9solu\u2026). \u00c0 suivre\u00a0! Autre coup de ma\u00eetre sign\u00e9 par la manufacture, l\u2019introduction au sein des collections Carrera des diamants de laboratoires.<\/p>\n<p>\u00ab\u00a0Une d\u00e9cision port\u00e9e par une conscience environnementale et une qu\u00eate de design disruptif et cr\u00e9atif\u00a0\u00bb, d\u00e9veloppe Antoine Pin. C\u2019est ainsi que nous d\u00e9couvrons des tailles de pierres uniques et vari\u00e9es, des sertissages al\u00e9atoires, des couleurs de gemmes originales\u2026 Inventivit\u00e9 et petites r\u00e9volutions, TAG Heuer semble avoir trouv\u00e9 sa voie pour durer encore longtemps, tout en gardant sa l\u00e9gendaire fiabilit\u00e9 de montre suisse.\u00a0<\/p>\n","protected":false},"excerpt":{"rendered":"TAG Heuer remet les pendules \u00e0 l\u2019heure. Depuis octobre dernier, la marque suisse est le nouveau partenaire principal&hellip;\n","protected":false},"author":2,"featured_media":253771,"comment_status":"","ping_status":"","sticky":false,"template":"","format":"standard","meta":{"footnotes":""},"categories":[1412],"tags":[1451,1452,1453,1454,1455,1011,27,60],"class_list":{"0":"post-253770","1":"post","2":"type-post","3":"status-publish","4":"format-standard","5":"has-post-thumbnail","7":"category-f1","8":"tag-f1","9":"tag-formula-1","10":"tag-formula1","11":"tag-formule-1","12":"tag-formule1","13":"tag-fr","14":"tag-france","15":"tag-sports"},"share_on_mastodon":{"url":"https:\/\/pubeurope.com\/@fr\/114868314645652440","error":""},"_links":{"self":[{"href":"https:\/\/www.europesays.com\/fr\/wp-json\/wp\/v2\/posts\/253770","targetHints":{"allow":["GET"]}}],"collection":[{"href":"https:\/\/www.europesays.com\/fr\/wp-json\/wp\/v2\/posts"}],"about":[{"href":"https:\/\/www.europesays.com\/fr\/wp-json\/wp\/v2\/types\/post"}],"author":[{"embeddable":true,"href":"https:\/\/www.europesays.com\/fr\/wp-json\/wp\/v2\/users\/2"}],"replies":[{"embeddable":true,"href":"https:\/\/www.europesays.com\/fr\/wp-json\/wp\/v2\/comments?post=253770"}],"version-history":[{"count":0,"href":"https:\/\/www.europesays.com\/fr\/wp-json\/wp\/v2\/posts\/253770\/revisions"}],"wp:featuredmedia":[{"embeddable":true,"href":"https:\/\/www.europesays.com\/fr\/wp-json\/wp\/v2\/media\/253771"}],"wp:attachment":[{"href":"https:\/\/www.europesays.com\/fr\/wp-json\/wp\/v2\/media?parent=253770"}],"wp:term":[{"taxonomy":"category","embeddable":true,"href":"https:\/\/www.europesays.com\/fr\/wp-json\/wp\/v2\/categories?post=253770"},{"taxonomy":"post_tag","embeddable":true,"href":"https:\/\/www.europesays.com\/fr\/wp-json\/wp\/v2\/tags?post=253770"}],"curies":[{"name":"wp","href":"https:\/\/api.w.org\/{rel}","templated":true}]}}