{"id":253774,"date":"2025-07-17T11:23:11","date_gmt":"2025-07-17T11:23:11","guid":{"rendered":"https:\/\/www.europesays.com\/fr\/253774\/"},"modified":"2025-07-17T11:23:11","modified_gmt":"2025-07-17T11:23:11","slug":"asse-mercato-coup-de-theatre-pour-lavenir-de-bouchouari","status":"publish","type":"post","link":"https:\/\/www.europesays.com\/fr\/253774\/","title":{"rendered":"ASSE Mercato\u00a0: coup de th\u00e9\u00e2tre pour l\u2019avenir de Bouchouari\u00a0!\u00a0"},"content":{"rendered":"<p><strong>Annonc\u00e9 ancr\u00e9 dans le projet st\u00e9phanois cet \u00e9t\u00e9, Benjamin Bouchouari pourrait finalement quitter l\u2019AS Saint-\u00c9tienne au mercato. Une vraie surprise pour le milieu marocain de 23 ans.<\/strong><\/p>\n<p>\ud83d\udfe5<strong> Rumeur<\/strong><\/p>\n<p>Coup de tonnerre pour Benjamin Bouchouari\u00a0! Avec 26 matches disput\u00e9s toutes comp\u00e9titions confondues, le milieu marocain a offert une saison solide, devenant un \u00e9l\u00e9ment cl\u00e9 du dispositif d\u2019Eirik Horneland. Pourtant, malgr\u00e9 son contrat courant jusqu\u2019en juin 2026, <a href=\"https:\/\/www.footmercato.net\/a7629392762476896337-asse-benjamin-bouchouari-vers-un-depart-cet-ete\" rel=\"nofollow noopener\" target=\"_blank\">Foot Mercato<\/a> croit savoir que l\u2019avenir du joueur de 23 ans \u00e0 l\u2019ASSE semble incertain.<\/p>\n<p>Rel\u00e9gu\u00e9 en Ligue 2, le club for\u00e9zien sait que le temps presse pour r\u00e9aliser une vente lucrative. En effet, les dirigeants ont conscience que la fen\u00eatre de tir pour r\u00e9cup\u00e9rer un ch\u00e8que cons\u00e9quent se refermera rapidement. Dans un an, le joueur sera en fin de contrat dans deux ans, et sa valeur marchande pourrait chuter, compliquant toute op\u00e9ration financi\u00e8re.<\/p>\n<p>D\u00e9j\u00e0 deux clubs int\u00e9ress\u00e9s par Bouchouari<\/p>\n<p>C\u2019est donc cet \u00e9t\u00e9 que les Verts veulent agir. Et les pistes ne manquent pas. G\u00e9rone, club espagnol qui suit Bouchouari depuis longtemps, est tr\u00e8s int\u00e9ress\u00e9 par son profil technique, jug\u00e9 pr\u00e9cieux et polyvalent. Mais ce n\u2019est pas la seule formation \u00e0 s\u2019\u00eatre positionn\u00e9e. En Turquie, Trabzonspor s\u2019active \u00e9galement pour attirer le milieu st\u00e9phanois et pourrait rapidement concr\u00e9tiser son int\u00e9r\u00eat.<\/p>\n<p>Du c\u00f4t\u00e9 de l\u2019<a href=\"https:\/\/www.butfootballclub.fr\/asse-mercato-le-cas-bouchouari-deja-tranche\/\" rel=\"nofollow noopener\" target=\"_blank\">ASSE<\/a>, la direction se montre pr\u00eate \u00e0 \u00e9couter toutes les offres s\u00e9rieuses, consciente que la vente de Bouchouari pourrait apporter un bol d\u2019air financier important pour un club en pleine reconstruction. Le mercato d\u2019\u00e9t\u00e9 s\u2019annonce donc plus anim\u00e9 que pr\u00e9vu chez les Verts.<\/p>\n<p>\u00ab\u00a0Le coup d\u2019\u0153il de But FC\u00a0\u00bb<\/p>\n<p>\u00ab\u00a0<a href=\"https:\/\/www.butfootballclub.fr\/asse-mercato-le-cas-bouchouari-fait-debat-chez-les-verts\/\" rel=\"nofollow noopener\" target=\"_blank\">L\u2019avenir de Benjamin Bouchouari a d\u00e9j\u00e0 \u00e9t\u00e9 un sujet d\u00e9battu avec force du c\u00f4t\u00e9 de But FC<\/a>, o\u00f9 j\u2019ai d\u2019ailleurs pens\u00e9 que l\u2019avenir du milieu de terrain marocain se trouvait encore \u00e0 l\u2019ASSE. Maintenant, si une offre juteuse arrive vraiment cet \u00e9t\u00e9, que faire\u00a0?\u00a0\u00bb<\/p>\n","protected":false},"excerpt":{"rendered":"Annonc\u00e9 ancr\u00e9 dans le projet st\u00e9phanois cet \u00e9t\u00e9, Benjamin Bouchouari pourrait finalement quitter l\u2019AS Saint-\u00c9tienne au mercato. Une&hellip;\n","protected":false},"author":2,"featured_media":253775,"comment_status":"","ping_status":"","sticky":false,"template":"","format":"standard","meta":{"footnotes":""},"categories":[1410],"tags":[11,448,63,1011,27,66,3388,12,60,10662],"class_list":{"0":"post-253774","1":"post","2":"type-post","3":"status-publish","4":"format-standard","5":"has-post-thumbnail","7":"category-football","8":"tag-actualites","9":"tag-champions-league","10":"tag-football","11":"tag-fr","12":"tag-france","13":"tag-ligue-1","14":"tag-matchs","15":"tag-news","16":"tag-sports","17":"tag-transferts"},"share_on_mastodon":{"url":"https:\/\/pubeurope.com\/@fr\/114868322537131514","error":""},"_links":{"self":[{"href":"https:\/\/www.europesays.com\/fr\/wp-json\/wp\/v2\/posts\/253774","targetHints":{"allow":["GET"]}}],"collection":[{"href":"https:\/\/www.europesays.com\/fr\/wp-json\/wp\/v2\/posts"}],"about":[{"href":"https:\/\/www.europesays.com\/fr\/wp-json\/wp\/v2\/types\/post"}],"author":[{"embeddable":true,"href":"https:\/\/www.europesays.com\/fr\/wp-json\/wp\/v2\/users\/2"}],"replies":[{"embeddable":true,"href":"https:\/\/www.europesays.com\/fr\/wp-json\/wp\/v2\/comments?post=253774"}],"version-history":[{"count":0,"href":"https:\/\/www.europesays.com\/fr\/wp-json\/wp\/v2\/posts\/253774\/revisions"}],"wp:featuredmedia":[{"embeddable":true,"href":"https:\/\/www.europesays.com\/fr\/wp-json\/wp\/v2\/media\/253775"}],"wp:attachment":[{"href":"https:\/\/www.europesays.com\/fr\/wp-json\/wp\/v2\/media?parent=253774"}],"wp:term":[{"taxonomy":"category","embeddable":true,"href":"https:\/\/www.europesays.com\/fr\/wp-json\/wp\/v2\/categories?post=253774"},{"taxonomy":"post_tag","embeddable":true,"href":"https:\/\/www.europesays.com\/fr\/wp-json\/wp\/v2\/tags?post=253774"}],"curies":[{"name":"wp","href":"https:\/\/api.w.org\/{rel}","templated":true}]}}