{"id":253778,"date":"2025-07-17T11:25:10","date_gmt":"2025-07-17T11:25:10","guid":{"rendered":"https:\/\/www.europesays.com\/fr\/253778\/"},"modified":"2025-07-17T11:25:10","modified_gmt":"2025-07-17T11:25:10","slug":"video-le-lion-dor-du-beffroi-darras-est-arrive-en-dordogne","status":"publish","type":"post","link":"https:\/\/www.europesays.com\/fr\/253778\/","title":{"rendered":"VID\u00c9O &#8211; Le lion d&rsquo;or du beffroi d&rsquo;Arras est arriv\u00e9 en Dordogne"},"content":{"rendered":"<p>Le lion du beffroi d&rsquo;Arras dans le Nord est arriv\u00e9 dans les ateliers de la Socra, \u00e0 Marsac-sur-l&rsquo;Isle en Dordogne. L&rsquo;entreprise p\u00e9rigourdine a \u00e9t\u00e9 choisie pour expertiser la sculpture datant de 1929. Elle doit rendre ses analyses en novembre. <\/p>\n<p>Deux jours apr\u00e8s \u00eatre descendu du beffroi d&rsquo;Arras (Pas-de-Calais)\u00a0<a class=\"IciLink ici-link IciArticleLink g-ici-body-regular-1 underline brand svelte-lu7k6w\" href=\"https:\/\/www.francebleu.fr\/infos\/culture-loisirs\/video-descendu-du-beffroi-par-helicoptere-le-lion-d-arras-part-pour-18-mois-de-restauration-1011002\" rel=\"nofollow noopener\" target=\"_blank\">lors d&rsquo;une spectaculaire op\u00e9ration, ce lundi 14 juillet<\/a>, <strong>le lion d&rsquo;or est arriv\u00e9 \u00e0 Marsac-sur-l&rsquo;Isle, ce mercredi.<\/strong> Il rejoint les ateliers de <a class=\"IciLink ici-link IciArticleLink g-ici-body-regular-1 underline brand svelte-lu7k6w\" href=\"https:\/\/www.francebleu.fr\/emissions\/bienvenue-chez-vous-dans-le-perigord\/de-la-mosaique-gallo-romaine-aux-chefs-d-oeuvre-nationaux-le-savoir-faire-de-la-socra-a-marsac-sur-l-isle-3625756\" rel=\"nofollow noopener\" target=\"_blank\">l&rsquo;entreprise Socra<\/a>, sp\u00e9cialis\u00e9e dans la conservation et la restauration d&rsquo;\u0153uvres d&rsquo;art, de monuments et de vestiges arch\u00e9ologiques, qui a d\u00e9j\u00e0 restaur\u00e9 des sculptures de Notre-Dame-de-Paris. La sculpture du lion qui tr\u00f4nait depuis\u00a0 1929 au sommet du beffroi d&rsquo;Arras va rester en Dordogne pendant trois mois, le temps d&rsquo;\u00eatre expertis\u00e9e.<\/p>\n<p>\u00ab\u00a0Une chance inou\u00efe\u00a0\u00bb<\/p>\n<p>Le lion est livr\u00e9 par la soci\u00e9t\u00e9 de transport de Baptiste Lecat, ce mercredi 16 juillet. Il tire la grosse b\u00e2che bleue de son camion\u00a0: le fauve est l\u00e0. <strong>Trois m\u00e8tres, pos\u00e9 sur le flanc, s\u00e9par\u00e9 de ses pattes<\/strong> et du soleil qui l&rsquo;accompagnait en haut de sa rampe au sommet du beffroi d&rsquo;Arras. Il est tenu par des sangles, une livraison tr\u00e8s particuli\u00e8re pour le professionnel du transport. \u00ab\u00a0\u00c7a n&rsquo;arrivera qu&rsquo;une fois dans ma vie. D\u00e8s qu&rsquo;on s&rsquo;arr\u00eate, on v\u00e9rifie les sangles, car depuis la cabine on ne voit rien. Quand on passe sur un dos d&rsquo;\u00e2ne ou un trou, on va entre 0 et 5km\/h, les automobilistes derri\u00e8re nous klaxonnent, mais c&rsquo;est pas grave, on sait pourquoi on le fait\u00a0\u00bb, d\u00e9crit le transporteur.<\/p>\n<p>loading<\/p>\n<p>S&rsquo;il est honor\u00e9 de ce chargement, les employ\u00e9s de la Socra sont fiers de recevoir une nouvelle pi\u00e8ce d&rsquo;exception.\u00a0<a class=\"IciLink ici-link IciArticleLink g-ici-body-regular-1 underline brand svelte-lu7k6w\" href=\"https:\/\/www.francebleu.fr\/emissions\/la-story-france-bleu-perigord\/perigord\/la-socra-olivier-baumgardner\" rel=\"nofollow noopener\" target=\"_blank\">Olivier Baumgardner<\/a>\u00a0sera, entre autres, charg\u00e9 de mener les expertises sur la sculpture, pendant trois mois \u00e0 la Socra\u00a0: \u00ab\u00a0ce genre de statue, c&rsquo;est une chance inou\u00efe de pouvoir travailler sur des \u0153uvres du 19e-20e si\u00e8cle, avec un savoir-faire unique.\u00a0\u00bb<\/p>\n<p>La queue, les pattes, le soleil, puis le reste du corps vont \u00eatre scrut\u00e9s, d\u00e9mont\u00e9s. L&rsquo;entreprise Socra doit achever ses travaux d&rsquo;\u00e9tudes en novembre. Ensuite, un appel d&rsquo;offre sera lanc\u00e9 pour remettre sur pattes le lion. Les travaux ne d\u00e9buteront pas avant janvier 2026. Il est pr\u00e9vu qu&rsquo;il soit\u00a0<strong>repos\u00e9 \u00e0 Arras pr\u00e9cis\u00e9ment le 6 avril 2027<\/strong>, soit un an et demi de travaux plus tard, pour environ <strong>150.000 euros de r\u00e9novation<\/strong>.<\/p>\n<p>\u00c0 lire aussi   <img decoding=\"async\" src=\"https:\/\/www.europesays.com\/fr\/wp-content\/uploads\/2025\/07\/560x315_sc_img-3494.jpg\" alt=\"Expos\u00e9 toute la journ\u00e9e sur la Place des H\u00e9ros, le lion d'Arras va ensuite prendre la direction de la Dordogne pour \u00eatre restaur\u00e9\" style=\"--_image-preview:url('data:image\/jpeg;base64,\/9j\/2wBDACgcHiMeGSgjISMtKygwPGRBPDc3PHtYXUlkkYCZlo+AjIqgtObDoKrarYqMyP\/L2u71\/\/\/\/m8H\/\/\/\/6\/+b9\/\/j\/2wBDASstLTw1PHZBQXb4pYyl+Pj4+Pj4+Pj4+Pj4+Pj4+Pj4+Pj4+Pj4+Pj4+Pj4+Pj4+Pj4+Pj4+Pj4+Pj4+Pj4+Pj\/wAARCAAXACoDASIAAhEBAxEB\/8QAFwABAQEBAAAAAAAAAAAAAAAAAAECA\/\/EABgQAQEBAQEAAAAAAAAAAAAAAAABERIC\/8QAFgEBAQEAAAAAAAAAAAAAAAAAAQAC\/8QAFREBAQAAAAAAAAAAAAAAAAAAABH\/2gAMAwEAAhEDEQA\/ANX0lrn0aKWxnV1VRU1LU00RylalBhprTQSZtToCH\/\/Z');\" loading=\"lazy\" fetchpriority=\"low\" aria-hidden=\"true\" class=\"svelte-1pnmlwx rounded\" onload=\"this.__e=event\" onerror=\"this.__e=event\"\/><\/p>\n","protected":false},"excerpt":{"rendered":"Le lion du beffroi d&rsquo;Arras dans le Nord est arriv\u00e9 dans les ateliers de la Socra, \u00e0 Marsac-sur-l&rsquo;Isle&hellip;\n","protected":false},"author":2,"featured_media":253779,"comment_status":"","ping_status":"","sticky":false,"template":"","format":"standard","meta":{"footnotes":""},"categories":[1358],"tags":[1348,1384,1385,1386,58,59,1011,27],"class_list":{"0":"post-253778","1":"post","2":"type-post","3":"status-publish","4":"format-standard","5":"has-post-thumbnail","7":"category-arts-et-design","8":"tag-arts","9":"tag-arts-and-design","10":"tag-arts-et-design","11":"tag-design","12":"tag-divertissement","13":"tag-entertainment","14":"tag-fr","15":"tag-france"},"share_on_mastodon":{"url":"https:\/\/pubeurope.com\/@fr\/114868330558806179","error":""},"_links":{"self":[{"href":"https:\/\/www.europesays.com\/fr\/wp-json\/wp\/v2\/posts\/253778","targetHints":{"allow":["GET"]}}],"collection":[{"href":"https:\/\/www.europesays.com\/fr\/wp-json\/wp\/v2\/posts"}],"about":[{"href":"https:\/\/www.europesays.com\/fr\/wp-json\/wp\/v2\/types\/post"}],"author":[{"embeddable":true,"href":"https:\/\/www.europesays.com\/fr\/wp-json\/wp\/v2\/users\/2"}],"replies":[{"embeddable":true,"href":"https:\/\/www.europesays.com\/fr\/wp-json\/wp\/v2\/comments?post=253778"}],"version-history":[{"count":0,"href":"https:\/\/www.europesays.com\/fr\/wp-json\/wp\/v2\/posts\/253778\/revisions"}],"wp:featuredmedia":[{"embeddable":true,"href":"https:\/\/www.europesays.com\/fr\/wp-json\/wp\/v2\/media\/253779"}],"wp:attachment":[{"href":"https:\/\/www.europesays.com\/fr\/wp-json\/wp\/v2\/media?parent=253778"}],"wp:term":[{"taxonomy":"category","embeddable":true,"href":"https:\/\/www.europesays.com\/fr\/wp-json\/wp\/v2\/categories?post=253778"},{"taxonomy":"post_tag","embeddable":true,"href":"https:\/\/www.europesays.com\/fr\/wp-json\/wp\/v2\/tags?post=253778"}],"curies":[{"name":"wp","href":"https:\/\/api.w.org\/{rel}","templated":true}]}}