{"id":253780,"date":"2025-07-17T11:26:14","date_gmt":"2025-07-17T11:26:14","guid":{"rendered":"https:\/\/www.europesays.com\/fr\/253780\/"},"modified":"2025-07-17T11:26:14","modified_gmt":"2025-07-17T11:26:14","slug":"que-vaut-le-livre-de-lete","status":"publish","type":"post","link":"https:\/\/www.europesays.com\/fr\/253780\/","title":{"rendered":"que vaut le livre de l&rsquo;\u00e9t\u00e9 ?"},"content":{"rendered":"<p>Premier texte d\u2019Ad\u00e8le Yon, ce roman publi\u00e9 cet hiver a largement s\u00e9duit la critique par son intelligence et sa charge \u00e9motionnelle. Le r\u00e9cit hant\u00e9, travers\u00e9 de silences, redonne une voix \u00e0 une femme effac\u00e9e.<\/p>\n<p>Parmi les livres qui refont surface dans les classements de ventes, <a href=\"https:\/\/www.fnac.com\/o11484220\/Mon-vrai-nom-est-elisabeth\/w-4\" target=\"_blank\" rel=\"noreferrer noopener\">Mon vrai nom est \u00c9lisabeth<\/a>, d\u2019<a href=\"https:\/\/leclaireur.fnac.com\/article\/600318-rencontre-avec-adele-yon-phenomene-de-mon-vrai-nom-est-elisabeth\/\" target=\"_blank\" rel=\"noreferrer noopener\">Ad\u00e8le Yon<\/a>, s\u2019impose discr\u00e8tement comme un incontournable cet <a href=\"https:\/\/leclaireur.fnac.com\/selection\/cp30918-les-romans-a-lire-cet-ete\/\" target=\"_blank\" rel=\"noreferrer noopener\">\u00e9t\u00e9<\/a>. Ph\u00e9nom\u00e8ne litt\u00e9raire d\u00e8s sa parution, cet hiver, aux \u00c9ditions du Sous-sol, le premier texte de cette normalienne a touch\u00e9 l\u2019ensemble de la critique par sa densit\u00e9 et son trouble. Un livre-enqu\u00eate travers\u00e9 par une voix et un nom effac\u00e9.<\/p>\n<blockquote class=\"instagram-media\" data-instgrm-captioned=\"\" data-instgrm-permalink=\"https:\/\/www.instagram.com\/p\/DFuu3yNKa7z\/?utm_source=ig_embed&amp;utm_campaign=loading\" data-instgrm-version=\"14\" style=\" background:#FFF; border:0; border-radius:3px; box-shadow:0 0 1px 0 rgba(0,0,0,0.5),0 1px 10px 0 rgba(0,0,0,0.15); margin: 1px; max-width:540px; min-width:326px; padding:0; width:99.375%; width:-webkit-calc(100% - 2px); width:calc(100% - 2px);\"\/>\n<p>Une histoire de famille<\/p>\n<p>Tout commence par une image ; une vieille photo exhum\u00e9e d\u2019un carton d\u2019archives familiales. \u00c9lisabeth, qu\u2019on appelait Betsy, n\u2019\u00e9tait qu\u2019une rumeur douloureuse transmise \u00e0 demi-mot. Intern\u00e9e, lobotomis\u00e9e, morte sans r\u00e9cit. Sa petite-fille, qui ne l\u2019a jamais connue, d\u00e9cide de mener l\u2019enqu\u00eate, rassemblant correspondances, diagnostics, entretiens, silences. Ce qui affleure : le corps mutil\u00e9 d\u2019une femme et la m\u00e9moire anesth\u00e9si\u00e9e d\u2019une lign\u00e9e enti\u00e8re.<\/p>\n<p><strong class=\"small\">En stock<\/strong><\/p>\n<p>        Acheter sur Fnac.com<\/p>\n<p>Betsy fut diagnostiqu\u00e9e schizophr\u00e8ne en 1950, intern\u00e9e 17 ans, soumise aux \u00e9lectrochocs, aux cures de Sakel, puis \u00e0 une lobotomie. Une folie sans nom, transmise par le non-dit. Dans sa qu\u00eate, l\u2019autrice affronte aussi ses propres vertiges : \u00ab\u00a0Est-ce que je suis folle, moi aussi ?\u00a0\u00bb La peur devient m\u00e9thode et le trouble moteur d\u2019\u00e9criture. Ad\u00e8le Yon interroge la violence psychiatrique autant que les mythologies familiales.<\/p>\n<p>Un livre aux genres m\u00eal\u00e9s<\/p>\n<p>R\u00e9cit, essai, journal d\u2019enqu\u00eate, th\u00e8se d\u00e9guis\u00e9e, <a href=\"https:\/\/www.fnac.com\/s20\/Roman-et-Nouvelles\" target=\"_blank\" rel=\"noreferrer noopener\">roman<\/a> d\u2019archives\u2026 Le texte \u00e9chappe \u00e0 toute classification et c\u2019est probablement aussi pour \u00e7a qu\u2019il pla\u00eet autant. Virginie Bloch-Lain\u00e9, sur <a href=\"https:\/\/www.radiofrance.fr\/franceculture\/podcasts\/les-midis-de-culture\/critique-litterature-mon-vrai-nom-est-elisabeth-d-adele-yon-8432928\" target=\"_blank\" rel=\"noreferrer noopener nofollow\">France Culture<\/a>, salue \u00ab\u00a0un vrai roman\u00a0\u00bb, o\u00f9 \u00ab\u00a0la recherche se met en sc\u00e8ne tout en livrant des mat\u00e9riaux bruts mais retravaill\u00e9s\u00a0\u00bb. Marie Sorbier, quant \u00e0 elle, admire \u00ab\u00a0un dosage juste, sans pathos, qui laisse place au lecteur\u00a0\u00bb.<\/p>\n<p>La r\u00e9ception critique n\u2019a d\u2019ailleurs laiss\u00e9 place \u00e0 aucun doute. <a href=\"https:\/\/www.telerama.fr\/livre\/mon-vrai-nom-est-elisabeth-le-recit-dechirant-d-adele-yon-sur-le-destin-tragique-de-son-aieule-schizophrene_cri-7036659.php\" target=\"_blank\" rel=\"noreferrer noopener nofollow\">T\u00e9l\u00e9rama<\/a> lui adresse cinq \u00e9toiles, et parle d\u2019\u00ab\u00a0une enqu\u00eate minutieuse, \u00e9tay\u00e9e, obstin\u00e9e\u00a0\u00bb, o\u00f9 \u00ab\u00a0le pass\u00e9 familial, perclus de silences, est le mat\u00e9riau \u00e0 ausculter\u00a0\u00bb. De m\u00eame, <a href=\"https:\/\/www.lemonde.fr\/livres\/article\/2025\/02\/26\/mon-vrai-nom-est-elisabeth-d-adele-yon-un-fantome-de-famille-rendu-a-son-humanite-souffrante_6565371_3260.html\" target=\"_blank\" rel=\"noreferrer noopener nofollow\">Le Monde<\/a> voit en Ad\u00e8le Yon une \u00ab\u00a0d\u00e9tective\u00a0\u00bb qui remonte le fil des voix \u2013 celles des morts, des absents et des mutiques. <a href=\"https:\/\/www.liberation.fr\/culture\/livres\/mon-vrai-nom-est-elisabeth-dadele-yon-betsy-revit-20250207_MQ2PWBNVGZBPFKZW5IMYTOG5O4\/?redirected=1\" target=\"_blank\" rel=\"noreferrer noopener nofollow\">Lib\u00e9ration<\/a>, enfin, s\u2019attarde sur les r\u00e9ticences familiales qui se fissurent, sur \u00ab\u00a0les vides immenses qui composent l\u2019histoire de Betsy\u00a0\u00bb.<\/p>\n<p>L\u2019histoire est aussi celle d\u2019une disparition administrative. \u00c9lisabeth, r\u00e9duite \u00e0 Betsy, \u00e0 une pathologie puis \u00e0 un silence. La phrase qui donne son titre au livre \u2013 \u00ab\u00a0Savez-vous que mon vrai nom est \u00c9lisabeth ?\u00a0\u00bb \u2013 est extraite d\u2019une lettre adress\u00e9e par l\u2019a\u00efeule \u00e0 son fianc\u00e9 en 1940 en guise de d\u00e9claration, de protestation. Et aujourd\u2019hui, gr\u00e2ce \u00e0 ce livre, de r\u00e9paration.<\/p>\n<p>        <script async src=\"\/\/www.instagram.com\/embed.js\"><\/script><\/p>\n","protected":false},"excerpt":{"rendered":"Premier texte d\u2019Ad\u00e8le Yon, ce roman publi\u00e9 cet hiver a largement s\u00e9duit la critique par son intelligence et&hellip;\n","protected":false},"author":2,"featured_media":253781,"comment_status":"","ping_status":"","sticky":false,"template":"","format":"standard","meta":{"footnotes":""},"categories":[1357],"tags":[1379,58,3348,59,2883,1011,27,2046,1380,3686],"class_list":{"0":"post-253780","1":"post","2":"type-post","3":"status-publish","4":"format-standard","5":"has-post-thumbnail","7":"category-livres","8":"tag-books","9":"tag-divertissement","10":"tag-drame","11":"tag-entertainment","12":"tag-ete","13":"tag-fr","14":"tag-france","15":"tag-lecture","16":"tag-livres","17":"tag-sortie"},"share_on_mastodon":{"url":"https:\/\/pubeurope.com\/@fr\/114868334326427807","error":""},"_links":{"self":[{"href":"https:\/\/www.europesays.com\/fr\/wp-json\/wp\/v2\/posts\/253780","targetHints":{"allow":["GET"]}}],"collection":[{"href":"https:\/\/www.europesays.com\/fr\/wp-json\/wp\/v2\/posts"}],"about":[{"href":"https:\/\/www.europesays.com\/fr\/wp-json\/wp\/v2\/types\/post"}],"author":[{"embeddable":true,"href":"https:\/\/www.europesays.com\/fr\/wp-json\/wp\/v2\/users\/2"}],"replies":[{"embeddable":true,"href":"https:\/\/www.europesays.com\/fr\/wp-json\/wp\/v2\/comments?post=253780"}],"version-history":[{"count":0,"href":"https:\/\/www.europesays.com\/fr\/wp-json\/wp\/v2\/posts\/253780\/revisions"}],"wp:featuredmedia":[{"embeddable":true,"href":"https:\/\/www.europesays.com\/fr\/wp-json\/wp\/v2\/media\/253781"}],"wp:attachment":[{"href":"https:\/\/www.europesays.com\/fr\/wp-json\/wp\/v2\/media?parent=253780"}],"wp:term":[{"taxonomy":"category","embeddable":true,"href":"https:\/\/www.europesays.com\/fr\/wp-json\/wp\/v2\/categories?post=253780"},{"taxonomy":"post_tag","embeddable":true,"href":"https:\/\/www.europesays.com\/fr\/wp-json\/wp\/v2\/tags?post=253780"}],"curies":[{"name":"wp","href":"https:\/\/api.w.org\/{rel}","templated":true}]}}