{"id":253782,"date":"2025-07-17T11:27:09","date_gmt":"2025-07-17T11:27:09","guid":{"rendered":"https:\/\/www.europesays.com\/fr\/253782\/"},"modified":"2025-07-17T11:27:09","modified_gmt":"2025-07-17T11:27:09","slug":"mohamed-bouhafsi-remplace-anne-elisabeth-lemoine-dans-c-a-vous-apres-la-nomination-son-long-message-qui-ne-laisse-aucune-place-au-doute","status":"publish","type":"post","link":"https:\/\/www.europesays.com\/fr\/253782\/","title":{"rendered":"Mohamed Bouhafsi remplace Anne-\u00c9lisabeth Lemoine dans \u00ab\u00a0C \u00e0 vous\u00a0\u00bb : apr\u00e8s la nomination, son long message qui ne laisse aucune place au doute"},"content":{"rendered":"<p>      R\u00e9sum\u00e9<\/p>\n<p>Mohamed Bouhafsi prendra les r\u00eanes de \u00ab C \u00e0 vous \u00bb les vendredis et samedis d\u00e8s septembre 2025, succ\u00e9dant \u00e0 Anne-\u00c9lisabeth Lemoine, marquant un tournant dans l&rsquo;\u00e9mission.<\/p>\n<p>        Sommaire<\/p>\n<p>C&rsquo;est la rentr\u00e9e des grands changements sur France 5 ! <strong>\u00c0 partir de septembre 2025, <a href=\"https:\/\/www.public.fr\/tag\/c-a-vous\" target=\"_blank\" rel=\"noopener\">C \u00e0 Vous<\/a> va op\u00e9rer un petit remaniement du c\u00f4t\u00e9 de l&rsquo;animation. <\/strong><br \/><strong><br \/><a href=\"https:\/\/www.public.fr\/anne-elisabeth-lemoine-mohamed-bouhafsi-lui-chipe-sa-place-dans-c-a-vous\" target=\"_blank\" rel=\"noopener\">Anne-\u00c9lisabeth Lemoine, figure embl\u00e9matique de l&rsquo;\u00e9mission, laissera d\u00e9sormais sa place \u00e0 Mohamed Bouhafsi<\/a> chaque vendredi et samedi soir<\/strong>. Un passage de relais strat\u00e9gique qui marque un tournant dans la grille de la cha\u00eene du service public, et qui promet de donner un nouveau souffle au rendez-vous phare de l&rsquo;access.<\/p>\n<p>De chroniqueur \u00e0 animateur<\/p>\n<p>Tr\u00e8s fier de cette nouvelle aventure, Mohamed Bouhafsi a d&rsquo;ailleurs partag\u00e9 un long message sur ses <a href=\"https:\/\/www.instagram.com\/mohamedbouhafsi\/\" target=\"_blank\" rel=\"noreferrer noopener\">r\u00e9seaux sociaux<\/a> pour exprimer sa joie et sa reconnaissance.<\/p>\n<p>\u00ab\u00a0<strong>Comme je le disais en 2020, C \u00e0 vous est mon \u00e9mission pr\u00e9f\u00e9r\u00e9e \u00e0 la t\u00e9l\u00e9vision. Alors aujourd\u2019hui, vous imaginez mon \u00e9motion\u2026<\/strong>\u00ab\u00a0, a-t-il \u00e9crit sur Instagram avant d&rsquo;ajouter : \u00ab\u00a0\u00c0 partir de la rentr\u00e9e, j\u2019aurai l\u2019immense honneur de pr\u00e9senter C \u00e0 vous chaque vendredi et samedi sur France 5. <strong>Hier chroniqueur, aujourd\u2019hui pr\u00e9sentateur<\/strong>. Une \u00e9volution qui m\u2019anime, une reconnaissance qui m\u2019oblige\u00a0\u00bb.<\/p>\n<p>\u00ab\u00a0Depuis plus de 4 ans et demi, je grandis dans cette maison aux c\u00f4t\u00e9s d\u2019<strong>une r\u00e9daction brillante, bienveillante, exigeante<\/strong>. Et c\u2019est avec la m\u00eame \u00e9nergie, la m\u00eame envie, que je rel\u00e8verai ce d\u00e9fi exaltant au sein de ce service public si important et cher \u00e0 mon c\u0153ur\u00a0\u00bb, a ajout\u00e9 le trentenaire.<\/p>\n<p>Mohamed Bouhafsi plus reconnaissant que jamais<\/p>\n<p>Par la suite, Mohamed Bouhafsi n&rsquo;a pas manqu\u00e9 de remercier ceux qui lui ont \u00ab\u00a0fait confiance pour cette nouvelle \u00e9tape\u00a0\u00bb : \u00ab\u00a0<strong>Merci \u00e0 ceux qui m\u2019ont fait grandir,<\/strong> \u00e0 Anne-\u00c9lisabeth Lemoine, aux copains autour de la table, et \u00e0 toute l\u2019\u00e9quipe. Merci \u00e0 Aur\u00e9lie Casse pour ses mots si justes. J\u2019esp\u00e8re \u00eatre \u00e0 la hauteur de la confiance de son \u00e9quipe. Et surtout, merci \u00e0 vous. Vos messages me touchent profond\u00e9ment.<br \/>C\u2019est gr\u00e2ce \u00e0 vous que je vis de ma passion. <strong>Gr\u00e2ce \u00e0 vous que l\u2019aventure continue<\/strong>.\u00a0\u00bb<\/p>\n<p>Et de conclure : \u00ab\u00a0On se retrouve donc les vendredis et samedis pour vous informer, vous faire rire, vous divertir. Je compte sur vous. De tout c\u0153ur, merci.\u00a0\u00bb Un post qui a suscit\u00e9 de vives r\u00e9actions.<\/p>\n<p>      Mentionn\u00e9s dans cet article<\/p>\n<p>\u00c0 lire aussi<\/p>\n<p><script async src=\"\/\/www.instagram.com\/embed.js\"><\/script><\/p>\n","protected":false},"excerpt":{"rendered":"R\u00e9sum\u00e9 Mohamed Bouhafsi prendra les r\u00eanes de \u00ab C \u00e0 vous \u00bb les vendredis et samedis d\u00e8s septembre&hellip;\n","protected":false},"author":2,"featured_media":253783,"comment_status":"","ping_status":"","sticky":false,"template":"","format":"standard","meta":{"footnotes":""},"categories":[1356],"tags":[5631,5632,58,59,1011,27,24618,252,1364],"class_list":{"0":"post-253782","1":"post","2":"type-post","3":"status-publish","4":"format-standard","5":"has-post-thumbnail","7":"category-television","8":"tag-anne-elisabeth-lemoine","9":"tag-c-a-vous","10":"tag-divertissement","11":"tag-entertainment","12":"tag-fr","13":"tag-france","14":"tag-mohamed-bouhafsi","15":"tag-television","16":"tag-tv"},"share_on_mastodon":{"url":"https:\/\/pubeurope.com\/@fr\/114868338511418863","error":""},"_links":{"self":[{"href":"https:\/\/www.europesays.com\/fr\/wp-json\/wp\/v2\/posts\/253782","targetHints":{"allow":["GET"]}}],"collection":[{"href":"https:\/\/www.europesays.com\/fr\/wp-json\/wp\/v2\/posts"}],"about":[{"href":"https:\/\/www.europesays.com\/fr\/wp-json\/wp\/v2\/types\/post"}],"author":[{"embeddable":true,"href":"https:\/\/www.europesays.com\/fr\/wp-json\/wp\/v2\/users\/2"}],"replies":[{"embeddable":true,"href":"https:\/\/www.europesays.com\/fr\/wp-json\/wp\/v2\/comments?post=253782"}],"version-history":[{"count":0,"href":"https:\/\/www.europesays.com\/fr\/wp-json\/wp\/v2\/posts\/253782\/revisions"}],"wp:featuredmedia":[{"embeddable":true,"href":"https:\/\/www.europesays.com\/fr\/wp-json\/wp\/v2\/media\/253783"}],"wp:attachment":[{"href":"https:\/\/www.europesays.com\/fr\/wp-json\/wp\/v2\/media?parent=253782"}],"wp:term":[{"taxonomy":"category","embeddable":true,"href":"https:\/\/www.europesays.com\/fr\/wp-json\/wp\/v2\/categories?post=253782"},{"taxonomy":"post_tag","embeddable":true,"href":"https:\/\/www.europesays.com\/fr\/wp-json\/wp\/v2\/tags?post=253782"}],"curies":[{"name":"wp","href":"https:\/\/api.w.org\/{rel}","templated":true}]}}