{"id":253788,"date":"2025-07-17T11:30:12","date_gmt":"2025-07-17T11:30:12","guid":{"rendered":"https:\/\/www.europesays.com\/fr\/253788\/"},"modified":"2025-07-17T11:30:12","modified_gmt":"2025-07-17T11:30:12","slug":"toutes-les-personnes-aux-yeux-bleus-sur-terre-descendent-du-meme-unique-ancetre","status":"publish","type":"post","link":"https:\/\/www.europesays.com\/fr\/253788\/","title":{"rendered":"Toutes les personnes aux yeux bleus sur Terre descendent du m\u00eame unique anc\u00eatre"},"content":{"rendered":"<p class=\"app_entry_lead\">Si vous avez les yeux bleus, vous faites partie d&rsquo;une grande famille mondiale qui remonte \u00e0 une seule personne ayant v\u00e9cu il y a entre 6\u00a0000\u00a0et 10\u00a0000\u00a0ans. C&rsquo;est l&rsquo;\u00e9tonnant r\u00e9sultat d&rsquo;une grande \u00e9tude scientifique.<\/p>\n<p>Aussi incroyable que cela puisse para\u00eetre,\u00a0toutes les personnes aux yeux bleus partagent un anc\u00eatre commun. Cette \u00e9tonnante r\u00e9v\u00e9lation est le fruit des recherches d&rsquo;une \u00e9quipe de scientifiques de l&rsquo;Universit\u00e9 de Copenhague, qui a mis en lumi\u00e8re une mutation g\u00e9n\u00e9tique survenue il y a environ 6\u00a0000\u00a0\u00e0 10\u00a0000\u00a0ans, comme le raconte le professeur\u00a0Eiberg dans Science Daily.\u00a0<\/p>\n<p>Les chercheurs se sont longtemps int\u00e9ress\u00e9s \u00e0 la couleur des yeux, essayant de comprendre pourquoi certaines personnes ont les yeux marron, verts ou bleus. En fait,\u00a0cette couleur d\u00e9pend de la quantit\u00e9 et de la qualit\u00e9 de m\u00e9lanine pr\u00e9sente dans l&rsquo;iris. Par exemple, les personnes aux yeux verts ont une quantit\u00e9 r\u00e9duite de m\u00e9lanine par rapport \u00e0 celles aux yeux marron, mais c&rsquo;est une histoire diff\u00e9rente pour les yeux bleus.\u00a0<\/p>\n<p>Les chercheurs ont examin\u00e9 en d\u00e9tail le g\u00e8ne OCA2, connu pour d\u00e9terminer le niveau de pigment brun dans l&rsquo;\u0153il humain. Cependant, ce n&rsquo;est pas le g\u00e8ne OCA2\u00a0qui est directement responsable des yeux bleus. En r\u00e9alit\u00e9, la mutation g\u00e9n\u00e9tique provient d&rsquo;un autre g\u00e8ne, appel\u00e9 HERC2. Ce g\u00e8ne\u00a0agit en quelque sorte comme un interrupteur. Lorsqu&rsquo;il est activ\u00e9, il d\u00e9sactive le g\u00e8ne OCA2, emp\u00eachant la production de m\u00e9lanine, le pigment qui donne leur couleur brune aux yeux. C&rsquo;est cette absence de m\u00e9lanine dans l&rsquo;iris qui donne des yeux bleus. Cette mutation est la m\u00eame pour toutes les personnes ayant les yeux bleus, ce qui signifie qu&rsquo;elles ont toutes h\u00e9rit\u00e9 du m\u00eame interrupteur, situ\u00e9 exactement au m\u00eame endroit de leur ADN.<\/p>\n<p><img decoding=\"async\" alt=\"\" src=\"https:\/\/www.europesays.com\/fr\/wp-content\/uploads\/2025\/07\/39492960.jpg\"\/><br \/>\n\u00a9\u00a0pitrs-123RF<\/p>\n<p>Le professeur Hans Eiberg, un expert dans ce domaine, explique que cette mutation sp\u00e9cifique est un excellent exemple de la fa\u00e7on dont les changements dans notre ADN peuvent avoir des effets visibles. Les personnes aux yeux bleus partagent donc non seulement une caract\u00e9ristique physique, mais aussi une connexion g\u00e9n\u00e9tique unique.\u00a0<\/p>\n<p>L&rsquo;origine\u00a0de cette mutation remonte \u00e0 une \u00e9poque o\u00f9 les humains migraient et se m\u00e9langeaient, ce qui a permis \u00e0 cette mutation de se propager. Cela s&rsquo;est produit avant que les soci\u00e9t\u00e9s humaines ne se stabilisent et ne se s\u00e9dentarisent, ce qui signifie que l&rsquo;anc\u00eatre commun de toutes les personnes aux yeux bleus aurait pu vivre dans une r\u00e9gion g\u00e9ographique aujourd&rsquo;hui ind\u00e9termin\u00e9e, peut-\u00eatre quelque part en Europe ou en Asie.<\/p>\n<p>Cette connexion ancestrale est une magnifique illustration de l&rsquo;interconnexion de l&rsquo;humanit\u00e9. M\u00eame si nous vivons dans des coins diff\u00e9rents du monde et que nos cultures et nos langues sont diverses, il est fascinant de penser qu&rsquo;une simple caract\u00e9ristique comme la couleur de nos yeux peut nous relier d&rsquo;une mani\u00e8re aussi profonde et inattendue.<\/p>\n","protected":false},"excerpt":{"rendered":"Si vous avez les yeux bleus, vous faites partie d&rsquo;une grande famille mondiale qui remonte \u00e0 une seule&hellip;\n","protected":false},"author":2,"featured_media":253789,"comment_status":"","ping_status":"","sticky":false,"template":"","format":"standard","meta":{"footnotes":""},"categories":[10],"tags":[1011,27,72,71],"class_list":{"0":"post-253788","1":"post","2":"type-post","3":"status-publish","4":"format-standard","5":"has-post-thumbnail","7":"category-sante","8":"tag-fr","9":"tag-france","10":"tag-health","11":"tag-sante"},"share_on_mastodon":{"url":"https:\/\/pubeurope.com\/@fr\/114868350162225990","error":""},"_links":{"self":[{"href":"https:\/\/www.europesays.com\/fr\/wp-json\/wp\/v2\/posts\/253788","targetHints":{"allow":["GET"]}}],"collection":[{"href":"https:\/\/www.europesays.com\/fr\/wp-json\/wp\/v2\/posts"}],"about":[{"href":"https:\/\/www.europesays.com\/fr\/wp-json\/wp\/v2\/types\/post"}],"author":[{"embeddable":true,"href":"https:\/\/www.europesays.com\/fr\/wp-json\/wp\/v2\/users\/2"}],"replies":[{"embeddable":true,"href":"https:\/\/www.europesays.com\/fr\/wp-json\/wp\/v2\/comments?post=253788"}],"version-history":[{"count":0,"href":"https:\/\/www.europesays.com\/fr\/wp-json\/wp\/v2\/posts\/253788\/revisions"}],"wp:featuredmedia":[{"embeddable":true,"href":"https:\/\/www.europesays.com\/fr\/wp-json\/wp\/v2\/media\/253789"}],"wp:attachment":[{"href":"https:\/\/www.europesays.com\/fr\/wp-json\/wp\/v2\/media?parent=253788"}],"wp:term":[{"taxonomy":"category","embeddable":true,"href":"https:\/\/www.europesays.com\/fr\/wp-json\/wp\/v2\/categories?post=253788"},{"taxonomy":"post_tag","embeddable":true,"href":"https:\/\/www.europesays.com\/fr\/wp-json\/wp\/v2\/tags?post=253788"}],"curies":[{"name":"wp","href":"https:\/\/api.w.org\/{rel}","templated":true}]}}