{"id":253792,"date":"2025-07-17T11:32:11","date_gmt":"2025-07-17T11:32:11","guid":{"rendered":"https:\/\/www.europesays.com\/fr\/253792\/"},"modified":"2025-07-17T11:32:11","modified_gmt":"2025-07-17T11:32:11","slug":"alizee-apres-lhospitalisation-en-urgence-de-sa-fille-enfin-des-nouvelles-la-jambe-de-maggy-dans-un-drole-detat","status":"publish","type":"post","link":"https:\/\/www.europesays.com\/fr\/253792\/","title":{"rendered":"Aliz\u00e9e : apr\u00e8s l&rsquo;hospitalisation en urgence de sa fille, enfin des nouvelles, la jambe de Maggy dans un dr\u00f4le d&rsquo;\u00e9tat"},"content":{"rendered":"<p><strong>11 points de suture, dont 4 sous cutan\u00e9e<\/strong>, mais son \u00e9ternel sourire n\u2019a pas quitt\u00e9 son visage. En effet, malgr\u00e9 sa blessure, Maggy est apparue radieuse dans les stories publi\u00e9es par sa m\u00e8re <a href=\"https:\/\/www.public.fr\/tag\/alizee\" target=\"_blank\" rel=\"noopener\">Aliz\u00e9e<\/a> ce mercredi 16 juillet 2025.<\/p>\n<p>La fillette \u00e2g\u00e9e de 4 ans, victime d\u2019une<strong> violente chute<\/strong> dans un parc \u00e0 jeux, comme l\u2019a r\u00e9v\u00e9l\u00e9 sa m\u00e8re, apparaissait sur <a href=\"https:\/\/www.public.fr\/alizee-sa-fille-maggy-4-ans-hospitalisee-durgence-apres-une-violente-chute-dans-un-parc-a-jeux\" target=\"_blank\" rel=\"noopener\">un lit d\u2019h\u00f4pital avec un pansement<\/a> cons\u00e9quent au niveau du genou. <\/p>\n<p>Alors que certains enfants auraient pu afficher une mine attrist\u00e9e ou inqui\u00e8te, <strong>Maggy, elle, a visiblement fait preuve de beaucoup de courage.<\/strong><\/p>\n<p>Aliz\u00e9e donne des nouvelles de sa fille apr\u00e8s une violente chute<\/p>\n<p>Sa m\u00e8re, Aliz\u00e9e, a donn\u00e9 quelques informations sur l\u2019origine de cette blessure et de leur passage \u00e0 l\u2019h\u00f4pital apr\u00e8s la chute de sa fille, fruit de son amour avec <a href=\"https:\/\/www.public.fr\/tag\/gregoire-lyonnet\" target=\"_blank\" rel=\"noopener\">Gregoire Lyonnet<\/a>. \u00ab\u00a0R\u00e9sultat : 11 points de suture, dont 4 sous cutan\u00e9e car c&rsquo;\u00e9tait vraiment profond\u00a0\u00bb, a-t-elle annonc\u00e9 dans un premier temps.<\/p>\n<p>Par la suite, l\u2019interpr\u00e8te du tube <strong>Moi Lolita<\/strong> a tenu \u00e0 remercier les urgences p\u00e9diatriques de l\u2019h\u00f4pital Henri Duffaut pour leur \u00ab\u00a0professionnalisme et bienveillance\u00a0\u00bb : \u00ab\u00a0C\u2019est bien aussi de dire quand c\u2019est bien, non\u202f?\u202f\u00a0\u00bb, a-t-elle tenu \u00e0 souligner.\u00a0<\/p>\n<p>Pour rendre la situation encore moins dramatique, et presque amusante, Aliz\u00e9e a publi\u00e9 une autre story par la suite, dans laquelle elle d\u00e9voile l\u2019adorable attelle port\u00e9e par sa merveille. Celle-ci prend quasiment la totalit\u00e9 de la jambe de Maggy, et a \u00e9t\u00e9 d\u00e9cor\u00e9e de plusieurs stickers.<\/p>\n<p>Nous pouvons retrouver des autocollants arc-en-ciel, un nounours, une barquette de frites, ou encore un gobelet. Des vignettes exclusivement compos\u00e9es de couleurs arc-en-ciel et de perles, qui plaisent \u00e0 la majorit\u00e9 des enfants. \u00ab\u00a0On personnalise pour avoir le sourire\u00a0\u00bb, a comment\u00e9 sa maman. <\/p>\n<p><img loading=\"lazy\" decoding=\"async\" width=\"584\" height=\"1024\" src=\"https:\/\/www.europesays.com\/fr\/wp-content\/uploads\/2025\/07\/Capture-decran-2025-07-17-a-10.21.43-584x1024.jpg\" alt=\"Aliz\u00e9e : apr\u00e8s l'hospitalisation en urgence de sa fille, enfin des nouvelles, la jambe de Maggy dans un dr\u00f4le d'\u00e9tat\"  \/><\/p>\n<p>Screenshot<\/p>\n<p>Une famille recompos\u00e9e qui nage en plein bonheur<\/p>\n<p>Avec ces nouvelles partag\u00e9es par Aliz\u00e9e, il semblerait que sa petite Maggy soit rapidement pass\u00e9e \u00e0 autre chose et que l\u2019inqui\u00e9tude ait vite laiss\u00e9 place aux rires et \u00e0 la l\u00e9g\u00e8ret\u00e9.\u00a0<\/p>\n<p>La fillette de 4 ans est la petite derni\u00e8re de l\u2019artiste qui a fait le choix de se consacrer exclusivement \u00e0 la danse. Avant l\u2019arriv\u00e9e de Maggy, fruit de son amour avec Gregoire Lyonnet apr\u00e8s leur rencontre dans <strong>Danse avec les stars<\/strong>, <a href=\"https:\/\/vsd.fr\/tag\/alizee\/\" target=\"_blank\" rel=\"noopener\">la chanteuse et danseuse de 40 ans<\/a> a coul\u00e9 des jours heureux dans les bras de J\u00e9r\u00e9my Chatelain, candidat de la deuxi\u00e8me saison de la <strong>Star Academy<\/strong>.<\/p>\n<p>Ensemble, ils devenaient parents d\u2019Annily en 2005, d\u00e9sormais \u00e2g\u00e9e de 20 ans. Quelques ann\u00e9es apr\u00e8s cette naissance, Aliz\u00e9e et J\u00e9r\u00e9my ont fait le choix de se s\u00e9parer lorsqu\u2019Annily n\u2019avait que 6 ans. Malgr\u00e9 le divorce de ses parents, la jeune femme partage malgr\u00e9 tout de nombreux mamans avec sa m\u00e8re et son beau-p\u00e8re lorsqu&rsquo;elle en a l&rsquo;occasion comme le prouvent les publications r\u00e9currentes des deux femmes sur leurs r\u00e9seaux sociaux respectifs.<\/p>\n<p>      Mentionn\u00e9s dans cet article<\/p>\n<p>\u00c0 lire aussi<\/p>\n","protected":false},"excerpt":{"rendered":"11 points de suture, dont 4 sous cutan\u00e9e, mais son \u00e9ternel sourire n\u2019a pas quitt\u00e9 son visage. En&hellip;\n","protected":false},"author":2,"featured_media":253793,"comment_status":"","ping_status":"","sticky":false,"template":"","format":"standard","meta":{"footnotes":""},"categories":[8],"tags":[21748,58,59,1011,27,39255,16448],"class_list":{"0":"post-253792","1":"post","2":"type-post","3":"status-publish","4":"format-standard","5":"has-post-thumbnail","7":"category-divertissement","8":"tag-alizee","9":"tag-divertissement","10":"tag-entertainment","11":"tag-fr","12":"tag-france","13":"tag-gregoire-lyonnet","14":"tag-hospitalisation"},"share_on_mastodon":{"url":"https:\/\/pubeurope.com\/@fr\/114868357971174956","error":""},"_links":{"self":[{"href":"https:\/\/www.europesays.com\/fr\/wp-json\/wp\/v2\/posts\/253792","targetHints":{"allow":["GET"]}}],"collection":[{"href":"https:\/\/www.europesays.com\/fr\/wp-json\/wp\/v2\/posts"}],"about":[{"href":"https:\/\/www.europesays.com\/fr\/wp-json\/wp\/v2\/types\/post"}],"author":[{"embeddable":true,"href":"https:\/\/www.europesays.com\/fr\/wp-json\/wp\/v2\/users\/2"}],"replies":[{"embeddable":true,"href":"https:\/\/www.europesays.com\/fr\/wp-json\/wp\/v2\/comments?post=253792"}],"version-history":[{"count":0,"href":"https:\/\/www.europesays.com\/fr\/wp-json\/wp\/v2\/posts\/253792\/revisions"}],"wp:featuredmedia":[{"embeddable":true,"href":"https:\/\/www.europesays.com\/fr\/wp-json\/wp\/v2\/media\/253793"}],"wp:attachment":[{"href":"https:\/\/www.europesays.com\/fr\/wp-json\/wp\/v2\/media?parent=253792"}],"wp:term":[{"taxonomy":"category","embeddable":true,"href":"https:\/\/www.europesays.com\/fr\/wp-json\/wp\/v2\/categories?post=253792"},{"taxonomy":"post_tag","embeddable":true,"href":"https:\/\/www.europesays.com\/fr\/wp-json\/wp\/v2\/tags?post=253792"}],"curies":[{"name":"wp","href":"https:\/\/api.w.org\/{rel}","templated":true}]}}