{"id":253794,"date":"2025-07-17T11:33:08","date_gmt":"2025-07-17T11:33:08","guid":{"rendered":"https:\/\/www.europesays.com\/fr\/253794\/"},"modified":"2025-07-17T11:33:08","modified_gmt":"2025-07-17T11:33:08","slug":"pixel-10-10-pro-google-devoilera-ses-prochains-smartphones-a-cette-date-des-nouveautes-majeures-attendues-les-numeriques","status":"publish","type":"post","link":"https:\/\/www.europesays.com\/fr\/253794\/","title":{"rendered":"Pixel 10 &amp; 10 Pro : Google d\u00e9voilera ses prochains smartphones \u00e0 cette date, des nouveaut\u00e9s majeures attendues &#8211; Les Num\u00e9riques"},"content":{"rendered":"<ol>\n<li><a href=\"https:\/\/news.google.com\/rss\/articles\/CBMi-wFBVV95cUxPVVhfRmprcWJzYklETl85UnI0dVhoUmNTTm9ZVVRXNVRVYXFnZVpsc3BFYkt6czFqd0JCbHhuX0tVNkQ0RU51NTh5RFJBM3AyWVJoMlhIRDZZY1dfMW5ROHBkWnVkVU5XQU9tZkFqd1BPSHZobEtxMDkwcjhaNTEybWRCMmIya1Z5T2RDaXFhMHQxTXVYNjJRMG5GY0tNWEh4MEl1RkROUk1TdU5GeFhjZi1Cb05JVWNRUU02ZWdudmo3TkFCVldOVTNaTV9zNU5USTJmcmMxbEtCZ3Y1N3FtNWFKU2F0VXRCa2l6Y1laalROdUNRMG55eW1mSQ?oc=5\" target=\"_blank\" rel=\"nofollow noopener\">Pixel 10 &amp; 10 Pro : Google d\u00e9voilera ses prochains smartphones \u00e0 cette date, des nouveaut\u00e9s majeures attendues<\/a>&nbsp;&nbsp;Les Num\u00e9riques<\/li>\n<li><a href=\"https:\/\/news.google.com\/rss\/articles\/CBMiowFBVV95cUxQb2dVN3BsU3FkUWUxYTVSajFkSDd4X1Z5MVZROFlxLXVYVUZRSFJSZDRicUc2aHV4Ui10NWxxZjVOaDYtTEpYU2NDVFlwSFRNRkRYXzg1V3djWi02U19ENkw3cHR1X2xjSzhHaUhMcjZibGpsemJGZm5CNURYMzlISXI4UURUYzRaZUdpLWNvQ0dWa2NHYUpGWW1LM0RvalJQeHlV?oc=5\" target=\"_blank\" rel=\"nofollow noopener\">Google Pixel 10 et Pixel 10 Pro : voici quand aura lieu l\u2019annonce<\/a>&nbsp;&nbsp;L&rsquo;\u00c9claireur Fnac<\/li>\n<li><a href=\"https:\/\/news.google.com\/rss\/articles\/CBMi3AFBVV95cUxNQm9MdW1FSUNBdDJWWEswaGwzZWFrOWlHanRBOTJkRzJwMUJZVGROdHU5dVNfOGtXbjYwV3VybGtQc1phTUFxVzlubEJ5SEZlVWpBZ1dUdHplNXB4YW1BSF9mY3ZDRDVUcGxBRUYxeWJNLU1qdUpycGh1MWJUMzV2N0FBR1k1TWlDZGd1WVZTQWFTTFFIamY0d0ZMS0J1R290cXlEdFFSaE9rUW1lUnFxU1JRRFVHZjVWSmh0SHNucXhLNTFxTEZOM0NISURqaFZlcHA2aGVKRmlkV0R5?oc=5\" target=\"_blank\" rel=\"nofollow noopener\">Le Google Pixel 10 Pro Fold serait le premier \u00e0 corriger une faiblesse des smartphones pliables<\/a>&nbsp;&nbsp;Frandroid<\/li>\n<li><a href=\"https:\/\/news.google.com\/rss\/articles\/CBMipAFBVV95cUxNcnBaY1ExZjVYbS0zVUEzWVlPc2c0RU5FbGVqU0Ria2thY1psODRaQ2FDYTcxOG5tel9NTlZqU3dxU05FbGl3MTdfMU94Z1ZHQkR5bEdDOHZMTjZUTHIyUEdJb0Nna3Zsejc5X1hhaks5Yng0WWpCTXlRM3BMLTRFM0lydjQ2NlNoclNGZWs2RU42ZGRESWl5d1Fpb0E2X2hZenJkbQ?oc=5\" target=\"_blank\" rel=\"nofollow noopener\">Google organisera son \u00e9v\u00e9nement \u00ab Made by Google 2025 \u00bb le 20 ao\u00fbt \u00e0 New York<\/a>&nbsp;&nbsp;Tom\u2019s Hardware<\/li>\n<li><a href=\"https:\/\/news.google.com\/rss\/articles\/CBMiugFBVV95cUxOT0pna1BOWVpnM0ZHMEJPS0lENzAxTWZrZ0JMU2NSQTNMcEJybUZKSFFDaUNwUE9PQml0TXAwR3VhX28ycTZlNW5tRGdwSFNWY3pLWTVkTHlkWHVvVDQwbl9ySzJvaFY0VzNqdnhXQ1RLME9yMTZaMmRJRmhEeE1DNjhjbDlsd0VzUWdacThKTmRuWXdXV0VuWnE2TzRIdVJXbnMyX3RNWjdfX28xTTUxUzJpMXRMdFFMR3c?oc=5\" target=\"_blank\" rel=\"nofollow noopener\">Pixel 10: Google donne rendez-vous pour ses nouveaux smartphones<\/a>&nbsp;&nbsp;BFMTV<\/li>\n<\/ol>\n","protected":false},"excerpt":{"rendered":"Pixel 10 &amp; 10 Pro : Google d\u00e9voilera ses prochains smartphones \u00e0 cette date, des nouveaut\u00e9s majeures attendues&nbsp;&nbsp;Les&hellip;\n","protected":false},"author":2,"featured_media":1445,"comment_status":"","ping_status":"","sticky":false,"template":"","format":"standard","meta":{"footnotes":""},"categories":[7],"tags":[1011,27,43,40,41,39,42,44],"class_list":{"0":"post-253794","1":"post","2":"type-post","3":"status-publish","4":"format-standard","5":"has-post-thumbnail","7":"category-sciences-et-technologies","8":"tag-fr","9":"tag-france","10":"tag-science","11":"tag-science-and-technology","12":"tag-sciences","13":"tag-sciences-et-technologies","14":"tag-technologies","15":"tag-technology"},"share_on_mastodon":{"url":"https:\/\/pubeurope.com\/@fr\/114868361882706819","error":""},"_links":{"self":[{"href":"https:\/\/www.europesays.com\/fr\/wp-json\/wp\/v2\/posts\/253794","targetHints":{"allow":["GET"]}}],"collection":[{"href":"https:\/\/www.europesays.com\/fr\/wp-json\/wp\/v2\/posts"}],"about":[{"href":"https:\/\/www.europesays.com\/fr\/wp-json\/wp\/v2\/types\/post"}],"author":[{"embeddable":true,"href":"https:\/\/www.europesays.com\/fr\/wp-json\/wp\/v2\/users\/2"}],"replies":[{"embeddable":true,"href":"https:\/\/www.europesays.com\/fr\/wp-json\/wp\/v2\/comments?post=253794"}],"version-history":[{"count":0,"href":"https:\/\/www.europesays.com\/fr\/wp-json\/wp\/v2\/posts\/253794\/revisions"}],"wp:featuredmedia":[{"embeddable":true,"href":"https:\/\/www.europesays.com\/fr\/wp-json\/wp\/v2\/media\/1445"}],"wp:attachment":[{"href":"https:\/\/www.europesays.com\/fr\/wp-json\/wp\/v2\/media?parent=253794"}],"wp:term":[{"taxonomy":"category","embeddable":true,"href":"https:\/\/www.europesays.com\/fr\/wp-json\/wp\/v2\/categories?post=253794"},{"taxonomy":"post_tag","embeddable":true,"href":"https:\/\/www.europesays.com\/fr\/wp-json\/wp\/v2\/tags?post=253794"}],"curies":[{"name":"wp","href":"https:\/\/api.w.org\/{rel}","templated":true}]}}