{"id":253797,"date":"2025-07-17T11:35:10","date_gmt":"2025-07-17T11:35:10","guid":{"rendered":"https:\/\/www.europesays.com\/fr\/253797\/"},"modified":"2025-07-17T11:35:10","modified_gmt":"2025-07-17T11:35:10","slug":"un-gendarme-de-21-ans-meurt-dans-des-circonstances-etranges-la-police-lance-un-appel-a-temoins","status":"publish","type":"post","link":"https:\/\/www.europesays.com\/fr\/253797\/","title":{"rendered":"Un gendarme de 21 ans meurt dans des circonstances \u00e9tranges, la police lance un appel \u00e0 t\u00e9moins"},"content":{"rendered":"<p>La <a href=\"https:\/\/www.20minutes.fr\/dossier\/police\" class=\"color-ultramarine c-link\" target=\"_blank\" rel=\"noopener\">police <\/a>nationale de <a href=\"https:\/\/www.20minutes.fr\/dossier\/martinique\" class=\"color-ultramarine c-link\" target=\"_blank\" rel=\"noopener\">Martinique <\/a>a lanc\u00e9 un appel t\u00e9moins sur les <a href=\"https:\/\/www.20minutes.fr\/dossier\/reseaux_sociaux\" class=\"color-ultramarine c-link\" target=\"_blank\" rel=\"noopener\">r\u00e9seaux sociaux<\/a> apr\u00e8s la mort d\u2019un <a href=\"https:\/\/www.20minutes.fr\/societe\/gendarme\/\" class=\"color-ultramarine c-link\" target=\"_blank\" rel=\"noopener\">gendarme <\/a>\u00e2g\u00e9 de 21 ans. Ce dernier \u00e9tait en civil lorsqu\u2019il a \u00e9t\u00e9 percut\u00e9, vraisemblablement par une <a href=\"https:\/\/www.20minutes.fr\/dossier\/voiture\" class=\"color-ultramarine c-link\" target=\"_blank\" rel=\"noopener\">voiture<\/a>, \u00e0 Fort-de-France. Les faits se sont produits le dimanche 6\u00a0juillet.<\/p>\n<p>A leur arriv\u00e9e les secours ont d\u00e9couvert la victime allong\u00e9e au sol, inconsciente, et pr\u00e9sentant une blessure au niveau du cr\u00e2ne. A proximit\u00e9 imm\u00e9diate se trouvaient des bris de verre, un r\u00e9troviseur et des morceaux de plastique laissant supposer \u00e0 un choc.<\/p>\n<p>Retrouv\u00e9 bless\u00e9 sur la voie publique, le gendarme n\u2019a pas surv\u00e9cu<\/p>\n<p>Le jeune homme n\u2019a pas surv\u00e9cu \u00e0 ses blessures. \u00ab\u00a0Les enqu\u00eateurs du groupe des violences aux personnes cherchent \u00e0 retrouver des t\u00e9moins de l\u2019accident afin d\u2019en d\u00e9terminer les circonstances.\u00a0\u00bb Ils invitent toute personne ayant des informations \u00e0 contacter le commissariat de Fort-de-France au 0596 591697 ou 0596 594000.<\/p>\n","protected":false},"excerpt":{"rendered":"La police nationale de Martinique a lanc\u00e9 un appel t\u00e9moins sur les r\u00e9seaux sociaux apr\u00e8s la mort d\u2019un&hellip;\n","protected":false},"author":2,"featured_media":253798,"comment_status":"","ping_status":"","sticky":false,"template":"","format":"standard","meta":{"footnotes":""},"categories":[5],"tags":[4376,47,11,4260,118,1011,27,3381,14,20470,12,28],"class_list":{"0":"post-253797","1":"post","2":"type-post","3":"status-publish","4":"format-standard","5":"has-post-thumbnail","7":"category-international","8":"tag-accident-de-la-route","9":"tag-actualite","10":"tag-actualites","11":"tag-appel-a-temoins","12":"tag-faits-divers","13":"tag-fr","14":"tag-france","15":"tag-gendarmerie","16":"tag-international","17":"tag-martinique","18":"tag-news","19":"tag-world"},"share_on_mastodon":{"url":"https:\/\/pubeurope.com\/@fr\/114868369819989117","error":""},"_links":{"self":[{"href":"https:\/\/www.europesays.com\/fr\/wp-json\/wp\/v2\/posts\/253797","targetHints":{"allow":["GET"]}}],"collection":[{"href":"https:\/\/www.europesays.com\/fr\/wp-json\/wp\/v2\/posts"}],"about":[{"href":"https:\/\/www.europesays.com\/fr\/wp-json\/wp\/v2\/types\/post"}],"author":[{"embeddable":true,"href":"https:\/\/www.europesays.com\/fr\/wp-json\/wp\/v2\/users\/2"}],"replies":[{"embeddable":true,"href":"https:\/\/www.europesays.com\/fr\/wp-json\/wp\/v2\/comments?post=253797"}],"version-history":[{"count":0,"href":"https:\/\/www.europesays.com\/fr\/wp-json\/wp\/v2\/posts\/253797\/revisions"}],"wp:featuredmedia":[{"embeddable":true,"href":"https:\/\/www.europesays.com\/fr\/wp-json\/wp\/v2\/media\/253798"}],"wp:attachment":[{"href":"https:\/\/www.europesays.com\/fr\/wp-json\/wp\/v2\/media?parent=253797"}],"wp:term":[{"taxonomy":"category","embeddable":true,"href":"https:\/\/www.europesays.com\/fr\/wp-json\/wp\/v2\/categories?post=253797"},{"taxonomy":"post_tag","embeddable":true,"href":"https:\/\/www.europesays.com\/fr\/wp-json\/wp\/v2\/tags?post=253797"}],"curies":[{"name":"wp","href":"https:\/\/api.w.org\/{rel}","templated":true}]}}