{"id":253799,"date":"2025-07-17T11:36:12","date_gmt":"2025-07-17T11:36:12","guid":{"rendered":"https:\/\/www.europesays.com\/fr\/253799\/"},"modified":"2025-07-17T11:36:12","modified_gmt":"2025-07-17T11:36:12","slug":"controle-il-jette-de-lheroine-au-visage-du-policier-qui-est-pris-dun-gros-malaise","status":"publish","type":"post","link":"https:\/\/www.europesays.com\/fr\/253799\/","title":{"rendered":"Contr\u00f4l\u00e9, il jette de l\u2019h\u00e9ro\u00efne au visage du policier qui est pris d\u2019un gros malaise"},"content":{"rendered":"<p>C&rsquo;est l\u2019histoire d\u2019une Interpellation pas comme les autres. Alors que la police contr\u00f4lait vendredi dans les rues de Remiremont (<a href=\"https:\/\/www.20minutes.fr\/dossier\/vosges\" class=\"color-ultramarine c-link\" target=\"_blank\" rel=\"noopener\">Vosges<\/a>) un homme de 27 ans, ce dernier, qui s\u2019est av\u00e9r\u00e9 \u00eatre en possession d\u2019un <a href=\"https:\/\/www.20minutes.fr\/dossier\/stupefiant\" class=\"color-ultramarine c-link\" target=\"_blank\" rel=\"noopener\">sachet d\u2019h\u00e9ro\u00efne<\/a> de 400\u00a0g, a finalement jet\u00e9 la poudre au visage du policier lors de son interpellation \u00ab\u00a0tourment\u00e9e\u00a0\u00bb.<a href=\"https:\/\/www.20minutes.fr\/dossier\/policier\" class=\"color-ultramarine c-link\" target=\"_blank\" rel=\"noopener\"> Le policier<\/a> a alors fait un malaise et a \u00e9t\u00e9 pris en charge par les secours, rapporte <a href=\"https:\/\/c.estrepublicain.fr\/faits-divers-justice\/2025\/07\/16\/trafic-de-stups-un-mosellan-en-detention-pour-avoir-jete-de-l-heroine-au-visage-d-un-policier-a-remiremont\" target=\"_blank\" class=\"color-ultramarine c-link\" rel=\"noopener\">L\u2019Est R\u00e9publicain.<\/a><\/p>\n<p>Interpell\u00e9 par une patrouille venue en renfort, le suspect a \u00e9t\u00e9 d\u00e9f\u00e9r\u00e9 dans la foul\u00e9e devant le <a href=\"https:\/\/www.20minutes.fr\/justice\/\" class=\"color-ultramarine c-link\" target=\"_blank\" rel=\"noopener\">parquet d\u2019\u00c9pinal<\/a> puis pr\u00e9sent\u00e9 mardi devant la justice dans le cadre d\u2019une comparution imm\u00e9diate, pr\u00e9cisent nos confr\u00e8res. Il a finalement demand\u00e9 un d\u00e9lai pour pr\u00e9parer sa d\u00e9fense et sera jug\u00e9 le 2\u00a0septembre prochain. En attendant, les magistrats ont d\u00e9cid\u00e9 de le placer en d\u00e9tention.<\/p>\n","protected":false},"excerpt":{"rendered":"C&rsquo;est l\u2019histoire d\u2019une Interpellation pas comme les autres. Alors que la police contr\u00f4lait vendredi dans les rues de&hellip;\n","protected":false},"author":2,"featured_media":253800,"comment_status":"","ping_status":"","sticky":false,"template":"","format":"standard","meta":{"footnotes":""},"categories":[4],"tags":[47,11,1052,778,118,1011,27,775,12034,303,776,12,1072,25,104,4377,809,774],"class_list":{"0":"post-253799","1":"post","2":"type-post","3":"status-publish","4":"format-standard","5":"has-post-thumbnail","7":"category-france","8":"tag-actualite","9":"tag-actualites","10":"tag-drogue","11":"tag-epinal","12":"tag-faits-divers","13":"tag-fr","14":"tag-france","15":"tag-grand-est","16":"tag-heroine","17":"tag-justice","18":"tag-lorraine","19":"tag-news","20":"tag-police","21":"tag-republique-francaise","22":"tag-societe","23":"tag-stupefiant","24":"tag-violence","25":"tag-vosges"},"share_on_mastodon":{"url":"https:\/\/pubeurope.com\/@fr\/114868373637394832","error":""},"_links":{"self":[{"href":"https:\/\/www.europesays.com\/fr\/wp-json\/wp\/v2\/posts\/253799","targetHints":{"allow":["GET"]}}],"collection":[{"href":"https:\/\/www.europesays.com\/fr\/wp-json\/wp\/v2\/posts"}],"about":[{"href":"https:\/\/www.europesays.com\/fr\/wp-json\/wp\/v2\/types\/post"}],"author":[{"embeddable":true,"href":"https:\/\/www.europesays.com\/fr\/wp-json\/wp\/v2\/users\/2"}],"replies":[{"embeddable":true,"href":"https:\/\/www.europesays.com\/fr\/wp-json\/wp\/v2\/comments?post=253799"}],"version-history":[{"count":0,"href":"https:\/\/www.europesays.com\/fr\/wp-json\/wp\/v2\/posts\/253799\/revisions"}],"wp:featuredmedia":[{"embeddable":true,"href":"https:\/\/www.europesays.com\/fr\/wp-json\/wp\/v2\/media\/253800"}],"wp:attachment":[{"href":"https:\/\/www.europesays.com\/fr\/wp-json\/wp\/v2\/media?parent=253799"}],"wp:term":[{"taxonomy":"category","embeddable":true,"href":"https:\/\/www.europesays.com\/fr\/wp-json\/wp\/v2\/categories?post=253799"},{"taxonomy":"post_tag","embeddable":true,"href":"https:\/\/www.europesays.com\/fr\/wp-json\/wp\/v2\/tags?post=253799"}],"curies":[{"name":"wp","href":"https:\/\/api.w.org\/{rel}","templated":true}]}}