{"id":253803,"date":"2025-07-17T11:38:49","date_gmt":"2025-07-17T11:38:49","guid":{"rendered":"https:\/\/www.europesays.com\/fr\/253803\/"},"modified":"2025-07-17T11:38:49","modified_gmt":"2025-07-17T11:38:49","slug":"loire-cet-acteur-stephanois-a-cotoye-thierry-ardisson-cetait-un-mec-brillant","status":"publish","type":"post","link":"https:\/\/www.europesays.com\/fr\/253803\/","title":{"rendered":"Loire. Cet acteur st\u00e9phanois a c\u00f4toy\u00e9 Thierry Ardisson\u00a0: \u00ab\u00a0C&rsquo;\u00e9tait un mec brillant\u00a0\u00bb"},"content":{"rendered":"<blockquote class=\"question\"><p>Quels souvenirs gardez-vous de vos \u00e9missions avec Thierry Ardisson\u00a0?<\/p><\/blockquote>\n<p>\u00ab \u201cLe Bar de la plage\u201d, \u00e0 l\u2019\u00e9t\u00e9 1992, c\u2019\u00e9tait extraordinaire. Je jouais le r\u00f4le d\u2019un barman dandy un peu d\u00e9sabus\u00e9 et on avait une conversation tous les deux avant l\u2019arriv\u00e9e de chaque invit\u00e9. J\u2019\u00e9crivais des dialogues dans la journ\u00e9e et on tournait la nuit \u00e0 la Voile Rouge, pr\u00e8s de Saint-Tropez.<\/p>\n<p>L\u2019image \u00e9tait tellement belle que beaucoup pensaient qu\u2019on \u00e9tait devant un fond vert en studio \u00e0 Paris. On avait re\u00e7u Richard Anthony, Charles Aznavour, Fran\u00e7ois Deguelt\u2026 L\u2019\u00e9mission avec Aznavour \u00e9tait importante pour moi parce que c\u2019\u00e9tait un ami. On l\u2019avait tourn\u00e9e en journ\u00e9e parce qu\u2019il ne voulait pas se coucher tard. J\u2019ai aussi beaucoup aim\u00e9 l\u2019\u00e9mission avec Michel Delpech.\u00a0\u00bb<\/p>\n<p>  \u00ab\u00a0Ce qui m\u2019a marqu\u00e9, c\u2019est comment il m\u2019a engag\u00e9 sur la confiance\u00a0\u00bb<\/p>\n<blockquote class=\"question\"><p>Dans \u00ab Double Jeu \u00bb, vous aviez un r\u00f4le diff\u00e9rent\u2026<\/p><\/blockquote>\n<p>\u00ab\u00a0J\u2019apparaissais dans un cadre de tableau\u00a0: Thierry Ardisson posait une question aux invit\u00e9s et je devais dire si c\u2019\u00e9tait une info ou une intox. On enregistrait les \u00e9missions aux Folies Berg\u00e8re. Au total, on a d\u00fb faire une quarantaine d\u2019\u00e9missions ensemble.\u00a0\u00bb<\/p>\n<blockquote class=\"question\"><p>Comment vous avait-il rep\u00e9r\u00e9\u00a0?<\/p><\/blockquote>\n<p>\u00ab\u00a0J\u2019avais fait le \u201cNarcisso Show\u201d ( M6 ) en 1990 et il aimait cette parodie d\u2019animateur de t\u00e9l\u00e9\u00a0: je prenais un peu de <a href=\"https:\/\/www.leprogres.fr\/p\/jean-pierre-foucault\" target=\"_blank\" rel=\"nofollow noopener\">Jean-Pierre Foucault<\/a>, un peu de <a href=\"https:\/\/www.leprogres.fr\/p\/michel-drucker\" target=\"_blank\" rel=\"nofollow noopener\">Michel Drucker<\/a> et un peu de Patrick Sabatier. C\u2019\u00e9tait du deuxi\u00e8me degr\u00e9. J\u2019avais aussi travaill\u00e9 pour Jean Yanne dans l\u2019\u00e9mission \u201cTout le monde il est gentil\u201d (1990) avec Laurent Baffie sur La Cinq.<\/p>\n<p>Ce qui m\u2019a marqu\u00e9, c\u2019est comment il m\u2019a engag\u00e9 sur la confiance. Quand on m\u2019a appel\u00e9 pour me dire qu\u2019Ardisson voulait me voir, moi, j\u2019y allais comme \u00e0 un casting. \u00c7a a dur\u00e9 cinq minutes, il m\u2019a dit \u201ctu remplaces untel, on enregistre jeudi aux Folies Berg\u00e8re et on se t\u00e9l\u00e9phone pour que je te donne des textes\u201d. \u00c7a s\u2019est fait tr\u00e8s rapidement.\u00a0 <a href=\"https:\/\/www.leprogres.fr\/culture-loisirs\/2021\/05\/13\/jacky-nercessian-a-70-ans-je-suis-heureux-de-tourner-encore\" target=\"_blank\" rel=\"nofollow noopener\">Apr\u00e8s, j\u2019ai quitt\u00e9 la t\u00e9l\u00e9 parce que je voulais faire du cin\u00e9ma<\/a> (Jacky Nercessian a tourn\u00e9 dans plus de 70 films, NDLR). Je ne voulais pas faire une carri\u00e8re d\u2019animateur. \u00bb<\/p>\n<p>  \u00ab\u00a0Pour lui, le plus important c\u2019\u00e9tait de cr\u00e9er\u00a0\u00bb<\/p>\n<blockquote class=\"question\"><p>Comment \u00e9tait \u00ab\u00a0l\u2019homme en noir\u00a0\u00bb au d\u00e9but des ann\u00e9es 1990\u00a0?<\/p><\/blockquote>\n<p>\u00ab\u00a0C\u2019\u00e9tait un homme complexe et un grand cr\u00e9atif. Il savait exactement ce qu\u2019il voulait. Il n\u2019avait pas de r\u00e9serve. <a href=\"https:\/\/www.leprogres.fr\/societe\/2025\/07\/14\/l-animateur-et-producteur-thierry-ardisson-s-est-eteint-a-l-age-de-76-ans\" target=\"_blank\" rel=\"nofollow noopener\">Jusqu\u2019\u00e0 lui, il n\u2019y avait pas eu d\u2019animateur-intervieweur qui allait aussi loin dans le questionnement<\/a>. Lui a \u00e9cras\u00e9 toutes les barri\u00e8res. Ardisson \u00e9tait un gros bosseur et d\u2019une pr\u00e9cision remarquable. Il avait par moments un caract\u00e8re un peu sec, mais il n\u2019avait pas peur de vexer les gens.<\/p>\n<p>C\u2019\u00e9tait un mec brillant. Il allait de l\u2019avant et n\u2019en avait rien \u00e0 faire de ce qu\u2019on disait sur lui : dans le milieu artistique, c\u2019est extr\u00eamement rare. Pour lui, le plus important, c\u2019\u00e9tait de cr\u00e9er. Il avait cette mani\u00e8re de faire qui fait que le Tout-Paris avait envie d\u2019\u00eatre dans son \u00e9mission.\u00a0\u00bb<\/p>\n","protected":false},"excerpt":{"rendered":"Quels souvenirs gardez-vous de vos \u00e9missions avec Thierry Ardisson\u00a0? \u00ab \u201cLe Bar de la plage\u201d, \u00e0 l\u2019\u00e9t\u00e9 1992,&hellip;\n","protected":false},"author":2,"featured_media":253804,"comment_status":"","ping_status":"","sticky":false,"template":"","format":"standard","meta":{"footnotes":""},"categories":[9653],"tags":[1111,11,2430,7539,1777,674,107,1011,27,3367,12,25,4001,7538,104,2205],"class_list":{"0":"post-253803","1":"post","2":"type-post","3":"status-publish","4":"format-standard","5":"has-post-thumbnail","7":"category-saint-etienne","8":"tag-actu","9":"tag-actualites","10":"tag-auvergne-rhone-alpes","11":"tag-edition-loire-sud","12":"tag-eu","13":"tag-europe","14":"tag-fil-info","15":"tag-fr","16":"tag-france","17":"tag-loire","18":"tag-news","19":"tag-republique-francaise","20":"tag-saint-etienne","21":"tag-saint-etienne-ville","22":"tag-societe","23":"tag-television-medias"},"share_on_mastodon":{"url":"https:\/\/pubeurope.com\/@fr\/114868385538494152","error":""},"_links":{"self":[{"href":"https:\/\/www.europesays.com\/fr\/wp-json\/wp\/v2\/posts\/253803","targetHints":{"allow":["GET"]}}],"collection":[{"href":"https:\/\/www.europesays.com\/fr\/wp-json\/wp\/v2\/posts"}],"about":[{"href":"https:\/\/www.europesays.com\/fr\/wp-json\/wp\/v2\/types\/post"}],"author":[{"embeddable":true,"href":"https:\/\/www.europesays.com\/fr\/wp-json\/wp\/v2\/users\/2"}],"replies":[{"embeddable":true,"href":"https:\/\/www.europesays.com\/fr\/wp-json\/wp\/v2\/comments?post=253803"}],"version-history":[{"count":0,"href":"https:\/\/www.europesays.com\/fr\/wp-json\/wp\/v2\/posts\/253803\/revisions"}],"wp:featuredmedia":[{"embeddable":true,"href":"https:\/\/www.europesays.com\/fr\/wp-json\/wp\/v2\/media\/253804"}],"wp:attachment":[{"href":"https:\/\/www.europesays.com\/fr\/wp-json\/wp\/v2\/media?parent=253803"}],"wp:term":[{"taxonomy":"category","embeddable":true,"href":"https:\/\/www.europesays.com\/fr\/wp-json\/wp\/v2\/categories?post=253803"},{"taxonomy":"post_tag","embeddable":true,"href":"https:\/\/www.europesays.com\/fr\/wp-json\/wp\/v2\/tags?post=253803"}],"curies":[{"name":"wp","href":"https:\/\/api.w.org\/{rel}","templated":true}]}}