{"id":253809,"date":"2025-07-17T11:41:12","date_gmt":"2025-07-17T11:41:12","guid":{"rendered":"https:\/\/www.europesays.com\/fr\/253809\/"},"modified":"2025-07-17T11:41:12","modified_gmt":"2025-07-17T11:41:12","slug":"avant-daffronter-lol-le-fcvb-sincline-face-a-nancy-en-amical","status":"publish","type":"post","link":"https:\/\/www.europesays.com\/fr\/253809\/","title":{"rendered":"Avant d\u2019affronter l\u2019OL, le FCVB s\u2019incline face \u00e0 Nancy en amical"},"content":{"rendered":"<p itemprop=\"description\"><strong>Si la confrontation pr\u00e9vue samedi au Groupama OL Training Center sera la premi\u00e8re pour l\u2019OL, le FCVB devrait avoir un peu plus de rythme.<\/strong><\/p>\n<p>Pour rappel, Lyonnais et Caladois vont s\u2019affronter en amical ce samedi \u00e0 10h30. Il s\u2019agira du premier test grandeur nature pour les hommes de <strong>Paulo Fonseca<\/strong>, mais pas pour les Tigres.<\/p>\n<p>Le FCVB, qui \u00e9voluera de nouveau en National la saison prochaine, affrontait mercredi l\u2019\u00e9quipe de Nancy. Les joueurs de Fabien Pujo se sont inclin\u00e9 3 buts \u00e0 1. \u00ab\u00a0Retour au travail\u00a0\u00bb, a r\u00e9agi le club dans la foul\u00e9e.<\/p>\n<p>Samedi dernier d\u00e9j\u00e0, les Caladois avaient affront\u00e9 Clermont et avaient perdu 2-1.<\/p>\n<blockquote class=\"twitter-tweet\"><p>&#13;<\/p>\n<p dir=\"ltr\" lang=\"fr\"><a href=\"https:\/\/twitter.com\/hashtag\/ASNLFCVB?src=hash&amp;ref_src=twsrc%5Etfw\" target=\"_blank\" rel=\"noopener\">#ASNLFCVB<\/a> [3-1]<\/p>\n<p>Nos tigres s\u2019inclinent pour cette deuxi\u00e8me sortie de l\u2019\u00e9t\u00e9 face \u00e0 une \u00e9quipe de Nancy en jambes. <\/p>\n<p>Merci \u00e0 tous d\u2019avoir suivi le live Twitch \ud83d\ude4f<\/p>\n<p>Retour au travail maintenant et rendez-vous ce samedi face \u00e0 l\u2019<a href=\"https:\/\/twitter.com\/OL?ref_src=twsrc%5Etfw\" target=\"_blank\" rel=\"noopener\">@OL<\/a> pour un match \u00e0 huis clos \ud83d\udc4a<a href=\"https:\/\/twitter.com\/hashtag\/Pr%C3%A9SaisonFCVB?src=hash&amp;ref_src=twsrc%5Etfw\" target=\"_blank\" rel=\"noopener\">#Pr\u00e9SaisonFCVB<\/a> <a href=\"https:\/\/t.co\/rp6ZBjPZGZ\">pic.twitter.com\/rp6ZBjPZGZ<\/a><\/p>\n<p>&#13;<br \/>\n\u2014 FC Villefranche Beaujolais (@FCVB_officiel) <a href=\"https:\/\/twitter.com\/FCVB_officiel\/status\/1945558879120625977?ref_src=twsrc%5Etfw\" target=\"_blank\" rel=\"noopener\">July 16, 2025<\/a><\/p><\/blockquote>\n<p>\t\t  <script async src=\"https:\/\/platform.twitter.com\/widgets.js\" charset=\"utf-8\"><\/script><\/p>\n","protected":false},"excerpt":{"rendered":"Si la confrontation pr\u00e9vue samedi au Groupama OL Training Center sera la premi\u00e8re pour l\u2019OL, le FCVB devrait&hellip;\n","protected":false},"author":2,"featured_media":253810,"comment_status":"","ping_status":"","sticky":false,"template":"","format":"standard","meta":{"footnotes":""},"categories":[9635],"tags":[1111,11,2813,1109,1112,1777,674,2257,1011,27,775,1922,1110,1114,2851,1702,12,241,25,517],"class_list":{"0":"post-253809","1":"post","2":"type-post","3":"status-publish","4":"format-standard","5":"has-post-thumbnail","7":"category-nancy","8":"tag-actu","9":"tag-actualites","10":"tag-article","11":"tag-breves","12":"tag-depeches","13":"tag-eu","14":"tag-europe","15":"tag-foot","16":"tag-fr","17":"tag-france","18":"tag-grand-est","19":"tag-info","20":"tag-informations","21":"tag-infos","22":"tag-lyonfoot","23":"tag-nancy","24":"tag-news","25":"tag-ol","26":"tag-republique-francaise","27":"tag-sport"},"share_on_mastodon":{"url":"https:\/\/pubeurope.com\/@fr\/114868393312150062","error":""},"_links":{"self":[{"href":"https:\/\/www.europesays.com\/fr\/wp-json\/wp\/v2\/posts\/253809","targetHints":{"allow":["GET"]}}],"collection":[{"href":"https:\/\/www.europesays.com\/fr\/wp-json\/wp\/v2\/posts"}],"about":[{"href":"https:\/\/www.europesays.com\/fr\/wp-json\/wp\/v2\/types\/post"}],"author":[{"embeddable":true,"href":"https:\/\/www.europesays.com\/fr\/wp-json\/wp\/v2\/users\/2"}],"replies":[{"embeddable":true,"href":"https:\/\/www.europesays.com\/fr\/wp-json\/wp\/v2\/comments?post=253809"}],"version-history":[{"count":0,"href":"https:\/\/www.europesays.com\/fr\/wp-json\/wp\/v2\/posts\/253809\/revisions"}],"wp:featuredmedia":[{"embeddable":true,"href":"https:\/\/www.europesays.com\/fr\/wp-json\/wp\/v2\/media\/253810"}],"wp:attachment":[{"href":"https:\/\/www.europesays.com\/fr\/wp-json\/wp\/v2\/media?parent=253809"}],"wp:term":[{"taxonomy":"category","embeddable":true,"href":"https:\/\/www.europesays.com\/fr\/wp-json\/wp\/v2\/categories?post=253809"},{"taxonomy":"post_tag","embeddable":true,"href":"https:\/\/www.europesays.com\/fr\/wp-json\/wp\/v2\/tags?post=253809"}],"curies":[{"name":"wp","href":"https:\/\/api.w.org\/{rel}","templated":true}]}}